{"id":58139,"date":"2023-10-16T09:24:00","date_gmt":"2023-10-16T12:24:00","guid":{"rendered":"https:\/\/blogopara.com.br\/?p=58139"},"modified":"2023-10-15T23:30:57","modified_gmt":"2023-10-16T02:30:57","slug":"caravana-de-atendimentos-beneficia-200-em-curaca","status":"publish","type":"post","link":"https:\/\/blogopara.com.br\/index.php\/2023\/10\/16\/caravana-de-atendimentos-beneficia-200-em-curaca","title":{"rendered":"CARAVANA DE ATENDIMENTOS BENEFICIA 200 EM CURA\u00c7\u00c1"},"content":{"rendered":"<p style=\"text-align: justify;\"><span style=\"font-size: revert; color: initial;\">Nesse fim de semana, o Pr\u00e9-candidato a Prefeito de Cura\u00e7\u00e1, Murilo Bomfim, esteve no Projeto Pedra Branca (Agrovila 1) juntamente com seu time visando promover a\u00e7\u00f5es de atendimento jur\u00eddico com o Advogado Artur Fran\u00e7a e em sa\u00fade com o Ex-Secret\u00e1rio Gilberto Lib\u00f3rio e a equipe de apoio: Igor, Wilsa, Josenice, Ra\u00edra e Paula. <\/span><\/p>\n<p style=\"text-align: justify;\"><span style=\"font-size: revert; color: initial;\">Em parceria com o Vereador Zequinha (e sua esposa Hilda), foram feitos 200 atendimentos em oftalmologia com exames e entrega de \u00f3culos totalmente gr\u00e1tis aos beneficiados que aprovaram e agradeceram a todos por esse trabalho, a exemplo de Milena Santos, da Aldeia Tumabalal\u00e1. &#8220;Agrade\u00e7o a Zequinha e Murilo por proporcionarem esse momento especial para a gente com exame e \u00f3culos gratuitos&#8221;. Luzia, da Tribo Tumbalal\u00e1 da Mata tamb\u00e9m fez boa avalia\u00e7\u00e3o desta a\u00e7\u00e3o: &#8220;Estamos agradecidas, todo o nosso povo, por dar esse trabalho t\u00e3o importante pra gente, que \u00e9 o \u00f3culos e o exame&#8221;.Dona Dudu, tamb\u00e9m da Comunidade, revelou que isso foi uma atividade in\u00e9dita: &#8220;N\u00f3s nunca vimos pessoas aqui fazendo exame de vista de gra\u00e7a. Somos muito gratas&#8221;, completou ela.<\/span><\/p>\n<p style=\"text-align: justify;\">Estiveram presentes, na ocasi\u00e3o, alguns correligion\u00e1rios\u00a0pol\u00edticos de Murilo como: o Presidente do PT, J\u00falio C\u00e9sar, os vereadores Jo\u00e3o Teles e Rodrigo do Curralinho; o ex-vereadores Ded\u00e9, Beto Ara\u00fajo, Ba\u00e9 e Anderson Varj\u00e3o e os\u00a0 pr\u00e9-candidatos a Vereador: Mauricelio, Givaldo e Ren\u00ea. &#8220;Esse \u00e9 nosso compromisso com a sa\u00fade de nosso povo. Nosso grupo h\u00e1 anos vem trabalhando no setor levando caravanas para as comunidades, trazendo ambul\u00e2ncias, m\u00e9dicos, dentistas, oftalmologistas, urologistas, sempre com apoio de Deus, do Governo do Estado, do povo e de parceiros de Cura\u00e7\u00e1 e regi\u00e3o, aos quais somos gratos. \u00c9 nossa luta e continuaremos assim&#8221;, garantiu Murilo.<\/p>\n<p style=\"text-align: justify;\">Ascom de Murilo Bomfim<\/p>\n","protected":false},"excerpt":{"rendered":"<p>Nesse fim de semana, o Pr\u00e9-candidato a Prefeito de Cura\u00e7\u00e1, Murilo Bomfim, esteve no Projeto Pedra Branca (Agrovila 1) juntamente com seu time visando promover a\u00e7\u00f5es de atendimento jur\u00eddico com o Advogado Artur Fran\u00e7a e em sa\u00fade com o Ex-Secret\u00e1rio Gilberto Lib\u00f3rio e a equipe de apoio: Igor, Wilsa, Josenice, Ra\u00edra e Paula. Em parceria [&hellip;]<\/p>\n","protected":false},"author":1,"featured_media":58140,"comment_status":"closed","ping_status":"open","sticky":false,"template":"","format":"standard","meta":{"_uag_custom_page_level_css":"","_monsterinsights_skip_tracking":false,"_monsterinsights_sitenote_active":false,"_monsterinsights_sitenote_note":"","_monsterinsights_sitenote_category":0,"jetpack_post_was_ever_published":false,"_jetpack_newsletter_access":"","_jetpack_dont_email_post_to_subs":false,"_jetpack_newsletter_tier_id":0,"_jetpack_memberships_contains_paywalled_content":false,"_jetpack_memberships_contains_paid_content":false,"footnotes":"","jetpack_publicize_message":"","jetpack_publicize_feature_enabled":true,"jetpack_social_post_already_shared":true,"jetpack_social_options":{"image_generator_settings":{"template":"highway","default_image_id":0,"font":"","enabled":false},"version":2}},"categories":[1503],"tags":[3888,10193],"class_list":["post-58139","post","type-post","status-publish","format-standard","has-post-thumbnail","hentry","category-curaca","tag-eleicoes-2024","tag-murilo-bomfim"],"jetpack_publicize_connections":[],"jetpack_featured_media_url":"https:\/\/blogopara.com.br\/wp-content\/uploads\/2023\/10\/IMG-20231015-WA0068.jpg","uagb_featured_image_src":{"full":["https:\/\/blogopara.com.br\/wp-content\/uploads\/2023\/10\/IMG-20231015-WA0068.jpg",500,500,false],"thumbnail":["https:\/\/blogopara.com.br\/wp-content\/uploads\/2023\/10\/IMG-20231015-WA0068-150x150.jpg",150,150,true],"medium":["https:\/\/blogopara.com.br\/wp-content\/uploads\/2023\/10\/IMG-20231015-WA0068-300x300.jpg",300,300,true],"medium_large":["https:\/\/blogopara.com.br\/wp-content\/uploads\/2023\/10\/IMG-20231015-WA0068.jpg",500,500,false],"large":["https:\/\/blogopara.com.br\/wp-content\/uploads\/2023\/10\/IMG-20231015-WA0068.jpg",500,500,false],"1536x1536":["https:\/\/blogopara.com.br\/wp-content\/uploads\/2023\/10\/IMG-20231015-WA0068.jpg",500,500,false],"2048x2048":["https:\/\/blogopara.com.br\/wp-content\/uploads\/2023\/10\/IMG-20231015-WA0068.jpg",500,500,false],"mantranews-slider-large":["https:\/\/blogopara.com.br\/wp-content\/uploads\/2023\/10\/IMG-20231015-WA0068.jpg",500,500,false],"mantranews-featured-medium":["https:\/\/blogopara.com.br\/wp-content\/uploads\/2023\/10\/IMG-20231015-WA0068-420x307.jpg",420,307,true],"mantranews-featured-long":["https:\/\/blogopara.com.br\/wp-content\/uploads\/2023\/10\/IMG-20231015-WA0068-300x443.jpg",300,443,true],"mantranews-block-medium":["https:\/\/blogopara.com.br\/wp-content\/uploads\/2023\/10\/IMG-20231015-WA0068-464x290.jpg",464,290,true],"mantranews-carousel-image":["https:\/\/blogopara.com.br\/wp-content\/uploads\/2023\/10\/IMG-20231015-WA0068.jpg",500,500,false],"mantranews-block-thumb":["https:\/\/blogopara.com.br\/wp-content\/uploads\/2023\/10\/IMG-20231015-WA0068-322x230.jpg",322,230,true],"mantranews-single-large":["https:\/\/blogopara.com.br\/wp-content\/uploads\/2023\/10\/IMG-20231015-WA0068.jpg",500,500,false]},"uagb_author_info":{"display_name":"Reda\u00e7\u00e3o geral","author_link":"https:\/\/blogopara.com.br\/index.php\/author\/blogopara"},"uagb_comment_info":0,"uagb_excerpt":"Nesse fim de semana, o Pr\u00e9-candidato a Prefeito de Cura\u00e7\u00e1, Murilo Bomfim, esteve no Projeto Pedra Branca (Agrovila 1) juntamente com seu time visando promover a\u00e7\u00f5es de atendimento jur\u00eddico com o Advogado Artur Fran\u00e7a e em sa\u00fade com o Ex-Secret\u00e1rio Gilberto Lib\u00f3rio e a equipe de apoio: Igor, Wilsa, Josenice, Ra\u00edra e Paula. Em parceria&hellip;","jetpack_sharing_enabled":true,"jetpack_likes_enabled":true,"_links":{"self":[{"href":"https:\/\/blogopara.com.br\/index.php\/wp-json\/wp\/v2\/posts\/58139","targetHints":{"allow":["GET"]}}],"collection":[{"href":"https:\/\/blogopara.com.br\/index.php\/wp-json\/wp\/v2\/posts"}],"about":[{"href":"https:\/\/blogopara.com.br\/index.php\/wp-json\/wp\/v2\/types\/post"}],"author":[{"embeddable":true,"href":"https:\/\/blogopara.com.br\/index.php\/wp-json\/wp\/v2\/users\/1"}],"replies":[{"embeddable":true,"href":"https:\/\/blogopara.com.br\/index.php\/wp-json\/wp\/v2\/comments?post=58139"}],"version-history":[{"count":1,"href":"https:\/\/blogopara.com.br\/index.php\/wp-json\/wp\/v2\/posts\/58139\/revisions"}],"predecessor-version":[{"id":58141,"href":"https:\/\/blogopara.com.br\/index.php\/wp-json\/wp\/v2\/posts\/58139\/revisions\/58141"}],"wp:featuredmedia":[{"embeddable":true,"href":"https:\/\/blogopara.com.br\/index.php\/wp-json\/wp\/v2\/media\/58140"}],"wp:attachment":[{"href":"https:\/\/blogopara.com.br\/index.php\/wp-json\/wp\/v2\/media?parent=58139"}],"wp:term":[{"taxonomy":"category","embeddable":true,"href":"https:\/\/blogopara.com.br\/index.php\/wp-json\/wp\/v2\/categories?post=58139"},{"taxonomy":"post_tag","embeddable":true,"href":"https:\/\/blogopara.com.br\/index.php\/wp-json\/wp\/v2\/tags?post=58139"}],"curies":[{"name":"wp","href":"https:\/\/api.w.org\/{rel}","templated":true}]}}