{"id":58176,"date":"2023-10-16T21:08:40","date_gmt":"2023-10-17T00:08:40","guid":{"rendered":"https:\/\/blogopara.com.br\/?p=58176"},"modified":"2023-10-16T21:08:42","modified_gmt":"2023-10-17T00:08:42","slug":"prefeitura-de-juazeiro-emite-nota-de-pesar-pelo-falecimento-de-jose-pereira-filho-o-popular-ze-go-vei","status":"publish","type":"post","link":"https:\/\/blogopara.com.br\/index.php\/2023\/10\/16\/prefeitura-de-juazeiro-emite-nota-de-pesar-pelo-falecimento-de-jose-pereira-filho-o-popular-ze-go-vei","title":{"rendered":"Prefeitura de Juazeiro emite nota de pesar pelo falecimento de Jos\u00e9 Pereira Filho, o popular Z\u00e9 G\u00f3 V\u00e9i"},"content":{"rendered":"<p class=\"x_MsoNormal\" style=\"text-align: justify;\">A Prefeitura de Juazeiro, atrav\u00e9s da Secretaria de Cultura, Turismo e Esporte (Seculte), lamenta o falecimento do presidente dos Congos Jos\u00e9 Pereira Filho, ocorrido hoje em Juazeiro. Z\u00e9 G\u00f3 V\u00e9i, como era conhecido carinhosamente, prezava pela manifesta\u00e7\u00e3o cultural religiosa de Juazeiro e conduzia h\u00e1 d\u00e9cadas o cortejo em homenagem \u00e0 Nossa Senhora do Ros\u00e1rio em Juazeiro.<\/p>\n<p class=\"x_MsoNormal\" style=\"text-align: justify;\">\u201cLamento profundamente mais esta grande perda na \u00e1rea da cultura em nossa cidade, s\u00f3 nos resta levar em frente o legado que seu Z\u00e9 G\u00f3 V\u00e9i nos deixou, e desejar os mais sinceros votos de pesar \u00e0 toda fam\u00edlia e amigos\u201d destacou a prefeita Suzana.<\/p>\n<p class=\"x_MsoNormal\" style=\"text-align: justify;\">\n","protected":false},"excerpt":{"rendered":"<p>A Prefeitura de Juazeiro, atrav\u00e9s da Secretaria de Cultura, Turismo e Esporte (Seculte), lamenta o falecimento do presidente dos Congos Jos\u00e9 Pereira Filho, ocorrido hoje em Juazeiro. Z\u00e9 G\u00f3 V\u00e9i, como era conhecido carinhosamente, prezava pela manifesta\u00e7\u00e3o cultural religiosa de Juazeiro e conduzia h\u00e1 d\u00e9cadas o cortejo em homenagem \u00e0 Nossa Senhora do Ros\u00e1rio em [&hellip;]<\/p>\n","protected":false},"author":1,"featured_media":58177,"comment_status":"closed","ping_status":"open","sticky":false,"template":"","format":"standard","meta":{"_uag_custom_page_level_css":"","_monsterinsights_skip_tracking":false,"_monsterinsights_sitenote_active":false,"_monsterinsights_sitenote_note":"","_monsterinsights_sitenote_category":0,"jetpack_post_was_ever_published":false,"_jetpack_newsletter_access":"","_jetpack_dont_email_post_to_subs":false,"_jetpack_newsletter_tier_id":0,"_jetpack_memberships_contains_paywalled_content":false,"_jetpack_memberships_contains_paid_content":false,"footnotes":"","jetpack_publicize_message":"","jetpack_publicize_feature_enabled":true,"jetpack_social_post_already_shared":true,"jetpack_social_options":{"image_generator_settings":{"template":"highway","default_image_id":0,"font":"","enabled":false},"version":2}},"categories":[203],"tags":[1043,134],"class_list":["post-58176","post","type-post","status-publish","format-standard","has-post-thumbnail","hentry","category-juazeiro","tag-congos","tag-cultura"],"jetpack_publicize_connections":[],"jetpack_featured_media_url":"https:\/\/blogopara.com.br\/wp-content\/uploads\/2023\/10\/WhatsApp-Image-2023-10-16-at-13.12.13.jpeg","uagb_featured_image_src":{"full":["https:\/\/blogopara.com.br\/wp-content\/uploads\/2023\/10\/WhatsApp-Image-2023-10-16-at-13.12.13.jpeg",500,500,false],"thumbnail":["https:\/\/blogopara.com.br\/wp-content\/uploads\/2023\/10\/WhatsApp-Image-2023-10-16-at-13.12.13-150x150.jpeg",150,150,true],"medium":["https:\/\/blogopara.com.br\/wp-content\/uploads\/2023\/10\/WhatsApp-Image-2023-10-16-at-13.12.13-300x300.jpeg",300,300,true],"medium_large":["https:\/\/blogopara.com.br\/wp-content\/uploads\/2023\/10\/WhatsApp-Image-2023-10-16-at-13.12.13.jpeg",500,500,false],"large":["https:\/\/blogopara.com.br\/wp-content\/uploads\/2023\/10\/WhatsApp-Image-2023-10-16-at-13.12.13.jpeg",500,500,false],"1536x1536":["https:\/\/blogopara.com.br\/wp-content\/uploads\/2023\/10\/WhatsApp-Image-2023-10-16-at-13.12.13.jpeg",500,500,false],"2048x2048":["https:\/\/blogopara.com.br\/wp-content\/uploads\/2023\/10\/WhatsApp-Image-2023-10-16-at-13.12.13.jpeg",500,500,false],"mantranews-slider-large":["https:\/\/blogopara.com.br\/wp-content\/uploads\/2023\/10\/WhatsApp-Image-2023-10-16-at-13.12.13.jpeg",500,500,false],"mantranews-featured-medium":["https:\/\/blogopara.com.br\/wp-content\/uploads\/2023\/10\/WhatsApp-Image-2023-10-16-at-13.12.13-420x307.jpeg",420,307,true],"mantranews-featured-long":["https:\/\/blogopara.com.br\/wp-content\/uploads\/2023\/10\/WhatsApp-Image-2023-10-16-at-13.12.13-300x443.jpeg",300,443,true],"mantranews-block-medium":["https:\/\/blogopara.com.br\/wp-content\/uploads\/2023\/10\/WhatsApp-Image-2023-10-16-at-13.12.13-464x290.jpeg",464,290,true],"mantranews-carousel-image":["https:\/\/blogopara.com.br\/wp-content\/uploads\/2023\/10\/WhatsApp-Image-2023-10-16-at-13.12.13.jpeg",500,500,false],"mantranews-block-thumb":["https:\/\/blogopara.com.br\/wp-content\/uploads\/2023\/10\/WhatsApp-Image-2023-10-16-at-13.12.13-322x230.jpeg",322,230,true],"mantranews-single-large":["https:\/\/blogopara.com.br\/wp-content\/uploads\/2023\/10\/WhatsApp-Image-2023-10-16-at-13.12.13.jpeg",500,500,false]},"uagb_author_info":{"display_name":"Reda\u00e7\u00e3o geral","author_link":"https:\/\/blogopara.com.br\/index.php\/author\/blogopara"},"uagb_comment_info":0,"uagb_excerpt":"A Prefeitura de Juazeiro, atrav\u00e9s da Secretaria de Cultura, Turismo e Esporte (Seculte), lamenta o falecimento do presidente dos Congos Jos\u00e9 Pereira Filho, ocorrido hoje em Juazeiro. Z\u00e9 G\u00f3 V\u00e9i, como era conhecido carinhosamente, prezava pela manifesta\u00e7\u00e3o cultural religiosa de Juazeiro e conduzia h\u00e1 d\u00e9cadas o cortejo em homenagem \u00e0 Nossa Senhora do Ros\u00e1rio em&hellip;","jetpack_sharing_enabled":true,"jetpack_likes_enabled":true,"_links":{"self":[{"href":"https:\/\/blogopara.com.br\/index.php\/wp-json\/wp\/v2\/posts\/58176","targetHints":{"allow":["GET"]}}],"collection":[{"href":"https:\/\/blogopara.com.br\/index.php\/wp-json\/wp\/v2\/posts"}],"about":[{"href":"https:\/\/blogopara.com.br\/index.php\/wp-json\/wp\/v2\/types\/post"}],"author":[{"embeddable":true,"href":"https:\/\/blogopara.com.br\/index.php\/wp-json\/wp\/v2\/users\/1"}],"replies":[{"embeddable":true,"href":"https:\/\/blogopara.com.br\/index.php\/wp-json\/wp\/v2\/comments?post=58176"}],"version-history":[{"count":1,"href":"https:\/\/blogopara.com.br\/index.php\/wp-json\/wp\/v2\/posts\/58176\/revisions"}],"predecessor-version":[{"id":58178,"href":"https:\/\/blogopara.com.br\/index.php\/wp-json\/wp\/v2\/posts\/58176\/revisions\/58178"}],"wp:featuredmedia":[{"embeddable":true,"href":"https:\/\/blogopara.com.br\/index.php\/wp-json\/wp\/v2\/media\/58177"}],"wp:attachment":[{"href":"https:\/\/blogopara.com.br\/index.php\/wp-json\/wp\/v2\/media?parent=58176"}],"wp:term":[{"taxonomy":"category","embeddable":true,"href":"https:\/\/blogopara.com.br\/index.php\/wp-json\/wp\/v2\/categories?post=58176"},{"taxonomy":"post_tag","embeddable":true,"href":"https:\/\/blogopara.com.br\/index.php\/wp-json\/wp\/v2\/tags?post=58176"}],"curies":[{"name":"wp","href":"https:\/\/api.w.org\/{rel}","templated":true}]}}