{"id":58196,"date":"2023-10-18T07:31:00","date_gmt":"2023-10-18T10:31:00","guid":{"rendered":"https:\/\/blogopara.com.br\/?p=58196"},"modified":"2023-10-17T12:32:45","modified_gmt":"2023-10-17T15:32:45","slug":"professores-participam-de-mais-uma-formacao-promovida-pela-prefeitura-de-juazeiro","status":"publish","type":"post","link":"https:\/\/blogopara.com.br\/index.php\/2023\/10\/18\/professores-participam-de-mais-uma-formacao-promovida-pela-prefeitura-de-juazeiro","title":{"rendered":"Professores participam de mais uma forma\u00e7\u00e3o promovida pela Prefeitura de Juazeiro"},"content":{"rendered":"<p class=\"x_MsoNormal\" style=\"text-align: justify;\">A Prefeitura de Juazeiro, atrav\u00e9s da Secretaria de Educa\u00e7\u00e3o e Juventude (Seduc), est\u00e1 realizando mais um ciclo de forma\u00e7\u00e3o continuada para os professores da rede municipal de ensino, na Escola de Forma\u00e7\u00e3o Continuada de Educadores Parlim (Efep). Os encontros, que seguem at\u00e9 sexta-feira (20), visam dar suporte aos educadores para a utiliza\u00e7\u00e3o do material pedag\u00f3gico destinado \u00e0s turmas de 1\u00ba ano do Ensino Fundamental e refor\u00e7ar a prepara\u00e7\u00e3o dos professores do 9\u00ba ano, com foco no Sistema de Avalia\u00e7\u00e3o da Educa\u00e7\u00e3o B\u00e1sica (Saeb).<\/p>\n<p class=\"x_MsoNormal\" style=\"text-align: justify;\">Segundo o formador e representante da Aprender Editora no munic\u00edpio, Valdemir Silva, o foco da forma\u00e7\u00e3o \u00e9 a produ\u00e7\u00e3o textual como mecanismo para o professor ter acesso \u00e0s produ\u00e7\u00f5es dos alunos. \u201cN\u00f3s trouxemos essa forma\u00e7\u00e3o para que o professor consiga identificar o n\u00edvel de produ\u00e7\u00e3o textual dos alunos e apresentamos propostas de interven\u00e7\u00f5es para que as habilidades nas quais os estudantes encontram dificuldades sejam, de fato, recuperadas\u201d.<\/p>\n<p class=\"x_MsoNormal\" style=\"text-align: justify;\">A professora do 1\u00ba e 2\u00ba ano na Escola Municipal Paulo Freire, Ligia Tatiana da Silva, ressaltou a contribui\u00e7\u00e3o da forma\u00e7\u00e3o para o trabalho em sala de aula. \u201cAs forma\u00e7\u00f5es t\u00eam contribu\u00eddo bastante para as nossas pr\u00e1ticas em sala de aula, na aprendizagem das crian\u00e7as. Estou levando muitas sugest\u00f5es de aulas l\u00fadicas, o momento que as crian\u00e7as mais gostam\u201d, afirmou.<\/p>\n<p class=\"x_MsoNormal\" style=\"text-align: justify;\"><b>Saeb<\/b><\/p>\n<p class=\"x_MsoNormal\" style=\"text-align: justify;\">A forma\u00e7\u00e3o destinada aos professores do 9\u00ba ano do Ensino Fundamental teve como objetivo refor\u00e7ar a prepara\u00e7\u00e3o dos educadores para a prova que avalia a qualidade da educa\u00e7\u00e3o e determina o \u00cdndice de Desenvolvimento da Educa\u00e7\u00e3o B\u00e1sica (Ideb) no Brasil. \u201cEstamos finalizando o circuito de aprendizagem do conectar Saeb, com uma abordagem geral de tudo o que j\u00e1 foi trabalhado ao longo das forma\u00e7\u00f5es durante todo o ano. Trouxemos experi\u00eancias exitosas e tamb\u00e9m proposi\u00e7\u00f5es desafiadoras, para que os professores continuem o seu trabalho em sala de aula\u201d, relatou a formadora de l\u00edngua portuguesa, Lucimar Oliveira.<\/p>\n<p class=\"x_MsoNormal\" style=\"text-align: justify;\">A professora Maria da Concei\u00e7\u00e3o Nogueira, da Escola Municipal 15 de Julho, falou sobre o suporte oferecido pela forma\u00e7\u00e3o. \u201cD\u00e1 ideias de como voc\u00ea trabalhar tamb\u00e9m os conte\u00fados que ser\u00e3o abordados na prova com os alunos, as din\u00e2micas, as aulas l\u00fadicas. \u00c9 muito proveitoso para quem est\u00e1 em sala de aula\u201d, disse a educadora.<\/p>\n<p class=\"x_MsoNormal\" style=\"text-align: justify;\" aria-hidden=\"true\">\n","protected":false},"excerpt":{"rendered":"<p>A Prefeitura de Juazeiro, atrav\u00e9s da Secretaria de Educa\u00e7\u00e3o e Juventude (Seduc), est\u00e1 realizando mais um ciclo de forma\u00e7\u00e3o continuada para os professores da rede municipal de ensino, na Escola de Forma\u00e7\u00e3o Continuada de Educadores Parlim (Efep). Os encontros, que seguem at\u00e9 sexta-feira (20), visam dar suporte aos educadores para a utiliza\u00e7\u00e3o do material pedag\u00f3gico [&hellip;]<\/p>\n","protected":false},"author":1,"featured_media":58197,"comment_status":"closed","ping_status":"open","sticky":false,"template":"","format":"standard","meta":{"_uag_custom_page_level_css":"","_monsterinsights_skip_tracking":false,"_monsterinsights_sitenote_active":false,"_monsterinsights_sitenote_note":"","_monsterinsights_sitenote_category":0,"jetpack_post_was_ever_published":false,"_jetpack_newsletter_access":"","_jetpack_dont_email_post_to_subs":false,"_jetpack_newsletter_tier_id":0,"_jetpack_memberships_contains_paywalled_content":false,"_jetpack_memberships_contains_paid_content":false,"footnotes":"","jetpack_publicize_message":"","jetpack_publicize_feature_enabled":true,"jetpack_social_post_already_shared":true,"jetpack_social_options":{"image_generator_settings":{"template":"highway","default_image_id":0,"font":"","enabled":false},"version":2}},"categories":[203],"tags":[2757,3471],"class_list":["post-58196","post","type-post","status-publish","format-standard","has-post-thumbnail","hentry","category-juazeiro","tag-educacao","tag-valorizacao"],"jetpack_publicize_connections":[],"jetpack_featured_media_url":"https:\/\/blogopara.com.br\/wp-content\/uploads\/2023\/10\/thumbnail_53265529649_fe3838fddd_c.jpg","uagb_featured_image_src":{"full":["https:\/\/blogopara.com.br\/wp-content\/uploads\/2023\/10\/thumbnail_53265529649_fe3838fddd_c.jpg",500,333,false],"thumbnail":["https:\/\/blogopara.com.br\/wp-content\/uploads\/2023\/10\/thumbnail_53265529649_fe3838fddd_c-150x150.jpg",150,150,true],"medium":["https:\/\/blogopara.com.br\/wp-content\/uploads\/2023\/10\/thumbnail_53265529649_fe3838fddd_c-300x200.jpg",300,200,true],"medium_large":["https:\/\/blogopara.com.br\/wp-content\/uploads\/2023\/10\/thumbnail_53265529649_fe3838fddd_c.jpg",500,333,false],"large":["https:\/\/blogopara.com.br\/wp-content\/uploads\/2023\/10\/thumbnail_53265529649_fe3838fddd_c.jpg",500,333,false],"1536x1536":["https:\/\/blogopara.com.br\/wp-content\/uploads\/2023\/10\/thumbnail_53265529649_fe3838fddd_c.jpg",500,333,false],"2048x2048":["https:\/\/blogopara.com.br\/wp-content\/uploads\/2023\/10\/thumbnail_53265529649_fe3838fddd_c.jpg",500,333,false],"mantranews-slider-large":["https:\/\/blogopara.com.br\/wp-content\/uploads\/2023\/10\/thumbnail_53265529649_fe3838fddd_c.jpg",500,333,false],"mantranews-featured-medium":["https:\/\/blogopara.com.br\/wp-content\/uploads\/2023\/10\/thumbnail_53265529649_fe3838fddd_c-420x307.jpg",420,307,true],"mantranews-featured-long":["https:\/\/blogopara.com.br\/wp-content\/uploads\/2023\/10\/thumbnail_53265529649_fe3838fddd_c-300x333.jpg",300,333,true],"mantranews-block-medium":["https:\/\/blogopara.com.br\/wp-content\/uploads\/2023\/10\/thumbnail_53265529649_fe3838fddd_c-464x290.jpg",464,290,true],"mantranews-carousel-image":["https:\/\/blogopara.com.br\/wp-content\/uploads\/2023\/10\/thumbnail_53265529649_fe3838fddd_c.jpg",500,333,false],"mantranews-block-thumb":["https:\/\/blogopara.com.br\/wp-content\/uploads\/2023\/10\/thumbnail_53265529649_fe3838fddd_c-322x230.jpg",322,230,true],"mantranews-single-large":["https:\/\/blogopara.com.br\/wp-content\/uploads\/2023\/10\/thumbnail_53265529649_fe3838fddd_c.jpg",500,333,false]},"uagb_author_info":{"display_name":"Reda\u00e7\u00e3o geral","author_link":"https:\/\/blogopara.com.br\/index.php\/author\/blogopara"},"uagb_comment_info":0,"uagb_excerpt":"A Prefeitura de Juazeiro, atrav\u00e9s da Secretaria de Educa\u00e7\u00e3o e Juventude (Seduc), est\u00e1 realizando mais um ciclo de forma\u00e7\u00e3o continuada para os professores da rede municipal de ensino, na Escola de Forma\u00e7\u00e3o Continuada de Educadores Parlim (Efep). Os encontros, que seguem at\u00e9 sexta-feira (20), visam dar suporte aos educadores para a utiliza\u00e7\u00e3o do material pedag\u00f3gico&hellip;","jetpack_sharing_enabled":true,"jetpack_likes_enabled":true,"_links":{"self":[{"href":"https:\/\/blogopara.com.br\/index.php\/wp-json\/wp\/v2\/posts\/58196","targetHints":{"allow":["GET"]}}],"collection":[{"href":"https:\/\/blogopara.com.br\/index.php\/wp-json\/wp\/v2\/posts"}],"about":[{"href":"https:\/\/blogopara.com.br\/index.php\/wp-json\/wp\/v2\/types\/post"}],"author":[{"embeddable":true,"href":"https:\/\/blogopara.com.br\/index.php\/wp-json\/wp\/v2\/users\/1"}],"replies":[{"embeddable":true,"href":"https:\/\/blogopara.com.br\/index.php\/wp-json\/wp\/v2\/comments?post=58196"}],"version-history":[{"count":1,"href":"https:\/\/blogopara.com.br\/index.php\/wp-json\/wp\/v2\/posts\/58196\/revisions"}],"predecessor-version":[{"id":58198,"href":"https:\/\/blogopara.com.br\/index.php\/wp-json\/wp\/v2\/posts\/58196\/revisions\/58198"}],"wp:featuredmedia":[{"embeddable":true,"href":"https:\/\/blogopara.com.br\/index.php\/wp-json\/wp\/v2\/media\/58197"}],"wp:attachment":[{"href":"https:\/\/blogopara.com.br\/index.php\/wp-json\/wp\/v2\/media?parent=58196"}],"wp:term":[{"taxonomy":"category","embeddable":true,"href":"https:\/\/blogopara.com.br\/index.php\/wp-json\/wp\/v2\/categories?post=58196"},{"taxonomy":"post_tag","embeddable":true,"href":"https:\/\/blogopara.com.br\/index.php\/wp-json\/wp\/v2\/tags?post=58196"}],"curies":[{"name":"wp","href":"https:\/\/api.w.org\/{rel}","templated":true}]}}