{"id":58302,"date":"2023-10-20T11:04:00","date_gmt":"2023-10-20T14:04:00","guid":{"rendered":"https:\/\/blogopara.com.br\/?p=58302"},"modified":"2023-10-19T17:16:50","modified_gmt":"2023-10-19T20:16:50","slug":"policiais-federais-cobram-aumento-salarial-criticam-governo-e-planejam-paralisacao","status":"publish","type":"post","link":"https:\/\/blogopara.com.br\/index.php\/2023\/10\/20\/policiais-federais-cobram-aumento-salarial-criticam-governo-e-planejam-paralisacao","title":{"rendered":"Policiais federais cobram aumento salarial, criticam governo e planejam paralisa\u00e7\u00e3o"},"content":{"rendered":"<p style=\"text-align: justify;\">Entidades de classe que representam policiais federais divulgaram uma carta em que criticam o governo Lula (PT) ap\u00f3s o cancelamento de uma reuni\u00e3o para tratar do reajuste salarial da categoria. O encontro estava previsto para ter\u00e7a-feira (17).<\/p>\n<p style=\"text-align: justify;\">Segundo o secret\u00e1rio de Rela\u00e7\u00f5es do Trabalho do Minist\u00e9rio da Gest\u00e3o, Jos\u00e9 Lopez Feij\u00f3, a reuni\u00e3o foi cancelada sob a justificativa de ainda n\u00e3o haver solu\u00e7\u00e3o or\u00e7ament\u00e1ria para que a reestrutura\u00e7\u00e3o seja implementada.<\/p>\n<p style=\"text-align: justify;\">No documento divulgado pela categoria, os representantes dos policiais federais manifestaram indigna\u00e7\u00e3o com o que chamam de \u201cpostura morosa\u201d do governo federal.<\/p>\n<p style=\"text-align: justify;\">Diante do impasse, as entidades manter\u00e3o um calend\u00e1rio de mobiliza\u00e7\u00f5es previamente acordadas. No dia 16 de novembro, por exemplo, a categoria far\u00e1 um ato em frente ao Minist\u00e9rio da Justi\u00e7a e Seguran\u00e7a P\u00fablica (MJSP), em Bras\u00edlia (DF), e nas unidades da PF. Est\u00e1 prevista ainda uma paralisa\u00e7\u00e3o das atividades dos servidores.<\/p>\n<p style=\"text-align: justify;\">\u201cA decis\u00e3o conjunta se justifica pela letargia do governo federal. Cabe ressaltar que as negocia\u00e7\u00f5es de reestrutura\u00e7\u00e3o j\u00e1 est\u00e3o em andamento h\u00e1 meses no Minist\u00e9rio da Gest\u00e3o e da Inova\u00e7\u00e3o em Servi\u00e7os P\u00fablicos (MGI), conforme of\u00edcio encaminhado pelo Minist\u00e9rio da Justi\u00e7a e Seguran\u00e7a P\u00fablica em 15.06. Mesmo com toda essa tramita\u00e7\u00e3o, o governo federal reincide em postergar uma resposta efetiva \u00e0 quest\u00e3o\u201d, diz trecho da carta.<\/p>\n<p style=\"text-align: justify;\"><strong>Carreira desvalorizada<\/strong><\/p>\n<p style=\"text-align: justify;\">De acordo com os representantes, a proposta de reajuste salarial \u00e9 uma das principais urg\u00eancias da categoria, visto que os \u201cpoliciais federais, nos \u00faltimos anos, foram afetados de maneira desproporcional por reformas, descaso, desvaloriza\u00e7\u00e3o, al\u00e9m de terem sido preteridos em rela\u00e7\u00e3o a outras carreiras t\u00edpicas de Estado\u201d.<\/p>\n<p style=\"text-align: justify;\">\u201cO governo Federal tem dito que a seguran\u00e7a p\u00fablica \u00e9 prioridade, entretanto na pr\u00e1tica temos car\u00eancia de equipamentos de prote\u00e7\u00e3o, de efetivo para integrar as FICCOs, for\u00e7as integradas fundamentais no combate \u00e0 viol\u00eancia. Al\u00e9m disso, servidores que colocam a sua integridade f\u00edsica em risco diariamente precisam estar motivados e valorizados\u201d, apontam. Lan\u00e7adas no m\u00eas passado, as FICCOs t\u00eam sido usadas pelo ministro Fl\u00e1vio Dino (Justi\u00e7a e Seguran\u00e7a P\u00fablica) como resposta do governo para combater o aumento da criminalidade em estados como a Bahia e Rio de Janeiro.<\/p>\n<p style=\"text-align: justify;\">\u201cA Pol\u00edcia Federal tem prestado relevantes servi\u00e7os \u00e0 sociedade brasileira, sempre comprometida com a melhoria da seguran\u00e7a p\u00fablica e com a defesa do Estado Democr\u00e1tico de Direito. \u00c9 indispens\u00e1vel que a dedica\u00e7\u00e3o e comprometimento profissional desses servidores sejam reconhecidos com uma reestrutura\u00e7\u00e3o salarial condizente aos seus esfor\u00e7os e atribui\u00e7\u00f5es. As entidades de classe da Pol\u00edcia Federal se manter\u00e3o unidas e prontas a defender a valoriza\u00e7\u00e3o dos servidores da Pol\u00edcia Federal\u201d, conclui a carta.<\/p>\n","protected":false},"excerpt":{"rendered":"<p>Entidades de classe que representam policiais federais divulgaram uma carta em que criticam o governo Lula (PT) ap\u00f3s o cancelamento de uma reuni\u00e3o para tratar do reajuste salarial da categoria. O encontro estava previsto para ter\u00e7a-feira (17). Segundo o secret\u00e1rio de Rela\u00e7\u00f5es do Trabalho do Minist\u00e9rio da Gest\u00e3o, Jos\u00e9 Lopez Feij\u00f3, a reuni\u00e3o foi cancelada [&hellip;]<\/p>\n","protected":false},"author":1,"featured_media":51066,"comment_status":"closed","ping_status":"open","sticky":false,"template":"","format":"standard","meta":{"_uag_custom_page_level_css":"","_monsterinsights_skip_tracking":false,"_monsterinsights_sitenote_active":false,"_monsterinsights_sitenote_note":"","_monsterinsights_sitenote_category":0,"jetpack_post_was_ever_published":false,"_jetpack_newsletter_access":"","_jetpack_dont_email_post_to_subs":false,"_jetpack_newsletter_tier_id":0,"_jetpack_memberships_contains_paywalled_content":false,"_jetpack_memberships_contains_paid_content":false,"footnotes":"","jetpack_publicize_message":"","jetpack_publicize_feature_enabled":true,"jetpack_social_post_already_shared":true,"jetpack_social_options":{"image_generator_settings":{"template":"highway","default_image_id":0,"font":"","enabled":false},"version":2}},"categories":[200],"tags":[247,26,554,524],"class_list":["post-58302","post","type-post","status-publish","format-standard","has-post-thumbnail","hentry","category-brasil","tag-direitos","tag-greve","tag-lula","tag-manifestacao"],"jetpack_publicize_connections":[],"jetpack_featured_media_url":"https:\/\/blogopara.com.br\/wp-content\/uploads\/2023\/03\/viatura-da-policia-federal-1656416857610_v2_900x506.jpg","uagb_featured_image_src":{"full":["https:\/\/blogopara.com.br\/wp-content\/uploads\/2023\/03\/viatura-da-policia-federal-1656416857610_v2_900x506.jpg",500,281,false],"thumbnail":["https:\/\/blogopara.com.br\/wp-content\/uploads\/2023\/03\/viatura-da-policia-federal-1656416857610_v2_900x506-150x150.jpg",150,150,true],"medium":["https:\/\/blogopara.com.br\/wp-content\/uploads\/2023\/03\/viatura-da-policia-federal-1656416857610_v2_900x506-300x169.jpg",300,169,true],"medium_large":["https:\/\/blogopara.com.br\/wp-content\/uploads\/2023\/03\/viatura-da-policia-federal-1656416857610_v2_900x506.jpg",500,281,false],"large":["https:\/\/blogopara.com.br\/wp-content\/uploads\/2023\/03\/viatura-da-policia-federal-1656416857610_v2_900x506.jpg",500,281,false],"1536x1536":["https:\/\/blogopara.com.br\/wp-content\/uploads\/2023\/03\/viatura-da-policia-federal-1656416857610_v2_900x506.jpg",500,281,false],"2048x2048":["https:\/\/blogopara.com.br\/wp-content\/uploads\/2023\/03\/viatura-da-policia-federal-1656416857610_v2_900x506.jpg",500,281,false],"mantranews-slider-large":["https:\/\/blogopara.com.br\/wp-content\/uploads\/2023\/03\/viatura-da-policia-federal-1656416857610_v2_900x506.jpg",500,281,false],"mantranews-featured-medium":["https:\/\/blogopara.com.br\/wp-content\/uploads\/2023\/03\/viatura-da-policia-federal-1656416857610_v2_900x506-420x281.jpg",420,281,true],"mantranews-featured-long":["https:\/\/blogopara.com.br\/wp-content\/uploads\/2023\/03\/viatura-da-policia-federal-1656416857610_v2_900x506-300x281.jpg",300,281,true],"mantranews-block-medium":["https:\/\/blogopara.com.br\/wp-content\/uploads\/2023\/03\/viatura-da-policia-federal-1656416857610_v2_900x506-464x281.jpg",464,281,true],"mantranews-carousel-image":["https:\/\/blogopara.com.br\/wp-content\/uploads\/2023\/03\/viatura-da-policia-federal-1656416857610_v2_900x506.jpg",500,281,false],"mantranews-block-thumb":["https:\/\/blogopara.com.br\/wp-content\/uploads\/2023\/03\/viatura-da-policia-federal-1656416857610_v2_900x506-322x230.jpg",322,230,true],"mantranews-single-large":["https:\/\/blogopara.com.br\/wp-content\/uploads\/2023\/03\/viatura-da-policia-federal-1656416857610_v2_900x506.jpg",500,281,false]},"uagb_author_info":{"display_name":"Reda\u00e7\u00e3o geral","author_link":"https:\/\/blogopara.com.br\/index.php\/author\/blogopara"},"uagb_comment_info":0,"uagb_excerpt":"Entidades de classe que representam policiais federais divulgaram uma carta em que criticam o governo Lula (PT) ap\u00f3s o cancelamento de uma reuni\u00e3o para tratar do reajuste salarial da categoria. O encontro estava previsto para ter\u00e7a-feira (17). Segundo o secret\u00e1rio de Rela\u00e7\u00f5es do Trabalho do Minist\u00e9rio da Gest\u00e3o, Jos\u00e9 Lopez Feij\u00f3, a reuni\u00e3o foi cancelada&hellip;","jetpack_sharing_enabled":true,"jetpack_likes_enabled":true,"_links":{"self":[{"href":"https:\/\/blogopara.com.br\/index.php\/wp-json\/wp\/v2\/posts\/58302","targetHints":{"allow":["GET"]}}],"collection":[{"href":"https:\/\/blogopara.com.br\/index.php\/wp-json\/wp\/v2\/posts"}],"about":[{"href":"https:\/\/blogopara.com.br\/index.php\/wp-json\/wp\/v2\/types\/post"}],"author":[{"embeddable":true,"href":"https:\/\/blogopara.com.br\/index.php\/wp-json\/wp\/v2\/users\/1"}],"replies":[{"embeddable":true,"href":"https:\/\/blogopara.com.br\/index.php\/wp-json\/wp\/v2\/comments?post=58302"}],"version-history":[{"count":1,"href":"https:\/\/blogopara.com.br\/index.php\/wp-json\/wp\/v2\/posts\/58302\/revisions"}],"predecessor-version":[{"id":58303,"href":"https:\/\/blogopara.com.br\/index.php\/wp-json\/wp\/v2\/posts\/58302\/revisions\/58303"}],"wp:featuredmedia":[{"embeddable":true,"href":"https:\/\/blogopara.com.br\/index.php\/wp-json\/wp\/v2\/media\/51066"}],"wp:attachment":[{"href":"https:\/\/blogopara.com.br\/index.php\/wp-json\/wp\/v2\/media?parent=58302"}],"wp:term":[{"taxonomy":"category","embeddable":true,"href":"https:\/\/blogopara.com.br\/index.php\/wp-json\/wp\/v2\/categories?post=58302"},{"taxonomy":"post_tag","embeddable":true,"href":"https:\/\/blogopara.com.br\/index.php\/wp-json\/wp\/v2\/tags?post=58302"}],"curies":[{"name":"wp","href":"https:\/\/api.w.org\/{rel}","templated":true}]}}