{"id":5831,"date":"2019-12-21T08:06:13","date_gmt":"2019-12-21T11:06:13","guid":{"rendered":"http:\/\/blogopara.com.br\/?p=5831"},"modified":"2019-12-21T08:06:19","modified_gmt":"2019-12-21T11:06:19","slug":"exercito-cerca-prisao-para-evitar-possivel-fuga-de-marcola","status":"publish","type":"post","link":"https:\/\/blogopara.com.br\/index.php\/2019\/12\/21\/exercito-cerca-prisao-para-evitar-possivel-fuga-de-marcola","title":{"rendered":"Ex\u00e9rcito cerca pris\u00e3o para evitar poss\u00edvel fuga de Marcola"},"content":{"rendered":"<p style=\"text-align: justify;\">O plano para resgatar Marcola teria sido planejado por Gilberto Aparecido dos Santos, conhecido como Fuminho ou Magrelo, apontado como uma das principais lideran\u00e7as do PCC. A informa\u00e7\u00e3o foi divulgada pelo site de not\u00edcias Metr\u00f3poles e confirmada pelo\u00a0<strong>Estado<\/strong>. Fuminho \u00e9 considerado um dos maiores traficantes do Brasil e apontado como &#8220;s\u00f3cio&#8221; de Marcola nas opera\u00e7\u00f5es no Pa\u00eds. Segundo informa\u00e7\u00f5es de setores da intelig\u00eancia, ele est\u00e1 na Bol\u00edvia, de onde controla a opera\u00e7\u00e3o de envio da droga para a Europa.<\/p>\n<p class=\"text\" style=\"text-align: justify;\">Em fevereiro, uma megaopera\u00e7\u00e3o foi feita nos pres\u00eddios de S\u00e3o Paulo para isolar 22 lideran\u00e7as do PCC. Marcola, que estava na Penitenci\u00e1ria II de Presidente Venceslau, no interior paulista, foi transferido primeiro para Porto Velho. Em mar\u00e7o, menos de um m\u00eas ap\u00f3s sair da unidade paulista, o criminoso foi trazido para a Penitenci\u00e1ria Federal de Bras\u00edlia. Outros tr\u00eas integrantes do PCC vieram no mesmo dia: Cl\u00e1udio Barbar\u00e1 da Silva, Patrik Wellinton Salom\u00e3o, e Pedro Luiz da Silva Moraes, o Chacal.<\/p>\n<p class=\"text\" style=\"text-align: justify;\">Oficialmente, o Minist\u00e9rio da Justi\u00e7a e o Departamento Penitenci\u00e1rio Nacional (Depen) n\u00e3o confirmam o plano de fuga. Em nota, a assessoria da pasta afirma que est\u00e1 apenas sendo realizado no local \u00e9 &#8220;uma obra j\u00e1 prevista anteriormente para refor\u00e7ar a seguran\u00e7a da Penitenci\u00e1ria Federal em Bras\u00edlia&#8221;.<\/p>\n<p class=\"text\" style=\"text-align: justify;\">&#8220;A pedido do Minist\u00e9rio da Justi\u00e7a e Seguran\u00e7a P\u00fablica e do Departamento Penitenci\u00e1rio Nacional (Depen), com o aval do Minist\u00e9rio da Defesa, a Engenharia do Ex\u00e9rcito Brasileiro est\u00e1 realizando obras de fortifica\u00e7\u00e3o das estruturas da Penitenci\u00e1ria Federal em Bras\u00edlia. Tropas do Comando Militar do Planalto est\u00e3o na Penitenci\u00e1ria Federal em Bras\u00edlia realizando trabalhos t\u00e9cnicos de Engenharia apoiados por tropas de seguran\u00e7a&#8221;.<\/p>\n<p class=\"text\" style=\"text-align: justify;\">Al\u00e9m de homens do Ex\u00e9rcito, a For\u00e7a Nacional de Seguran\u00e7a P\u00fablica est\u00e1 atuando no local em a\u00e7\u00f5es de policiamento de guarda e vigil\u00e2ncia no per\u00edmetro da regi\u00e3o.<\/p>\n<pre>Fonte: Terra<\/pre>\n","protected":false},"excerpt":{"rendered":"<p>O plano para resgatar Marcola teria sido planejado por Gilberto Aparecido dos Santos, conhecido como Fuminho ou Magrelo<\/p>\n","protected":false},"author":1,"featured_media":5832,"comment_status":"open","ping_status":"open","sticky":false,"template":"","format":"standard","meta":{"_uag_custom_page_level_css":"","_monsterinsights_skip_tracking":false,"_monsterinsights_sitenote_active":false,"_monsterinsights_sitenote_note":"","_monsterinsights_sitenote_category":0,"jetpack_post_was_ever_published":false,"_jetpack_newsletter_access":"","_jetpack_dont_email_post_to_subs":false,"_jetpack_newsletter_tier_id":0,"_jetpack_memberships_contains_paywalled_content":false,"_jetpack_memberships_contains_paid_content":false,"footnotes":"","jetpack_publicize_message":"","jetpack_publicize_feature_enabled":true,"jetpack_social_post_already_shared":true,"jetpack_social_options":{"image_generator_settings":{"template":"highway","default_image_id":0,"font":"","enabled":false},"version":2}},"categories":[200],"tags":[],"class_list":["post-5831","post","type-post","status-publish","format-standard","has-post-thumbnail","hentry","category-brasil"],"jetpack_publicize_connections":[],"jetpack_featured_media_url":"https:\/\/blogopara.com.br\/wp-content\/uploads\/2019\/12\/marcola66143001.jpg","uagb_featured_image_src":{"full":["https:\/\/blogopara.com.br\/wp-content\/uploads\/2019\/12\/marcola66143001.jpg",940,598,false],"thumbnail":["https:\/\/blogopara.com.br\/wp-content\/uploads\/2019\/12\/marcola66143001-150x150.jpg",150,150,true],"medium":["https:\/\/blogopara.com.br\/wp-content\/uploads\/2019\/12\/marcola66143001-300x191.jpg",300,191,true],"medium_large":["https:\/\/blogopara.com.br\/wp-content\/uploads\/2019\/12\/marcola66143001-768x489.jpg",640,408,true],"large":["https:\/\/blogopara.com.br\/wp-content\/uploads\/2019\/12\/marcola66143001.jpg",640,407,false],"1536x1536":["https:\/\/blogopara.com.br\/wp-content\/uploads\/2019\/12\/marcola66143001.jpg",940,598,false],"2048x2048":["https:\/\/blogopara.com.br\/wp-content\/uploads\/2019\/12\/marcola66143001.jpg",940,598,false],"mantranews-slider-large":["https:\/\/blogopara.com.br\/wp-content\/uploads\/2019\/12\/marcola66143001.jpg",940,598,false],"mantranews-featured-medium":["https:\/\/blogopara.com.br\/wp-content\/uploads\/2019\/12\/marcola66143001.jpg",420,267,false],"mantranews-featured-long":["https:\/\/blogopara.com.br\/wp-content\/uploads\/2019\/12\/marcola66143001.jpg",300,191,false],"mantranews-block-medium":["https:\/\/blogopara.com.br\/wp-content\/uploads\/2019\/12\/marcola66143001.jpg",456,290,false],"mantranews-carousel-image":["https:\/\/blogopara.com.br\/wp-content\/uploads\/2019\/12\/marcola66143001.jpg",600,382,false],"mantranews-block-thumb":["https:\/\/blogopara.com.br\/wp-content\/uploads\/2019\/12\/marcola66143001.jpg",322,205,false],"mantranews-single-large":["https:\/\/blogopara.com.br\/wp-content\/uploads\/2019\/12\/marcola66143001.jpg",940,598,false]},"uagb_author_info":{"display_name":"Reda\u00e7\u00e3o geral","author_link":"https:\/\/blogopara.com.br\/index.php\/author\/blogopara"},"uagb_comment_info":0,"uagb_excerpt":"O plano para resgatar Marcola teria sido planejado por Gilberto Aparecido dos Santos, conhecido como Fuminho ou Magrelo","jetpack_sharing_enabled":true,"jetpack_likes_enabled":true,"_links":{"self":[{"href":"https:\/\/blogopara.com.br\/index.php\/wp-json\/wp\/v2\/posts\/5831","targetHints":{"allow":["GET"]}}],"collection":[{"href":"https:\/\/blogopara.com.br\/index.php\/wp-json\/wp\/v2\/posts"}],"about":[{"href":"https:\/\/blogopara.com.br\/index.php\/wp-json\/wp\/v2\/types\/post"}],"author":[{"embeddable":true,"href":"https:\/\/blogopara.com.br\/index.php\/wp-json\/wp\/v2\/users\/1"}],"replies":[{"embeddable":true,"href":"https:\/\/blogopara.com.br\/index.php\/wp-json\/wp\/v2\/comments?post=5831"}],"version-history":[{"count":1,"href":"https:\/\/blogopara.com.br\/index.php\/wp-json\/wp\/v2\/posts\/5831\/revisions"}],"predecessor-version":[{"id":5833,"href":"https:\/\/blogopara.com.br\/index.php\/wp-json\/wp\/v2\/posts\/5831\/revisions\/5833"}],"wp:featuredmedia":[{"embeddable":true,"href":"https:\/\/blogopara.com.br\/index.php\/wp-json\/wp\/v2\/media\/5832"}],"wp:attachment":[{"href":"https:\/\/blogopara.com.br\/index.php\/wp-json\/wp\/v2\/media?parent=5831"}],"wp:term":[{"taxonomy":"category","embeddable":true,"href":"https:\/\/blogopara.com.br\/index.php\/wp-json\/wp\/v2\/categories?post=5831"},{"taxonomy":"post_tag","embeddable":true,"href":"https:\/\/blogopara.com.br\/index.php\/wp-json\/wp\/v2\/tags?post=5831"}],"curies":[{"name":"wp","href":"https:\/\/api.w.org\/{rel}","templated":true}]}}