{"id":58315,"date":"2023-10-20T12:21:47","date_gmt":"2023-10-20T15:21:47","guid":{"rendered":"https:\/\/blogopara.com.br\/?p=58315"},"modified":"2023-10-20T12:21:50","modified_gmt":"2023-10-20T15:21:50","slug":"paulo-valgueiro-comparece-a-sessao-da-camara-de-petrolina-e-nao-descarta-retorno-a-politica","status":"publish","type":"post","link":"https:\/\/blogopara.com.br\/index.php\/2023\/10\/20\/paulo-valgueiro-comparece-a-sessao-da-camara-de-petrolina-e-nao-descarta-retorno-a-politica","title":{"rendered":"Paulo Valgueiro comparece a sess\u00e3o da C\u00e2mara de Petrolina e n\u00e3o descarta retorno \u00e0 pol\u00edtica"},"content":{"rendered":"<p style=\"text-align: justify;\">Na sess\u00e3o ordin\u00e1ria de ontem (19) na C\u00e2mara de Vereadores de Petrolina, foi aprovado o Projeto de Lei n\u00ba 026\/2023 que altera os Artigos 6\u00ba, 12\u00ba, 21\u00ba, 22\u00ba, 23\u00ba e 24\u00ba e Anexo I, da Lei 2.787\/2016, no qual transformou a Empresa Petrolinense de Tr\u00e2nsito e Transporte Coletivo \u2013 EPTTC em Autarquia Municipal de Mobilidade de Petrolina- AMMPLA. O dispositivo alterado institui o Conselho de Mobilidade e concede a unifica\u00e7\u00e3o dos agentes de tr\u00e2nsito e fiscal de transportes.<\/p>\n<p style=\"text-align: justify;\">Muitos agentes de tr\u00e2nsito marcaram presen\u00e7a durante a vota\u00e7\u00e3o do projeto do Executivo municipal, mas uma personagem j\u00e1 conhecida de Petrolina chamou a aten\u00e7\u00e3o, Paulo Valgueiro. Ex-vereador da Casa Pl\u00ednio Amorim acompanhou de perto a aprecia\u00e7\u00e3o do documento e foi citado diversas vezes durante pronunciamento dos vereadores da Casa.<\/p>\n<p style=\"text-align: justify;\">Valgueiro foi legitimado representante da categoria em sua estreia na pol\u00edtica rumo a uma vaga no legislativo municipal, em 2016, e se destacou como l\u00edder da Bancada de Oposi\u00e7\u00e3o em sua legislatura, pelo forte discurso e fiscaliza\u00e7\u00e3o ferrenha a administra\u00e7\u00e3o municipal do ent\u00e3o prefeito Miguel Coelho.<\/p>\n<p style=\"text-align: justify;\">Bem \u00e0 vontade no plen\u00e1rio, ambiente que conhece de cor, questionado sobre sua poss\u00edvel postula\u00e7\u00e3o a vaga na C\u00e2mara, que pode marcar o seu retorno ao Legislativo, Valgueiro preferiu n\u00e3o confirmar sua candidatura em 2024. \u201cTenho uma vida com muitos compromissos como advogado, e agente de tr\u00e2nsito concursado em Petrolina, e sempre me coloquei dispon\u00edvel para lutar por nosso munic\u00edpio, tenho a sensa\u00e7\u00e3o de ter contribu\u00eddo bastante como parlamentar e se for da vontade do povo ter meu conhecimento t\u00e9cnico e pol\u00edtico para voltar a contribuir com a popula\u00e7\u00e3o, n\u00e3o vou recusar o chamado e vou continuar dando a minha contribui\u00e7\u00e3o para Petrolina\u201d, comentou.<\/p>\n<p style=\"text-align: justify;\">Valgueiro, junto com os colegas agentes de tr\u00e2nsito, comemorou a conquista, que segundo ele, \u00e9 um importante passo para a valoriza\u00e7\u00e3o profissional dos servidores da AMMPLA.<\/p>\n<p style=\"text-align: justify;\">\nFotos e texto M\u00f4nia Ramos \u2013 Jornalista<\/p>\n","protected":false},"excerpt":{"rendered":"<p>Na sess\u00e3o ordin\u00e1ria de ontem (19) na C\u00e2mara de Vereadores de Petrolina, foi aprovado o Projeto de Lei n\u00ba 026\/2023 que altera os Artigos 6\u00ba, 12\u00ba, 21\u00ba, 22\u00ba, 23\u00ba e 24\u00ba e Anexo I, da Lei 2.787\/2016, no qual transformou a Empresa Petrolinense de Tr\u00e2nsito e Transporte Coletivo \u2013 EPTTC em Autarquia Municipal de Mobilidade [&hellip;]<\/p>\n","protected":false},"author":1,"featured_media":58316,"comment_status":"closed","ping_status":"open","sticky":false,"template":"","format":"standard","meta":{"_uag_custom_page_level_css":"","_monsterinsights_skip_tracking":false,"_monsterinsights_sitenote_active":false,"_monsterinsights_sitenote_note":"","_monsterinsights_sitenote_category":0,"jetpack_post_was_ever_published":false,"_jetpack_newsletter_access":"","_jetpack_dont_email_post_to_subs":false,"_jetpack_newsletter_tier_id":0,"_jetpack_memberships_contains_paywalled_content":false,"_jetpack_memberships_contains_paid_content":false,"footnotes":"","jetpack_publicize_message":"","jetpack_publicize_feature_enabled":true,"jetpack_social_post_already_shared":true,"jetpack_social_options":{"image_generator_settings":{"template":"highway","default_image_id":0,"font":"","enabled":false},"version":2}},"categories":[851],"tags":[3888,1559],"class_list":["post-58315","post","type-post","status-publish","format-standard","has-post-thumbnail","hentry","category-petrolina","tag-eleicoes-2024","tag-politica-2"],"jetpack_publicize_connections":[],"jetpack_featured_media_url":"https:\/\/blogopara.com.br\/wp-content\/uploads\/2023\/10\/WhatsApp-Image-2023-10-20-at-11.04.54.jpeg","uagb_featured_image_src":{"full":["https:\/\/blogopara.com.br\/wp-content\/uploads\/2023\/10\/WhatsApp-Image-2023-10-20-at-11.04.54.jpeg",500,375,false],"thumbnail":["https:\/\/blogopara.com.br\/wp-content\/uploads\/2023\/10\/WhatsApp-Image-2023-10-20-at-11.04.54-150x150.jpeg",150,150,true],"medium":["https:\/\/blogopara.com.br\/wp-content\/uploads\/2023\/10\/WhatsApp-Image-2023-10-20-at-11.04.54-300x225.jpeg",300,225,true],"medium_large":["https:\/\/blogopara.com.br\/wp-content\/uploads\/2023\/10\/WhatsApp-Image-2023-10-20-at-11.04.54.jpeg",500,375,false],"large":["https:\/\/blogopara.com.br\/wp-content\/uploads\/2023\/10\/WhatsApp-Image-2023-10-20-at-11.04.54.jpeg",500,375,false],"1536x1536":["https:\/\/blogopara.com.br\/wp-content\/uploads\/2023\/10\/WhatsApp-Image-2023-10-20-at-11.04.54.jpeg",500,375,false],"2048x2048":["https:\/\/blogopara.com.br\/wp-content\/uploads\/2023\/10\/WhatsApp-Image-2023-10-20-at-11.04.54.jpeg",500,375,false],"mantranews-slider-large":["https:\/\/blogopara.com.br\/wp-content\/uploads\/2023\/10\/WhatsApp-Image-2023-10-20-at-11.04.54.jpeg",500,375,false],"mantranews-featured-medium":["https:\/\/blogopara.com.br\/wp-content\/uploads\/2023\/10\/WhatsApp-Image-2023-10-20-at-11.04.54-420x307.jpeg",420,307,true],"mantranews-featured-long":["https:\/\/blogopara.com.br\/wp-content\/uploads\/2023\/10\/WhatsApp-Image-2023-10-20-at-11.04.54-300x375.jpeg",300,375,true],"mantranews-block-medium":["https:\/\/blogopara.com.br\/wp-content\/uploads\/2023\/10\/WhatsApp-Image-2023-10-20-at-11.04.54-464x290.jpeg",464,290,true],"mantranews-carousel-image":["https:\/\/blogopara.com.br\/wp-content\/uploads\/2023\/10\/WhatsApp-Image-2023-10-20-at-11.04.54.jpeg",500,375,false],"mantranews-block-thumb":["https:\/\/blogopara.com.br\/wp-content\/uploads\/2023\/10\/WhatsApp-Image-2023-10-20-at-11.04.54-322x230.jpeg",322,230,true],"mantranews-single-large":["https:\/\/blogopara.com.br\/wp-content\/uploads\/2023\/10\/WhatsApp-Image-2023-10-20-at-11.04.54.jpeg",500,375,false]},"uagb_author_info":{"display_name":"Reda\u00e7\u00e3o geral","author_link":"https:\/\/blogopara.com.br\/index.php\/author\/blogopara"},"uagb_comment_info":0,"uagb_excerpt":"Na sess\u00e3o ordin\u00e1ria de ontem (19) na C\u00e2mara de Vereadores de Petrolina, foi aprovado o Projeto de Lei n\u00ba 026\/2023 que altera os Artigos 6\u00ba, 12\u00ba, 21\u00ba, 22\u00ba, 23\u00ba e 24\u00ba e Anexo I, da Lei 2.787\/2016, no qual transformou a Empresa Petrolinense de Tr\u00e2nsito e Transporte Coletivo \u2013 EPTTC em Autarquia Municipal de Mobilidade&hellip;","jetpack_sharing_enabled":true,"jetpack_likes_enabled":true,"_links":{"self":[{"href":"https:\/\/blogopara.com.br\/index.php\/wp-json\/wp\/v2\/posts\/58315","targetHints":{"allow":["GET"]}}],"collection":[{"href":"https:\/\/blogopara.com.br\/index.php\/wp-json\/wp\/v2\/posts"}],"about":[{"href":"https:\/\/blogopara.com.br\/index.php\/wp-json\/wp\/v2\/types\/post"}],"author":[{"embeddable":true,"href":"https:\/\/blogopara.com.br\/index.php\/wp-json\/wp\/v2\/users\/1"}],"replies":[{"embeddable":true,"href":"https:\/\/blogopara.com.br\/index.php\/wp-json\/wp\/v2\/comments?post=58315"}],"version-history":[{"count":1,"href":"https:\/\/blogopara.com.br\/index.php\/wp-json\/wp\/v2\/posts\/58315\/revisions"}],"predecessor-version":[{"id":58317,"href":"https:\/\/blogopara.com.br\/index.php\/wp-json\/wp\/v2\/posts\/58315\/revisions\/58317"}],"wp:featuredmedia":[{"embeddable":true,"href":"https:\/\/blogopara.com.br\/index.php\/wp-json\/wp\/v2\/media\/58316"}],"wp:attachment":[{"href":"https:\/\/blogopara.com.br\/index.php\/wp-json\/wp\/v2\/media?parent=58315"}],"wp:term":[{"taxonomy":"category","embeddable":true,"href":"https:\/\/blogopara.com.br\/index.php\/wp-json\/wp\/v2\/categories?post=58315"},{"taxonomy":"post_tag","embeddable":true,"href":"https:\/\/blogopara.com.br\/index.php\/wp-json\/wp\/v2\/tags?post=58315"}],"curies":[{"name":"wp","href":"https:\/\/api.w.org\/{rel}","templated":true}]}}