{"id":58329,"date":"2023-10-21T10:01:00","date_gmt":"2023-10-21T13:01:00","guid":{"rendered":"https:\/\/blogopara.com.br\/?p=58329"},"modified":"2023-10-20T22:02:02","modified_gmt":"2023-10-21T01:02:02","slug":"prefeitura-de-juazeiro-leva-o-aps-itinerante-para-o-bairro-maringa-na-proxima-quarta-feira-25","status":"publish","type":"post","link":"https:\/\/blogopara.com.br\/index.php\/2023\/10\/21\/prefeitura-de-juazeiro-leva-o-aps-itinerante-para-o-bairro-maringa-na-proxima-quarta-feira-25","title":{"rendered":"Prefeitura de Juazeiro leva o APS Itinerante para o bairro Maring\u00e1 na pr\u00f3xima quarta-feira (25)"},"content":{"rendered":"<p style=\"text-align: justify;\">O bairro Maring\u00e1 vai receber na pr\u00f3xima quarta-feira (25), a 11\u00aa edi\u00e7\u00e3o do \u201cAPS Itinerante\u201d. O programa da Aten\u00e7\u00e3o Prim\u00e1ria \u00e0 Sa\u00fade \u00e9 uma iniciativa da Prefeitura de Juazeiro, atrav\u00e9s da Secretaria de Sa\u00fade (Sesau), que leva mais servi\u00e7os para as comunidades.<br aria-hidden=\"true\" \/><br aria-hidden=\"true\" \/>A Superintendente de Aten\u00e7\u00e3o B\u00e1sica do munic\u00edpio, Pollyanna Evangelista, explica que os atendimentos s\u00e3o previamente agendados com os pacientes. \u201cA Unidade B\u00e1sica de Sa\u00fade avalia quais servi\u00e7os s\u00e3o mais demandados pela comunidade e faz os agendamentos atrav\u00e9s dos Agentes Comunit\u00e1rios de sa\u00fade (ACS) que fazem uma busca ativa desses pacientes. No bairro Maring\u00e1 ser\u00e3o disponibilizados servi\u00e7os como consultas com oftalmologista, ortopedista, gastroenterologista, angiologista, reumatologista, cl\u00ednico geral, dentista (da unidade) e tamb\u00e9m atendimento atrav\u00e9s da Unidade M\u00f3vel Odontol\u00f3gica\u201d, detalhou.<br aria-hidden=\"true\" \/><br aria-hidden=\"true\" \/>Os atendimentos iniciam \u00e0s 8h e para terem acesso aos servi\u00e7os os pacientes precisam apresentar documento oficial com foto, CPF ou Cart\u00e3o SUS.<\/p>\n","protected":false},"excerpt":{"rendered":"<p>O bairro Maring\u00e1 vai receber na pr\u00f3xima quarta-feira (25), a 11\u00aa edi\u00e7\u00e3o do \u201cAPS Itinerante\u201d. O programa da Aten\u00e7\u00e3o Prim\u00e1ria \u00e0 Sa\u00fade \u00e9 uma iniciativa da Prefeitura de Juazeiro, atrav\u00e9s da Secretaria de Sa\u00fade (Sesau), que leva mais servi\u00e7os para as comunidades.A Superintendente de Aten\u00e7\u00e3o B\u00e1sica do munic\u00edpio, Pollyanna Evangelista, explica que os atendimentos s\u00e3o [&hellip;]<\/p>\n","protected":false},"author":1,"featured_media":58330,"comment_status":"closed","ping_status":"open","sticky":false,"template":"","format":"standard","meta":{"_uag_custom_page_level_css":"","_monsterinsights_skip_tracking":false,"_monsterinsights_sitenote_active":false,"_monsterinsights_sitenote_note":"","_monsterinsights_sitenote_category":0,"jetpack_post_was_ever_published":false,"_jetpack_newsletter_access":"","_jetpack_dont_email_post_to_subs":false,"_jetpack_newsletter_tier_id":0,"_jetpack_memberships_contains_paywalled_content":false,"_jetpack_memberships_contains_paid_content":false,"footnotes":"","jetpack_publicize_message":"","jetpack_publicize_feature_enabled":true,"jetpack_social_post_already_shared":true,"jetpack_social_options":{"image_generator_settings":{"template":"highway","default_image_id":0,"font":"","enabled":false},"version":2}},"categories":[205],"tags":[595],"class_list":["post-58329","post","type-post","status-publish","format-standard","has-post-thumbnail","hentry","category-saude","tag-allan-jones"],"jetpack_publicize_connections":[],"jetpack_featured_media_url":"https:\/\/blogopara.com.br\/wp-content\/uploads\/2023\/10\/WhatsApp-Image-2023-10-18-at-12.33.55.jpeg","uagb_featured_image_src":{"full":["https:\/\/blogopara.com.br\/wp-content\/uploads\/2023\/10\/WhatsApp-Image-2023-10-18-at-12.33.55.jpeg",500,625,false],"thumbnail":["https:\/\/blogopara.com.br\/wp-content\/uploads\/2023\/10\/WhatsApp-Image-2023-10-18-at-12.33.55-150x150.jpeg",150,150,true],"medium":["https:\/\/blogopara.com.br\/wp-content\/uploads\/2023\/10\/WhatsApp-Image-2023-10-18-at-12.33.55-240x300.jpeg",240,300,true],"medium_large":["https:\/\/blogopara.com.br\/wp-content\/uploads\/2023\/10\/WhatsApp-Image-2023-10-18-at-12.33.55.jpeg",500,625,false],"large":["https:\/\/blogopara.com.br\/wp-content\/uploads\/2023\/10\/WhatsApp-Image-2023-10-18-at-12.33.55.jpeg",500,625,false],"1536x1536":["https:\/\/blogopara.com.br\/wp-content\/uploads\/2023\/10\/WhatsApp-Image-2023-10-18-at-12.33.55.jpeg",500,625,false],"2048x2048":["https:\/\/blogopara.com.br\/wp-content\/uploads\/2023\/10\/WhatsApp-Image-2023-10-18-at-12.33.55.jpeg",500,625,false],"mantranews-slider-large":["https:\/\/blogopara.com.br\/wp-content\/uploads\/2023\/10\/WhatsApp-Image-2023-10-18-at-12.33.55.jpeg",500,625,false],"mantranews-featured-medium":["https:\/\/blogopara.com.br\/wp-content\/uploads\/2023\/10\/WhatsApp-Image-2023-10-18-at-12.33.55-420x307.jpeg",420,307,true],"mantranews-featured-long":["https:\/\/blogopara.com.br\/wp-content\/uploads\/2023\/10\/WhatsApp-Image-2023-10-18-at-12.33.55-300x443.jpeg",300,443,true],"mantranews-block-medium":["https:\/\/blogopara.com.br\/wp-content\/uploads\/2023\/10\/WhatsApp-Image-2023-10-18-at-12.33.55-464x290.jpeg",464,290,true],"mantranews-carousel-image":["https:\/\/blogopara.com.br\/wp-content\/uploads\/2023\/10\/WhatsApp-Image-2023-10-18-at-12.33.55-500x500.jpeg",500,500,true],"mantranews-block-thumb":["https:\/\/blogopara.com.br\/wp-content\/uploads\/2023\/10\/WhatsApp-Image-2023-10-18-at-12.33.55-322x230.jpeg",322,230,true],"mantranews-single-large":["https:\/\/blogopara.com.br\/wp-content\/uploads\/2023\/10\/WhatsApp-Image-2023-10-18-at-12.33.55.jpeg",500,625,false]},"uagb_author_info":{"display_name":"Reda\u00e7\u00e3o geral","author_link":"https:\/\/blogopara.com.br\/index.php\/author\/blogopara"},"uagb_comment_info":0,"uagb_excerpt":"O bairro Maring\u00e1 vai receber na pr\u00f3xima quarta-feira (25), a 11\u00aa edi\u00e7\u00e3o do \u201cAPS Itinerante\u201d. O programa da Aten\u00e7\u00e3o Prim\u00e1ria \u00e0 Sa\u00fade \u00e9 uma iniciativa da Prefeitura de Juazeiro, atrav\u00e9s da Secretaria de Sa\u00fade (Sesau), que leva mais servi\u00e7os para as comunidades.A Superintendente de Aten\u00e7\u00e3o B\u00e1sica do munic\u00edpio, Pollyanna Evangelista, explica que os atendimentos s\u00e3o&hellip;","jetpack_sharing_enabled":true,"jetpack_likes_enabled":true,"_links":{"self":[{"href":"https:\/\/blogopara.com.br\/index.php\/wp-json\/wp\/v2\/posts\/58329","targetHints":{"allow":["GET"]}}],"collection":[{"href":"https:\/\/blogopara.com.br\/index.php\/wp-json\/wp\/v2\/posts"}],"about":[{"href":"https:\/\/blogopara.com.br\/index.php\/wp-json\/wp\/v2\/types\/post"}],"author":[{"embeddable":true,"href":"https:\/\/blogopara.com.br\/index.php\/wp-json\/wp\/v2\/users\/1"}],"replies":[{"embeddable":true,"href":"https:\/\/blogopara.com.br\/index.php\/wp-json\/wp\/v2\/comments?post=58329"}],"version-history":[{"count":1,"href":"https:\/\/blogopara.com.br\/index.php\/wp-json\/wp\/v2\/posts\/58329\/revisions"}],"predecessor-version":[{"id":58331,"href":"https:\/\/blogopara.com.br\/index.php\/wp-json\/wp\/v2\/posts\/58329\/revisions\/58331"}],"wp:featuredmedia":[{"embeddable":true,"href":"https:\/\/blogopara.com.br\/index.php\/wp-json\/wp\/v2\/media\/58330"}],"wp:attachment":[{"href":"https:\/\/blogopara.com.br\/index.php\/wp-json\/wp\/v2\/media?parent=58329"}],"wp:term":[{"taxonomy":"category","embeddable":true,"href":"https:\/\/blogopara.com.br\/index.php\/wp-json\/wp\/v2\/categories?post=58329"},{"taxonomy":"post_tag","embeddable":true,"href":"https:\/\/blogopara.com.br\/index.php\/wp-json\/wp\/v2\/tags?post=58329"}],"curies":[{"name":"wp","href":"https:\/\/api.w.org\/{rel}","templated":true}]}}