{"id":58337,"date":"2023-10-23T12:07:00","date_gmt":"2023-10-23T15:07:00","guid":{"rendered":"https:\/\/blogopara.com.br\/?p=58337"},"modified":"2023-10-25T12:26:08","modified_gmt":"2023-10-25T15:26:08","slug":"conferencia-municipal-de-educacao-de-juazeiro-vai-acontecer-na-proxima-quinta-feira-26","status":"publish","type":"post","link":"https:\/\/blogopara.com.br\/index.php\/2023\/10\/23\/conferencia-municipal-de-educacao-de-juazeiro-vai-acontecer-na-proxima-quinta-feira-26","title":{"rendered":"Confer\u00eancia Municipal de Educa\u00e7\u00e3o de Juazeiro vai acontecer na pr\u00f3xima quinta-feira (26)"},"content":{"rendered":"<p class=\"x_MsoNormal\" style=\"text-align: justify;\">A V Confer\u00eancia Municipal de Educa\u00e7\u00e3o de Juazeiro (Comed) ser\u00e1 realizada na pr\u00f3xima quinta-feira (26), no Centro de Cultura Jo\u00e3o Gilberto, com in\u00edcio \u00e0s 13h. O evento, realizado pela Prefeitura de Juazeiro, j\u00e1 est\u00e1 com inscri\u00e7\u00f5es abertas e vai discutir o Plano Nacional de Educa\u00e7\u00e3o (2024\/2034) \u2013 uma pol\u00edtica de Estado para garantia da educa\u00e7\u00e3o como direito humano, com justi\u00e7a social e desenvolvimento socioambiental sustent\u00e1vel.<\/p>\n<p class=\"x_MsoNormal\" style=\"text-align: justify;\">De acordo com a coordenadora do evento, Alexandrina Ara\u00fajo, a confer\u00eancia \u00e9 um espa\u00e7o de discuss\u00e3o e mobiliza\u00e7\u00e3o da comunidade para uma constru\u00e7\u00e3o democr\u00e1tica das pol\u00edticas p\u00fablicas de educa\u00e7\u00e3o. \u201cO nosso objetivo \u00e9 mobilizar a sociedade civil e pol\u00edtica, na defesa do Estado Democr\u00e1tico de Direito, a fim de oferecer contribui\u00e7\u00f5es \u00e0 constru\u00e7\u00e3o do novo Plano Nacional de Educa\u00e7\u00e3o (PNE), para o dec\u00eanio 2024\/2034\u201d, conta Alexandrina.<\/p>\n<p class=\"x_MsoNormal\" style=\"text-align: justify;\">O secret\u00e1rio de Educa\u00e7\u00e3o e Juventude, Wank Medrado, destacou a import\u00e2ncia do evento. \u201cA Confer\u00eancia Municipal de Educa\u00e7\u00e3o \u00e9 uma etapa preliminar para os encontros estadual e nacional. \u00c9 importante que toda a comunidade esteja presente, porque vamos discutir a realidade da educa\u00e7\u00e3o em nosso munic\u00edpio e nos preparar para a gest\u00e3o dos pr\u00f3ximos dez anos\u201d, comentou o secret\u00e1rio.<\/p>\n<p class=\"x_MsoNormal\" style=\"text-align: justify;\">Para participar da V Comed, basta realizar a sua inscri\u00e7\u00e3o atrav\u00e9s do endere\u00e7o eletr\u00f4nico:\u00a0<a id=\"LPlnk338771\" href=\"http:\/\/educacao.juazeiro.ba.gov.br\/\" target=\"_blank\" rel=\"noopener noreferrer\" data-auth=\"NotApplicable\" data-linkindex=\"0\">educacao.juazeiro.ba.gov.br<\/a>.<\/p>\n","protected":false},"excerpt":{"rendered":"<p>A V Confer\u00eancia Municipal de Educa\u00e7\u00e3o de Juazeiro (Comed) ser\u00e1 realizada na pr\u00f3xima quinta-feira (26), no Centro de Cultura Jo\u00e3o Gilberto, com in\u00edcio \u00e0s 13h. O evento, realizado pela Prefeitura de Juazeiro, j\u00e1 est\u00e1 com inscri\u00e7\u00f5es abertas e vai discutir o Plano Nacional de Educa\u00e7\u00e3o (2024\/2034) \u2013 uma pol\u00edtica de Estado para garantia da educa\u00e7\u00e3o [&hellip;]<\/p>\n","protected":false},"author":1,"featured_media":58338,"comment_status":"closed","ping_status":"open","sticky":false,"template":"","format":"standard","meta":{"_uag_custom_page_level_css":"","_monsterinsights_skip_tracking":false,"_monsterinsights_sitenote_active":false,"_monsterinsights_sitenote_note":"","_monsterinsights_sitenote_category":0,"jetpack_post_was_ever_published":false,"_jetpack_newsletter_access":"","_jetpack_dont_email_post_to_subs":false,"_jetpack_newsletter_tier_id":0,"_jetpack_memberships_contains_paywalled_content":false,"_jetpack_memberships_contains_paid_content":false,"footnotes":"","jetpack_publicize_message":"","jetpack_publicize_feature_enabled":true,"jetpack_social_post_already_shared":true,"jetpack_social_options":{"image_generator_settings":{"template":"highway","default_image_id":0,"font":"","enabled":false},"version":2}},"categories":[203],"tags":[],"class_list":["post-58337","post","type-post","status-publish","format-standard","has-post-thumbnail","hentry","category-juazeiro"],"jetpack_publicize_connections":[],"jetpack_featured_media_url":"https:\/\/blogopara.com.br\/wp-content\/uploads\/2023\/10\/thumbnail_WhatsApp-Image-2023-10-19-at-17.51.46.jpg","uagb_featured_image_src":{"full":["https:\/\/blogopara.com.br\/wp-content\/uploads\/2023\/10\/thumbnail_WhatsApp-Image-2023-10-19-at-17.51.46.jpg",500,625,false],"thumbnail":["https:\/\/blogopara.com.br\/wp-content\/uploads\/2023\/10\/thumbnail_WhatsApp-Image-2023-10-19-at-17.51.46-150x150.jpg",150,150,true],"medium":["https:\/\/blogopara.com.br\/wp-content\/uploads\/2023\/10\/thumbnail_WhatsApp-Image-2023-10-19-at-17.51.46-240x300.jpg",240,300,true],"medium_large":["https:\/\/blogopara.com.br\/wp-content\/uploads\/2023\/10\/thumbnail_WhatsApp-Image-2023-10-19-at-17.51.46.jpg",500,625,false],"large":["https:\/\/blogopara.com.br\/wp-content\/uploads\/2023\/10\/thumbnail_WhatsApp-Image-2023-10-19-at-17.51.46.jpg",500,625,false],"1536x1536":["https:\/\/blogopara.com.br\/wp-content\/uploads\/2023\/10\/thumbnail_WhatsApp-Image-2023-10-19-at-17.51.46.jpg",500,625,false],"2048x2048":["https:\/\/blogopara.com.br\/wp-content\/uploads\/2023\/10\/thumbnail_WhatsApp-Image-2023-10-19-at-17.51.46.jpg",500,625,false],"mantranews-slider-large":["https:\/\/blogopara.com.br\/wp-content\/uploads\/2023\/10\/thumbnail_WhatsApp-Image-2023-10-19-at-17.51.46.jpg",500,625,false],"mantranews-featured-medium":["https:\/\/blogopara.com.br\/wp-content\/uploads\/2023\/10\/thumbnail_WhatsApp-Image-2023-10-19-at-17.51.46-420x307.jpg",420,307,true],"mantranews-featured-long":["https:\/\/blogopara.com.br\/wp-content\/uploads\/2023\/10\/thumbnail_WhatsApp-Image-2023-10-19-at-17.51.46-300x443.jpg",300,443,true],"mantranews-block-medium":["https:\/\/blogopara.com.br\/wp-content\/uploads\/2023\/10\/thumbnail_WhatsApp-Image-2023-10-19-at-17.51.46-464x290.jpg",464,290,true],"mantranews-carousel-image":["https:\/\/blogopara.com.br\/wp-content\/uploads\/2023\/10\/thumbnail_WhatsApp-Image-2023-10-19-at-17.51.46-500x500.jpg",500,500,true],"mantranews-block-thumb":["https:\/\/blogopara.com.br\/wp-content\/uploads\/2023\/10\/thumbnail_WhatsApp-Image-2023-10-19-at-17.51.46-322x230.jpg",322,230,true],"mantranews-single-large":["https:\/\/blogopara.com.br\/wp-content\/uploads\/2023\/10\/thumbnail_WhatsApp-Image-2023-10-19-at-17.51.46.jpg",500,625,false]},"uagb_author_info":{"display_name":"Reda\u00e7\u00e3o geral","author_link":"https:\/\/blogopara.com.br\/index.php\/author\/blogopara"},"uagb_comment_info":0,"uagb_excerpt":"A V Confer\u00eancia Municipal de Educa\u00e7\u00e3o de Juazeiro (Comed) ser\u00e1 realizada na pr\u00f3xima quinta-feira (26), no Centro de Cultura Jo\u00e3o Gilberto, com in\u00edcio \u00e0s 13h. O evento, realizado pela Prefeitura de Juazeiro, j\u00e1 est\u00e1 com inscri\u00e7\u00f5es abertas e vai discutir o Plano Nacional de Educa\u00e7\u00e3o (2024\/2034) \u2013 uma pol\u00edtica de Estado para garantia da educa\u00e7\u00e3o&hellip;","jetpack_sharing_enabled":true,"jetpack_likes_enabled":true,"_links":{"self":[{"href":"https:\/\/blogopara.com.br\/index.php\/wp-json\/wp\/v2\/posts\/58337","targetHints":{"allow":["GET"]}}],"collection":[{"href":"https:\/\/blogopara.com.br\/index.php\/wp-json\/wp\/v2\/posts"}],"about":[{"href":"https:\/\/blogopara.com.br\/index.php\/wp-json\/wp\/v2\/types\/post"}],"author":[{"embeddable":true,"href":"https:\/\/blogopara.com.br\/index.php\/wp-json\/wp\/v2\/users\/1"}],"replies":[{"embeddable":true,"href":"https:\/\/blogopara.com.br\/index.php\/wp-json\/wp\/v2\/comments?post=58337"}],"version-history":[{"count":1,"href":"https:\/\/blogopara.com.br\/index.php\/wp-json\/wp\/v2\/posts\/58337\/revisions"}],"predecessor-version":[{"id":58339,"href":"https:\/\/blogopara.com.br\/index.php\/wp-json\/wp\/v2\/posts\/58337\/revisions\/58339"}],"wp:featuredmedia":[{"embeddable":true,"href":"https:\/\/blogopara.com.br\/index.php\/wp-json\/wp\/v2\/media\/58338"}],"wp:attachment":[{"href":"https:\/\/blogopara.com.br\/index.php\/wp-json\/wp\/v2\/media?parent=58337"}],"wp:term":[{"taxonomy":"category","embeddable":true,"href":"https:\/\/blogopara.com.br\/index.php\/wp-json\/wp\/v2\/categories?post=58337"},{"taxonomy":"post_tag","embeddable":true,"href":"https:\/\/blogopara.com.br\/index.php\/wp-json\/wp\/v2\/tags?post=58337"}],"curies":[{"name":"wp","href":"https:\/\/api.w.org\/{rel}","templated":true}]}}