{"id":58390,"date":"2023-10-22T12:40:00","date_gmt":"2023-10-22T15:40:00","guid":{"rendered":"https:\/\/blogopara.com.br\/?p=58390"},"modified":"2023-10-21T19:43:52","modified_gmt":"2023-10-21T22:43:52","slug":"acao-da-prefeitura-de-juazeiro-motiva-estudantes-da-escola-municipal-celso-cavalcante-de-carvalho","status":"publish","type":"post","link":"https:\/\/blogopara.com.br\/index.php\/2023\/10\/22\/acao-da-prefeitura-de-juazeiro-motiva-estudantes-da-escola-municipal-celso-cavalcante-de-carvalho","title":{"rendered":"A\u00e7\u00e3o da Prefeitura de Juazeiro motiva estudantes da Escola Municipal Celso Cavalcante de Carvalho"},"content":{"rendered":"<p class=\"x_MsoNormal\" style=\"text-align: justify;\">A Prefeitura de Juazeiro, atrav\u00e9s da Secretaria de Educa\u00e7\u00e3o e Juventude (Seduc), realizou, nesta quinta-feira (19), uma a\u00e7\u00e3o motivacional para os estudantes do 9\u00b0 ano da Escola Municipal Celso Cavalcante de Carvalho, no distrito de Mandacaru. A palestra, ministrada pela equipe do N\u00facleo de Atendimento Psicossocial e Inclus\u00e3o (Napsi) e Espa\u00e7o Humanizar, teve como foco a necessidade da constru\u00e7\u00e3o de um projeto de vida dos estudantes.<\/p>\n<p class=\"x_MsoNormal\" style=\"text-align: justify;\">De acordo com a gestora da escola, Patr\u00edcia Lopes, a atividade surgiu a partir da observa\u00e7\u00e3o de uma necessidade dos estudantes. \u201cPercebemos que alguns dos nossos estudantes estavam desmotivados em rela\u00e7\u00e3o ao desempenho escolar e demonstravam, tamb\u00e9m, um desinteresse por um projeto de vida que movesse seus sonhos\u201d, disse a gestora.<\/p>\n<p class=\"x_MsoNormal\" style=\"text-align: justify;\">A a\u00e7\u00e3o teve como objetivo promover discuss\u00f5es reflexivas e motivacionais, potencializando as habilidades socioemocionais dos estudantes. \u201cTendo em vista que esses alunos est\u00e3o finalizando um ciclo educativo e, sobretudo, com a aproxima\u00e7\u00e3o de uma avalia\u00e7\u00e3o externa do Sistema de Avalia\u00e7\u00e3o da Educa\u00e7\u00e3o B\u00e1sica (SAEB). Por meio de din\u00e2micas e est\u00edmulos para a constru\u00e7\u00e3o de um Projeto de Vida, a assistente social, Sandra Mara Dam\u00e1sio, e a psicopedagoga, Derileide Alves, ressaltaram a import\u00e2ncia da educa\u00e7\u00e3o como elemento potencializador de transforma\u00e7\u00e3o social, \u2018Um fazer e um pensar grande\u2019\u201d, acrescentou Patr\u00edcia Lopes.<\/p>\n","protected":false},"excerpt":{"rendered":"<p>A Prefeitura de Juazeiro, atrav\u00e9s da Secretaria de Educa\u00e7\u00e3o e Juventude (Seduc), realizou, nesta quinta-feira (19), uma a\u00e7\u00e3o motivacional para os estudantes do 9\u00b0 ano da Escola Municipal Celso Cavalcante de Carvalho, no distrito de Mandacaru. A palestra, ministrada pela equipe do N\u00facleo de Atendimento Psicossocial e Inclus\u00e3o (Napsi) e Espa\u00e7o Humanizar, teve como foco [&hellip;]<\/p>\n","protected":false},"author":1,"featured_media":58392,"comment_status":"closed","ping_status":"open","sticky":false,"template":"","format":"standard","meta":{"_uag_custom_page_level_css":"","_monsterinsights_skip_tracking":false,"_monsterinsights_sitenote_active":false,"_monsterinsights_sitenote_note":"","_monsterinsights_sitenote_category":0,"jetpack_post_was_ever_published":false,"_jetpack_newsletter_access":"","_jetpack_dont_email_post_to_subs":false,"_jetpack_newsletter_tier_id":0,"_jetpack_memberships_contains_paywalled_content":false,"_jetpack_memberships_contains_paid_content":false,"footnotes":"","jetpack_publicize_message":"","jetpack_publicize_feature_enabled":true,"jetpack_social_post_already_shared":true,"jetpack_social_options":{"image_generator_settings":{"template":"highway","default_image_id":0,"font":"","enabled":false},"version":2}},"categories":[203],"tags":[1405,2757],"class_list":["post-58390","post","type-post","status-publish","format-standard","has-post-thumbnail","hentry","category-juazeiro","tag-desenvolvimento","tag-educacao"],"jetpack_publicize_connections":[],"jetpack_featured_media_url":"https:\/\/blogopara.com.br\/wp-content\/uploads\/2023\/10\/WhatsApp-Image-2023-10-20-at-15.39.38.jpeg","uagb_featured_image_src":{"full":["https:\/\/blogopara.com.br\/wp-content\/uploads\/2023\/10\/WhatsApp-Image-2023-10-20-at-15.39.38.jpeg",500,375,false],"thumbnail":["https:\/\/blogopara.com.br\/wp-content\/uploads\/2023\/10\/WhatsApp-Image-2023-10-20-at-15.39.38-150x150.jpeg",150,150,true],"medium":["https:\/\/blogopara.com.br\/wp-content\/uploads\/2023\/10\/WhatsApp-Image-2023-10-20-at-15.39.38-300x225.jpeg",300,225,true],"medium_large":["https:\/\/blogopara.com.br\/wp-content\/uploads\/2023\/10\/WhatsApp-Image-2023-10-20-at-15.39.38.jpeg",500,375,false],"large":["https:\/\/blogopara.com.br\/wp-content\/uploads\/2023\/10\/WhatsApp-Image-2023-10-20-at-15.39.38.jpeg",500,375,false],"1536x1536":["https:\/\/blogopara.com.br\/wp-content\/uploads\/2023\/10\/WhatsApp-Image-2023-10-20-at-15.39.38.jpeg",500,375,false],"2048x2048":["https:\/\/blogopara.com.br\/wp-content\/uploads\/2023\/10\/WhatsApp-Image-2023-10-20-at-15.39.38.jpeg",500,375,false],"mantranews-slider-large":["https:\/\/blogopara.com.br\/wp-content\/uploads\/2023\/10\/WhatsApp-Image-2023-10-20-at-15.39.38.jpeg",500,375,false],"mantranews-featured-medium":["https:\/\/blogopara.com.br\/wp-content\/uploads\/2023\/10\/WhatsApp-Image-2023-10-20-at-15.39.38-420x307.jpeg",420,307,true],"mantranews-featured-long":["https:\/\/blogopara.com.br\/wp-content\/uploads\/2023\/10\/WhatsApp-Image-2023-10-20-at-15.39.38-300x375.jpeg",300,375,true],"mantranews-block-medium":["https:\/\/blogopara.com.br\/wp-content\/uploads\/2023\/10\/WhatsApp-Image-2023-10-20-at-15.39.38-464x290.jpeg",464,290,true],"mantranews-carousel-image":["https:\/\/blogopara.com.br\/wp-content\/uploads\/2023\/10\/WhatsApp-Image-2023-10-20-at-15.39.38.jpeg",500,375,false],"mantranews-block-thumb":["https:\/\/blogopara.com.br\/wp-content\/uploads\/2023\/10\/WhatsApp-Image-2023-10-20-at-15.39.38-322x230.jpeg",322,230,true],"mantranews-single-large":["https:\/\/blogopara.com.br\/wp-content\/uploads\/2023\/10\/WhatsApp-Image-2023-10-20-at-15.39.38.jpeg",500,375,false]},"uagb_author_info":{"display_name":"Reda\u00e7\u00e3o geral","author_link":"https:\/\/blogopara.com.br\/index.php\/author\/blogopara"},"uagb_comment_info":0,"uagb_excerpt":"A Prefeitura de Juazeiro, atrav\u00e9s da Secretaria de Educa\u00e7\u00e3o e Juventude (Seduc), realizou, nesta quinta-feira (19), uma a\u00e7\u00e3o motivacional para os estudantes do 9\u00b0 ano da Escola Municipal Celso Cavalcante de Carvalho, no distrito de Mandacaru. A palestra, ministrada pela equipe do N\u00facleo de Atendimento Psicossocial e Inclus\u00e3o (Napsi) e Espa\u00e7o Humanizar, teve como foco&hellip;","jetpack_sharing_enabled":true,"jetpack_likes_enabled":true,"_links":{"self":[{"href":"https:\/\/blogopara.com.br\/index.php\/wp-json\/wp\/v2\/posts\/58390","targetHints":{"allow":["GET"]}}],"collection":[{"href":"https:\/\/blogopara.com.br\/index.php\/wp-json\/wp\/v2\/posts"}],"about":[{"href":"https:\/\/blogopara.com.br\/index.php\/wp-json\/wp\/v2\/types\/post"}],"author":[{"embeddable":true,"href":"https:\/\/blogopara.com.br\/index.php\/wp-json\/wp\/v2\/users\/1"}],"replies":[{"embeddable":true,"href":"https:\/\/blogopara.com.br\/index.php\/wp-json\/wp\/v2\/comments?post=58390"}],"version-history":[{"count":1,"href":"https:\/\/blogopara.com.br\/index.php\/wp-json\/wp\/v2\/posts\/58390\/revisions"}],"predecessor-version":[{"id":58393,"href":"https:\/\/blogopara.com.br\/index.php\/wp-json\/wp\/v2\/posts\/58390\/revisions\/58393"}],"wp:featuredmedia":[{"embeddable":true,"href":"https:\/\/blogopara.com.br\/index.php\/wp-json\/wp\/v2\/media\/58392"}],"wp:attachment":[{"href":"https:\/\/blogopara.com.br\/index.php\/wp-json\/wp\/v2\/media?parent=58390"}],"wp:term":[{"taxonomy":"category","embeddable":true,"href":"https:\/\/blogopara.com.br\/index.php\/wp-json\/wp\/v2\/categories?post=58390"},{"taxonomy":"post_tag","embeddable":true,"href":"https:\/\/blogopara.com.br\/index.php\/wp-json\/wp\/v2\/tags?post=58390"}],"curies":[{"name":"wp","href":"https:\/\/api.w.org\/{rel}","templated":true}]}}