{"id":58405,"date":"2023-10-22T09:53:25","date_gmt":"2023-10-22T12:53:25","guid":{"rendered":"https:\/\/blogopara.com.br\/?p=58405"},"modified":"2023-10-22T09:53:27","modified_gmt":"2023-10-22T12:53:27","slug":"coronel-pm-valter-araujo-e-condecorado-com-a-comenda-2-de-julho-na-alba","status":"publish","type":"post","link":"https:\/\/blogopara.com.br\/index.php\/2023\/10\/22\/coronel-pm-valter-araujo-e-condecorado-com-a-comenda-2-de-julho-na-alba","title":{"rendered":"CORONEL PM VALTER ARA\u00daJO \u00c9 CONDECORADO COM A COMENDA 2 DE JULHO NA ALBA"},"content":{"rendered":"<p style=\"text-align: justify;\">O Comandante de Policiamento da Regi\u00e3o Norte (CPR-N), Coronel PM Valter Ara\u00fajo, filho ilustre do munic\u00edpio de Sento-S\u00e9, foi condecorado nesta manh\u00e3, quinta-feira (19), em solenidade, no Plen\u00e1rio da Assembleia Legislativa da Bahia (ALBA), com a Comenda 2 de Julho, pelos resultados de um trabalho \u00e9tico e incans\u00e1vel, em favor da Seguran\u00e7a P\u00fablica da Bahia.<\/p>\n<p style=\"text-align: justify;\">A Comanda 2 de Julho, a mais elevada honraria do Legislativo Estadual, foi indicada pela Excelent\u00edssima Deputada Estadual, Senhora Fab\u00edola Mansur, e aprovada, por unanimidade, pelos Deputados que comp\u00f5em ALBA.<\/p>\n<p style=\"text-align: justify;\">A solenidade foi presidida pelo Excelent\u00edssimo Senhor Presidente da ALBA, Deputado Adolfo Menezes.<\/p>\n<p style=\"text-align: justify;\">Estavam presentes: os Excelent\u00edssimos Senhores: Comandante-Geral da Pol\u00edcia Militar da Bahia (PMBA), Coronel PM Coutinho e os Senhores Deputados Estaduais da Bahia; o Senhor Subcomandante-Geral, Coronel PM Machado; Oficiais e Pra\u00e7as representantes dos Grandes Comandos Regionais; representantes da Associa\u00e7\u00e3o de Oficiais \u2013 For\u00e7a Invicta; diversas Autoridades Civis e Pol\u00edticos; e familiares do homenageado.<\/p>\n<p style=\"text-align: justify;\">A Deputada Fab\u00edola Mansur, em seu discurso, muito emocionada, destacou a biografia do Coronel PM Valter Ara\u00fajo, como um homem expirador, l\u00edder nato, que honra a Pol\u00edcia Militar da Bahia (PMBA). Destacou que o Coronel lidera com o pacto de cidadania, exercendo suas gest\u00f5es com excel\u00eancia, engajado em a\u00e7\u00f5es operacionais e sociais.<\/p>\n<p style=\"text-align: justify;\">A Deputada citou, como legado do Coronel PM Valter Ara\u00fajo, a cria\u00e7\u00e3o da Companhia de Policiamento de A\u00e7\u00f5es em Caatinga (CPAC), hoje denominada, Companhia Independente de Policiamento Especializado (CIPE) \u2013 Caatinga, como uma marca no enfretamento \u00e0 criminalidade, atualmente, atuando em todo Estado da Bahia. Por fim, agradeceu ao Coronel PM Valter Ara\u00fajo pelos seus servi\u00e7os prestados \u00e0 sociedade baiana.<\/p>\n<p style=\"text-align: justify;\">O Coronel PM Valter Ara\u00fajo, muito emocionado, externou seus sinceros agradecimentos \u00e0 Deputada Estadual Fab\u00edola Mansur pela indica\u00e7\u00e3o e a todos os Deputados que comp\u00f5em a ALBA, pela aprova\u00e7\u00e3o desta t\u00e3o grande honraria, por unanimidade.<\/p>\n<p style=\"text-align: justify;\">Desta forma, Oficiais e Pra\u00e7as do Comando de Policiamento da Regi\u00e3o Norte parabenizam o Coronel Valter Santos de Ara\u00fajo pele recebimento da Comenda 2 de julho.<\/p>\n<p style=\"text-align: justify;\">Fonte: CPRN \/ ASCOM<\/p>\n","protected":false},"excerpt":{"rendered":"<p>O Comandante de Policiamento da Regi\u00e3o Norte (CPR-N), Coronel PM Valter Ara\u00fajo, filho ilustre do munic\u00edpio de Sento-S\u00e9, foi condecorado nesta manh\u00e3, quinta-feira (19), em solenidade, no Plen\u00e1rio da Assembleia Legislativa da Bahia (ALBA), com a Comenda 2 de Julho, pelos resultados de um trabalho \u00e9tico e incans\u00e1vel, em favor da Seguran\u00e7a P\u00fablica da Bahia. [&hellip;]<\/p>\n","protected":false},"author":1,"featured_media":58406,"comment_status":"closed","ping_status":"open","sticky":false,"template":"","format":"standard","meta":{"_uag_custom_page_level_css":"","_monsterinsights_skip_tracking":false,"_monsterinsights_sitenote_active":false,"_monsterinsights_sitenote_note":"","_monsterinsights_sitenote_category":0,"jetpack_post_was_ever_published":false,"_jetpack_newsletter_access":"","_jetpack_dont_email_post_to_subs":false,"_jetpack_newsletter_tier_id":0,"_jetpack_memberships_contains_paywalled_content":false,"_jetpack_memberships_contains_paid_content":false,"footnotes":"","jetpack_publicize_message":"","jetpack_publicize_feature_enabled":true,"jetpack_social_post_already_shared":true,"jetpack_social_options":{"image_generator_settings":{"template":"highway","default_image_id":0,"font":"","enabled":false},"version":2}},"categories":[203],"tags":[],"class_list":["post-58405","post","type-post","status-publish","format-standard","has-post-thumbnail","hentry","category-juazeiro"],"jetpack_publicize_connections":[],"jetpack_featured_media_url":"https:\/\/blogopara.com.br\/wp-content\/uploads\/2023\/10\/f654da59-80a1-4dd1-ac1c-998beaf0085b.jpg","uagb_featured_image_src":{"full":["https:\/\/blogopara.com.br\/wp-content\/uploads\/2023\/10\/f654da59-80a1-4dd1-ac1c-998beaf0085b.jpg",500,333,false],"thumbnail":["https:\/\/blogopara.com.br\/wp-content\/uploads\/2023\/10\/f654da59-80a1-4dd1-ac1c-998beaf0085b-150x150.jpg",150,150,true],"medium":["https:\/\/blogopara.com.br\/wp-content\/uploads\/2023\/10\/f654da59-80a1-4dd1-ac1c-998beaf0085b-300x200.jpg",300,200,true],"medium_large":["https:\/\/blogopara.com.br\/wp-content\/uploads\/2023\/10\/f654da59-80a1-4dd1-ac1c-998beaf0085b.jpg",500,333,false],"large":["https:\/\/blogopara.com.br\/wp-content\/uploads\/2023\/10\/f654da59-80a1-4dd1-ac1c-998beaf0085b.jpg",500,333,false],"1536x1536":["https:\/\/blogopara.com.br\/wp-content\/uploads\/2023\/10\/f654da59-80a1-4dd1-ac1c-998beaf0085b.jpg",500,333,false],"2048x2048":["https:\/\/blogopara.com.br\/wp-content\/uploads\/2023\/10\/f654da59-80a1-4dd1-ac1c-998beaf0085b.jpg",500,333,false],"mantranews-slider-large":["https:\/\/blogopara.com.br\/wp-content\/uploads\/2023\/10\/f654da59-80a1-4dd1-ac1c-998beaf0085b.jpg",500,333,false],"mantranews-featured-medium":["https:\/\/blogopara.com.br\/wp-content\/uploads\/2023\/10\/f654da59-80a1-4dd1-ac1c-998beaf0085b-420x307.jpg",420,307,true],"mantranews-featured-long":["https:\/\/blogopara.com.br\/wp-content\/uploads\/2023\/10\/f654da59-80a1-4dd1-ac1c-998beaf0085b-300x333.jpg",300,333,true],"mantranews-block-medium":["https:\/\/blogopara.com.br\/wp-content\/uploads\/2023\/10\/f654da59-80a1-4dd1-ac1c-998beaf0085b-464x290.jpg",464,290,true],"mantranews-carousel-image":["https:\/\/blogopara.com.br\/wp-content\/uploads\/2023\/10\/f654da59-80a1-4dd1-ac1c-998beaf0085b.jpg",500,333,false],"mantranews-block-thumb":["https:\/\/blogopara.com.br\/wp-content\/uploads\/2023\/10\/f654da59-80a1-4dd1-ac1c-998beaf0085b-322x230.jpg",322,230,true],"mantranews-single-large":["https:\/\/blogopara.com.br\/wp-content\/uploads\/2023\/10\/f654da59-80a1-4dd1-ac1c-998beaf0085b.jpg",500,333,false]},"uagb_author_info":{"display_name":"Reda\u00e7\u00e3o geral","author_link":"https:\/\/blogopara.com.br\/index.php\/author\/blogopara"},"uagb_comment_info":0,"uagb_excerpt":"O Comandante de Policiamento da Regi\u00e3o Norte (CPR-N), Coronel PM Valter Ara\u00fajo, filho ilustre do munic\u00edpio de Sento-S\u00e9, foi condecorado nesta manh\u00e3, quinta-feira (19), em solenidade, no Plen\u00e1rio da Assembleia Legislativa da Bahia (ALBA), com a Comenda 2 de Julho, pelos resultados de um trabalho \u00e9tico e incans\u00e1vel, em favor da Seguran\u00e7a P\u00fablica da Bahia.&hellip;","jetpack_sharing_enabled":true,"jetpack_likes_enabled":true,"_links":{"self":[{"href":"https:\/\/blogopara.com.br\/index.php\/wp-json\/wp\/v2\/posts\/58405","targetHints":{"allow":["GET"]}}],"collection":[{"href":"https:\/\/blogopara.com.br\/index.php\/wp-json\/wp\/v2\/posts"}],"about":[{"href":"https:\/\/blogopara.com.br\/index.php\/wp-json\/wp\/v2\/types\/post"}],"author":[{"embeddable":true,"href":"https:\/\/blogopara.com.br\/index.php\/wp-json\/wp\/v2\/users\/1"}],"replies":[{"embeddable":true,"href":"https:\/\/blogopara.com.br\/index.php\/wp-json\/wp\/v2\/comments?post=58405"}],"version-history":[{"count":1,"href":"https:\/\/blogopara.com.br\/index.php\/wp-json\/wp\/v2\/posts\/58405\/revisions"}],"predecessor-version":[{"id":58407,"href":"https:\/\/blogopara.com.br\/index.php\/wp-json\/wp\/v2\/posts\/58405\/revisions\/58407"}],"wp:featuredmedia":[{"embeddable":true,"href":"https:\/\/blogopara.com.br\/index.php\/wp-json\/wp\/v2\/media\/58406"}],"wp:attachment":[{"href":"https:\/\/blogopara.com.br\/index.php\/wp-json\/wp\/v2\/media?parent=58405"}],"wp:term":[{"taxonomy":"category","embeddable":true,"href":"https:\/\/blogopara.com.br\/index.php\/wp-json\/wp\/v2\/categories?post=58405"},{"taxonomy":"post_tag","embeddable":true,"href":"https:\/\/blogopara.com.br\/index.php\/wp-json\/wp\/v2\/tags?post=58405"}],"curies":[{"name":"wp","href":"https:\/\/api.w.org\/{rel}","templated":true}]}}