{"id":58535,"date":"2023-10-26T13:00:00","date_gmt":"2023-10-26T16:00:00","guid":{"rendered":"https:\/\/blogopara.com.br\/?p=58535"},"modified":"2023-10-26T15:27:15","modified_gmt":"2023-10-26T18:27:15","slug":"reporter-chama-o-secretario-tum-de-incompetente-e-alerta-sobre-possivel-operacao-policial-em-casa-nova","status":"publish","type":"post","link":"https:\/\/blogopara.com.br\/index.php\/2023\/10\/26\/reporter-chama-o-secretario-tum-de-incompetente-e-alerta-sobre-possivel-operacao-policial-em-casa-nova","title":{"rendered":"Rep\u00f3rter chama o secret\u00e1rio Tum de incompetente e alerta sobre poss\u00edvel opera\u00e7\u00e3o policial em Casa Nova"},"content":{"rendered":"<div class=\"mdc-layout-grid__cell mdc-layout-grid__cell--span-6-desktop mdc-layout-grid__cell--span-8-tablet comp paragrafo cXenseParse\">\n<p style=\"text-align: justify;\">O jornalista Uziel Bueno, que apresenta o programa Brasil Urgente, na TV Band, mostrou toda a sua indigna\u00e7\u00e3o com a falta de compet\u00eancia e trato com a coisa p\u00fablica do secret\u00e1rio estadual de agricultura <span style=\"font-size: revert; color: initial;\">(Seagri)<\/span>, o ex-deputado estadual Tum, irm\u00e3o do atual prefeito de Casa Nova, Wilker do Posto.<\/p>\n<p style=\"text-align: justify;\">O motivo da indigna\u00e7\u00e3o, foi o cancelamento<span style=\"font-size: revert; color: initial;\"> da 33\u00aa edi\u00e7\u00e3o da Feira Nacional da Agropecu\u00e1ria (Fenagro) que gerou uma onda de perplexidade e decep\u00e7\u00e3o entre representantes de entidades do agroneg\u00f3cio baiano, produtores e parlamentares da bancada ruralista, que reagiram duramente ao an\u00fancio feito pela Secretaria na manh\u00e3 da ter\u00e7a-feira (24). Em comum, todas as manifesta\u00e7\u00f5es traduziam o sentimento de revolta com a decis\u00e3o de sepultar uma das exposi\u00e7\u00f5es mais importantes para pecuaristas e criadores de cavalos de ra\u00e7a do Norte e Nordeste a 30 dias para o in\u00edcio do evento.<\/span><\/p>\n<blockquote>\n<p style=\"text-align: justify;\">&#8220;Governador Jer\u00f4nimo Rodrigues, eu sei que o senhor n\u00e3o deve estar sabendo disso, principalmente o senhor que \u00e9 trabalhador, trabalha de dia e de noite, estar em Bras\u00edlia, buscando recursos para o nosso estado, e FENAGRO, que iria gerar receita, emprego e renda, neg\u00f3cios futuros, dar um alivio para o setor que j\u00e1 vem penalizado h\u00e1 muito tempo. Isso \u00e9 um soco na boca do est\u00f4mago da Bahia e dos baianos&#8221;.<\/p>\n<\/blockquote>\n<p style=\"text-align: justify;\">Segundo o jornalista, o secret\u00e1rio Tum argumentou para cancelar, a falta de h\u00e1bil tempo para organizar a feira. &#8220;Secret\u00e1rio o agro n\u00e3o precisa do senhor. O que est\u00e1 se fazendo com a essa categoria que empurra o pa\u00eds, \u00e9 inaceit\u00e1vel. Talvez o segundo esteja mais preocupado, pol\u00edcia federal na porta do seu irm\u00e3o l\u00e1 em Casa Nova, deve ser isso, n\u00e9!<\/p>\n<div class=\"mdc-layout-grid__cell mdc-layout-grid__cell--span-6-desktop mdc-layout-grid__cell--span-8-tablet comp paragrafo cXenseParse\"><\/div>\n<\/div>\n<div class=\"mdc-layout-grid__cell mdc-layout-grid__cell--span-6-desktop mdc-layout-grid__cell--span-8-tablet comp paragrafo cXenseParse\" style=\"text-align: justify;\">\n<p><b>Criadores contabilizam perdas com preparativos para feira<\/b><\/p>\n<\/div>\n<div class=\"mdc-layout-grid__cell mdc-layout-grid__cell--span-6-desktop mdc-layout-grid__cell--span-8-tablet comp paragrafo cXenseParse\" style=\"text-align: justify;\">\n<p>Para os produtores, sobrou a conta. Em entrevista ao CORREIO na noite de ter\u00e7a, o presidente da Associa\u00e7\u00e3o de Criadores de Cavalo Campolina da Bahia (ACCCBA), Nilton dos Anjos, disse que o cancelamento da Fenagro deixou preju\u00edzos para seus filiados na ordem de R$ 1,1 milh\u00e3o. De acordo com ele, a associa\u00e7\u00e3o estimava trazer 150 animais, e os produtores deixaram de movimentar R$ 600 mil em neg\u00f3cios, apostando nos lucros maiores gerados pelos concorridos leil\u00f5es da feira. Somados aos gastos para preparar os animais para o evento, estimados em aproximadamente R$ 540 mil, a conta ultrapassou a casa do milh\u00e3o, disse.<\/p>\n<\/div>\n<div class=\"mdc-layout-grid__cell mdc-layout-grid__cell--span-6-desktop mdc-layout-grid__cell--span-8-tablet comp paragrafo cXenseParse\" style=\"text-align: justify;\">\n<p>\u00c9 o caso do m\u00e9dico veterin\u00e1rio Antonio Motta Oliveira J\u00fanior, criador gado e cavalos de ra\u00e7a em Ipia\u00fa, cidade situada no Vale do Rio de Contas. &#8220;Para mim, o preju\u00edzo foi at\u00e9 menor. Contratei um cuidador para preparar os animais que levaria para a exposi\u00e7\u00e3o, comprei alimenta\u00e7\u00e3o especial para eles e deixei de fazer neg\u00f3cios, certo de que a Fenagro seria realizada. Gra\u00e7as a Deus, soube que o evento n\u00e3o iria mais acontecer e pude cancelar a tempo uma encomenda de 50 sacos de ra\u00e7\u00e3o premium que tinha feito dias antes. Mas muitos outros n\u00e3o tiveram a mesma sorte&#8221;, salientou.<\/p>\n<\/div>\n<div class=\"mdc-layout-grid__cell mdc-layout-grid__cell--span-6-desktop mdc-layout-grid__cell--span-8-tablet comp paragrafo cXenseParse\" style=\"text-align: justify;\">\n<p>Escalado pela organiza\u00e7\u00e3o do evento para mobilizar produtores de outros estados, como Minas Gerais e S\u00e3o Paulo, Antonio J\u00fanior conseguiu atrair dezenas de pecuaristas e criadores de cavalo. No entanto, teve que correr para avis\u00e1-los de que n\u00e3o haveria mais Fenagro. &#8220;O problema \u00e9 que v\u00e1rios deles tinham investido dinheiro para trazer os animais, inclusive, gastos pessoais com passagens a\u00e9reas e reserva em hot\u00e9is, entre outras despesas que envolvem preparativos para exposi\u00e7\u00f5es do tipo. Essas perdas n\u00e3o ser\u00e3o recuperadas&#8221;, lamentou.<\/p>\n<\/div>\n<div class=\"mdc-layout-grid__cell mdc-layout-grid__cell--span-6-desktop mdc-layout-grid__cell--span-8-tablet comp paragrafo cXenseParse\" style=\"text-align: justify;\">\n<p>A rea\u00e7\u00e3o contra o cancelamento tamb\u00e9m foi encampada por parlamentares ligados ao agroneg\u00f3cio. &#8220;\u00c9 atestado de incompet\u00eancia cancelar um evento com expectativa de gerar R$ 150 milh\u00f5es em neg\u00f3cios e atrair p\u00fablico estimado em 100 mil pessoas&#8221;, disparou o l\u00edder da bancada de oposi\u00e7\u00e3o na Assembleia Legislativa, Alan Sanches (Uni\u00e3o Brasil). &#8220;O trabalho do homem do campo representa mais de 25% da economia do estado, e mesmo assim o setor \u00e9 tratado dessa forma pelo governo&#8221;, criticou o deputado estadual Sandro R\u00e9gis (Uni\u00e3o Brasil).<\/p>\n<\/div>\n<div class=\"mdc-layout-grid__cell mdc-layout-grid__cell--span-6-desktop mdc-layout-grid__cell--span-8-tablet comp paragrafo cXenseParse\" style=\"text-align: justify;\">\n<p>At\u00e9 mesmo pol\u00edticos da base aliada, como o presidente da Assembleia, Adolfo Menezes (PSD), criticaram duramente a decis\u00e3o e a justificativa apresentada pela Seagri, classificada por ele como &#8220;desculpa esfarrapada. A pasta, em nota, garantiu que concentrar\u00e1 esfor\u00e7os para realizar um evento \u00e0 altura do que a Fenagro merece em 2024. Dif\u00edcil, agora, vai ser acham quem acredite na promessa.<\/p>\n<\/div>\n<div class=\"mdc-layout-grid__cell mdc-layout-grid__cell--span-6-desktop mdc-layout-grid__cell--span-8-tablet comp paragrafo cXenseParse\" style=\"text-align: justify;\">\n<p><b>Deputado do PP e ex-secret\u00e1rio de Agricultura busca apoio para manter evento<\/b><\/p>\n<\/div>\n<div class=\"mdc-layout-grid__cell mdc-layout-grid__cell--span-6-desktop mdc-layout-grid__cell--span-8-tablet comp paragrafo cXenseParse\" style=\"text-align: justify;\">\n<p>Ex-secret\u00e1rio de Agricultura no segundo governo Jaques Wagner (2011-2014) e parlamentar de proa na bancada do agro, o deputado estadual Eduardo Salles (PP) disse ter sido surpreendido pelo an\u00fancio do cancelamento. &#8220;O sentimento em todo o setor \u00e9 de tristeza. S\u00e3o quatro anos sem um evento fundamental para o desenvolvimento do estado, e n\u00e3o s\u00f3 para os grandes produtores, mas para os m\u00e9dios e pequenos tamb\u00e9m&#8221;, disse. Contudo, Salles ainda trabalha para reverter a decis\u00e3o e garantir que a Fenagro ocorra este ano.<\/p>\n<\/div>\n<div class=\"mdc-layout-grid__cell mdc-layout-grid__cell--span-6-desktop mdc-layout-grid__cell--span-8-tablet comp paragrafo cXenseParse\" style=\"text-align: justify;\">\n<p>&#8220;Fiz uma sugest\u00e3o ontem (ter\u00e7a-feira) no plen\u00e1rio, procurei o l\u00edder do governo, Rosemberg Pinto (PT), e propus que n\u00f3s, deputados, fiz\u00e9ssemos um rateio de emendas impositivas nossas para efetivar a realiza\u00e7\u00e3o do evento, e acho que boa parte dos 63 parlamentares n\u00e3o teria problema em destinar uma fatia para isso. Tenho esperan\u00e7a de reverter (o cancelamento da Fenagro), mas n\u00e3o houve qualquer resposta concreta&#8221;, afirmou.<\/p>\n<\/div>\n<div class=\"mdc-layout-grid__cell mdc-layout-grid__cell--span-6-desktop mdc-layout-grid__cell--span-8-tablet comp paragrafo cXenseParse\">\n<p style=\"text-align: justify;\">Segundo Salles, a feira representa um dos raros momentos em que o &#8220;homem da cidade encontra o homem do campo&#8221; e pode ter contato com o universo da zona rural. &#8220;N\u00e3o se trata s\u00f3 de festa ou de neg\u00f3cios. \u00c9 um espa\u00e7o de troca de experi\u00eancias, de treinamento e capacita\u00e7\u00e3o, de conhecer a fundo um setor fundamental para a Bahia. Quando fui secret\u00e1rio, era dif\u00edcil conseguir recursos, mas sempre me esforcei para garantir que a Fenagro ocorresse todos os anos. N\u00e3o aceito a desculpa de que faltou tempo h\u00e1bil. Dois anos foram mais que suficientes para planejar&#8221;, concluiu.<\/p>\n<p>Fonte de informa\u00e7\u00f5es: Correio da Bahia<\/p>\n<\/div>\n","protected":false},"excerpt":{"rendered":"<p>O jornalista Uziel Bueno, que apresenta o programa Brasil Urgente, na TV Band, mostrou toda a sua indigna\u00e7\u00e3o com a falta de compet\u00eancia e trato com a coisa p\u00fablica do secret\u00e1rio estadual de agricultura (Seagri), o ex-deputado estadual Tum, irm\u00e3o do atual prefeito de Casa Nova, Wilker do Posto. O motivo da indigna\u00e7\u00e3o, foi o [&hellip;]<\/p>\n","protected":false},"author":1,"featured_media":25453,"comment_status":"closed","ping_status":"open","sticky":false,"template":"","format":"standard","meta":{"_uag_custom_page_level_css":"","_monsterinsights_skip_tracking":false,"_monsterinsights_sitenote_active":false,"_monsterinsights_sitenote_note":"","_monsterinsights_sitenote_category":0,"jetpack_post_was_ever_published":false,"_jetpack_newsletter_access":"","_jetpack_dont_email_post_to_subs":false,"_jetpack_newsletter_tier_id":0,"_jetpack_memberships_contains_paywalled_content":false,"_jetpack_memberships_contains_paid_content":false,"footnotes":"","jetpack_publicize_message":"","jetpack_publicize_feature_enabled":true,"jetpack_social_post_already_shared":true,"jetpack_social_options":{"image_generator_settings":{"template":"highway","default_image_id":0,"font":"","enabled":false},"version":2}},"categories":[10088],"tags":[356,1175,10130,11094],"class_list":["post-58535","post","type-post","status-publish","format-standard","has-post-thumbnail","hentry","category-agricultura","tag-agronegocio","tag-casa-nova","tag-tum","tag-wilke-do-posto"],"jetpack_publicize_connections":[],"jetpack_featured_media_url":"https:\/\/blogopara.com.br\/wp-content\/uploads\/2021\/07\/Wilker-e-Tum-em-brasilia.jpeg","uagb_featured_image_src":{"full":["https:\/\/blogopara.com.br\/wp-content\/uploads\/2021\/07\/Wilker-e-Tum-em-brasilia.jpeg",500,397,false],"thumbnail":["https:\/\/blogopara.com.br\/wp-content\/uploads\/2021\/07\/Wilker-e-Tum-em-brasilia-150x150.jpeg",150,150,true],"medium":["https:\/\/blogopara.com.br\/wp-content\/uploads\/2021\/07\/Wilker-e-Tum-em-brasilia-300x238.jpeg",300,238,true],"medium_large":["https:\/\/blogopara.com.br\/wp-content\/uploads\/2021\/07\/Wilker-e-Tum-em-brasilia.jpeg",500,397,false],"large":["https:\/\/blogopara.com.br\/wp-content\/uploads\/2021\/07\/Wilker-e-Tum-em-brasilia.jpeg",500,397,false],"1536x1536":["https:\/\/blogopara.com.br\/wp-content\/uploads\/2021\/07\/Wilker-e-Tum-em-brasilia.jpeg",500,397,false],"2048x2048":["https:\/\/blogopara.com.br\/wp-content\/uploads\/2021\/07\/Wilker-e-Tum-em-brasilia.jpeg",500,397,false],"mantranews-slider-large":["https:\/\/blogopara.com.br\/wp-content\/uploads\/2021\/07\/Wilker-e-Tum-em-brasilia.jpeg",500,397,false],"mantranews-featured-medium":["https:\/\/blogopara.com.br\/wp-content\/uploads\/2021\/07\/Wilker-e-Tum-em-brasilia-420x307.jpeg",420,307,true],"mantranews-featured-long":["https:\/\/blogopara.com.br\/wp-content\/uploads\/2021\/07\/Wilker-e-Tum-em-brasilia-300x397.jpeg",300,397,true],"mantranews-block-medium":["https:\/\/blogopara.com.br\/wp-content\/uploads\/2021\/07\/Wilker-e-Tum-em-brasilia-464x290.jpeg",464,290,true],"mantranews-carousel-image":["https:\/\/blogopara.com.br\/wp-content\/uploads\/2021\/07\/Wilker-e-Tum-em-brasilia.jpeg",500,397,false],"mantranews-block-thumb":["https:\/\/blogopara.com.br\/wp-content\/uploads\/2021\/07\/Wilker-e-Tum-em-brasilia-322x230.jpeg",322,230,true],"mantranews-single-large":["https:\/\/blogopara.com.br\/wp-content\/uploads\/2021\/07\/Wilker-e-Tum-em-brasilia.jpeg",500,397,false]},"uagb_author_info":{"display_name":"Reda\u00e7\u00e3o geral","author_link":"https:\/\/blogopara.com.br\/index.php\/author\/blogopara"},"uagb_comment_info":0,"uagb_excerpt":"O jornalista Uziel Bueno, que apresenta o programa Brasil Urgente, na TV Band, mostrou toda a sua indigna\u00e7\u00e3o com a falta de compet\u00eancia e trato com a coisa p\u00fablica do secret\u00e1rio estadual de agricultura (Seagri), o ex-deputado estadual Tum, irm\u00e3o do atual prefeito de Casa Nova, Wilker do Posto. O motivo da indigna\u00e7\u00e3o, foi o&hellip;","jetpack_sharing_enabled":true,"jetpack_likes_enabled":true,"_links":{"self":[{"href":"https:\/\/blogopara.com.br\/index.php\/wp-json\/wp\/v2\/posts\/58535","targetHints":{"allow":["GET"]}}],"collection":[{"href":"https:\/\/blogopara.com.br\/index.php\/wp-json\/wp\/v2\/posts"}],"about":[{"href":"https:\/\/blogopara.com.br\/index.php\/wp-json\/wp\/v2\/types\/post"}],"author":[{"embeddable":true,"href":"https:\/\/blogopara.com.br\/index.php\/wp-json\/wp\/v2\/users\/1"}],"replies":[{"embeddable":true,"href":"https:\/\/blogopara.com.br\/index.php\/wp-json\/wp\/v2\/comments?post=58535"}],"version-history":[{"count":3,"href":"https:\/\/blogopara.com.br\/index.php\/wp-json\/wp\/v2\/posts\/58535\/revisions"}],"predecessor-version":[{"id":58542,"href":"https:\/\/blogopara.com.br\/index.php\/wp-json\/wp\/v2\/posts\/58535\/revisions\/58542"}],"wp:featuredmedia":[{"embeddable":true,"href":"https:\/\/blogopara.com.br\/index.php\/wp-json\/wp\/v2\/media\/25453"}],"wp:attachment":[{"href":"https:\/\/blogopara.com.br\/index.php\/wp-json\/wp\/v2\/media?parent=58535"}],"wp:term":[{"taxonomy":"category","embeddable":true,"href":"https:\/\/blogopara.com.br\/index.php\/wp-json\/wp\/v2\/categories?post=58535"},{"taxonomy":"post_tag","embeddable":true,"href":"https:\/\/blogopara.com.br\/index.php\/wp-json\/wp\/v2\/tags?post=58535"}],"curies":[{"name":"wp","href":"https:\/\/api.w.org\/{rel}","templated":true}]}}