{"id":5854,"date":"2019-12-22T08:17:41","date_gmt":"2019-12-22T11:17:41","guid":{"rendered":"http:\/\/blogopara.com.br\/?p=5854"},"modified":"2019-12-22T08:21:54","modified_gmt":"2019-12-22T11:21:54","slug":"remanso-acidente-gravissimo-entre-dois-veiculos-deixa-saldo-de-cinco-mortos","status":"publish","type":"post","link":"https:\/\/blogopara.com.br\/index.php\/2019\/12\/22\/remanso-acidente-gravissimo-entre-dois-veiculos-deixa-saldo-de-cinco-mortos","title":{"rendered":"Remanso: Acidente  grav\u00edssimo entre dois ve\u00edculos deixa saldo de cinco mortos"},"content":{"rendered":"<p style=\"text-align: justify;\">Por voltas das 00:05h, a 15km depois da cidade de Remanso, houve uma colis\u00e3o frontal envolvendo dois ve\u00edculos, um Siena e um Cobalt, que deixou um saldo de cinco v\u00edtimas fatais, e outras feridas que foram conduzidas pelo SAMU&nbsp; e por populares para o hospital de Remanso. Nos dois ve\u00edculos estima que haviam cerca de treze ocupantes.<\/p>\n<p style=\"text-align: justify;\">O Corpo de Bombeiros realizou o procedimento de desencarceramento de duas v\u00edtimas fatais, um homem e uma mulher, um outro corpo estava arremessado no acostamento da pista. Uma das vitimas do sexo feminino e uma crian\u00e7a que foram conduzidas para o hospital vieram a \u00f3bito.<\/p>\n","protected":false},"excerpt":{"rendered":"<p>Por voltas das 00:05h, a 15km depois da cidade de Remanso, houve uma colis\u00e3o frontal envolvendo dois ve\u00edculos, um Siena e um Cobalt, que deixou um saldo de cinco v\u00edtimas fatais, e outras feridas que foram conduzidas pelo SAMU&nbsp; e por populares para o hospital de Remanso. Nos dois ve\u00edculos estima que haviam cerca de [&hellip;]<\/p>\n","protected":false},"author":1,"featured_media":5858,"comment_status":"open","ping_status":"open","sticky":false,"template":"","format":"standard","meta":{"_uag_custom_page_level_css":"","_monsterinsights_skip_tracking":false,"_monsterinsights_sitenote_active":false,"_monsterinsights_sitenote_note":"","_monsterinsights_sitenote_category":0,"jetpack_post_was_ever_published":false,"_jetpack_newsletter_access":"","_jetpack_dont_email_post_to_subs":false,"_jetpack_newsletter_tier_id":0,"_jetpack_memberships_contains_paywalled_content":false,"_jetpack_memberships_contains_paid_content":false,"footnotes":"","jetpack_publicize_message":"","jetpack_publicize_feature_enabled":true,"jetpack_social_post_already_shared":true,"jetpack_social_options":{"image_generator_settings":{"template":"highway","default_image_id":0,"font":"","enabled":false},"version":2}},"categories":[199],"tags":[1427,1428,783],"class_list":["post-5854","post","type-post","status-publish","format-standard","has-post-thumbnail","hentry","category-bahia","tag-acidente-veicular","tag-mortos","tag-remanso"],"jetpack_publicize_connections":[],"jetpack_featured_media_url":"https:\/\/blogopara.com.br\/wp-content\/uploads\/2019\/12\/dedede.jpg","uagb_featured_image_src":{"full":["https:\/\/blogopara.com.br\/wp-content\/uploads\/2019\/12\/dedede.jpg",650,461,false],"thumbnail":["https:\/\/blogopara.com.br\/wp-content\/uploads\/2019\/12\/dedede-150x150.jpg",150,150,true],"medium":["https:\/\/blogopara.com.br\/wp-content\/uploads\/2019\/12\/dedede-300x213.jpg",300,213,true],"medium_large":["https:\/\/blogopara.com.br\/wp-content\/uploads\/2019\/12\/dedede.jpg",640,454,false],"large":["https:\/\/blogopara.com.br\/wp-content\/uploads\/2019\/12\/dedede.jpg",640,454,false],"1536x1536":["https:\/\/blogopara.com.br\/wp-content\/uploads\/2019\/12\/dedede.jpg",650,461,false],"2048x2048":["https:\/\/blogopara.com.br\/wp-content\/uploads\/2019\/12\/dedede.jpg",650,461,false],"mantranews-slider-large":["https:\/\/blogopara.com.br\/wp-content\/uploads\/2019\/12\/dedede.jpg",650,461,false],"mantranews-featured-medium":["https:\/\/blogopara.com.br\/wp-content\/uploads\/2019\/12\/dedede.jpg",420,298,false],"mantranews-featured-long":["https:\/\/blogopara.com.br\/wp-content\/uploads\/2019\/12\/dedede.jpg",300,213,false],"mantranews-block-medium":["https:\/\/blogopara.com.br\/wp-content\/uploads\/2019\/12\/dedede.jpg",409,290,false],"mantranews-carousel-image":["https:\/\/blogopara.com.br\/wp-content\/uploads\/2019\/12\/dedede.jpg",600,426,false],"mantranews-block-thumb":["https:\/\/blogopara.com.br\/wp-content\/uploads\/2019\/12\/dedede.jpg",322,228,false],"mantranews-single-large":["https:\/\/blogopara.com.br\/wp-content\/uploads\/2019\/12\/dedede.jpg",650,461,false]},"uagb_author_info":{"display_name":"Reda\u00e7\u00e3o geral","author_link":"https:\/\/blogopara.com.br\/index.php\/author\/blogopara"},"uagb_comment_info":0,"uagb_excerpt":"Por voltas das 00:05h, a 15km depois da cidade de Remanso, houve uma colis\u00e3o frontal envolvendo dois ve\u00edculos, um Siena e um Cobalt, que deixou um saldo de cinco v\u00edtimas fatais, e outras feridas que foram conduzidas pelo SAMU&nbsp; e por populares para o hospital de Remanso. Nos dois ve\u00edculos estima que haviam cerca de&hellip;","jetpack_sharing_enabled":true,"jetpack_likes_enabled":true,"_links":{"self":[{"href":"https:\/\/blogopara.com.br\/index.php\/wp-json\/wp\/v2\/posts\/5854","targetHints":{"allow":["GET"]}}],"collection":[{"href":"https:\/\/blogopara.com.br\/index.php\/wp-json\/wp\/v2\/posts"}],"about":[{"href":"https:\/\/blogopara.com.br\/index.php\/wp-json\/wp\/v2\/types\/post"}],"author":[{"embeddable":true,"href":"https:\/\/blogopara.com.br\/index.php\/wp-json\/wp\/v2\/users\/1"}],"replies":[{"embeddable":true,"href":"https:\/\/blogopara.com.br\/index.php\/wp-json\/wp\/v2\/comments?post=5854"}],"version-history":[{"count":3,"href":"https:\/\/blogopara.com.br\/index.php\/wp-json\/wp\/v2\/posts\/5854\/revisions"}],"predecessor-version":[{"id":5859,"href":"https:\/\/blogopara.com.br\/index.php\/wp-json\/wp\/v2\/posts\/5854\/revisions\/5859"}],"wp:featuredmedia":[{"embeddable":true,"href":"https:\/\/blogopara.com.br\/index.php\/wp-json\/wp\/v2\/media\/5858"}],"wp:attachment":[{"href":"https:\/\/blogopara.com.br\/index.php\/wp-json\/wp\/v2\/media?parent=5854"}],"wp:term":[{"taxonomy":"category","embeddable":true,"href":"https:\/\/blogopara.com.br\/index.php\/wp-json\/wp\/v2\/categories?post=5854"},{"taxonomy":"post_tag","embeddable":true,"href":"https:\/\/blogopara.com.br\/index.php\/wp-json\/wp\/v2\/tags?post=5854"}],"curies":[{"name":"wp","href":"https:\/\/api.w.org\/{rel}","templated":true}]}}