{"id":58572,"date":"2023-10-27T16:37:00","date_gmt":"2023-10-27T19:37:00","guid":{"rendered":"https:\/\/blogopara.com.br\/?p=58572"},"modified":"2023-10-27T09:44:59","modified_gmt":"2023-10-27T12:44:59","slug":"termina-amanha-o-prazo-para-inscricoes-no-programa-humanizar-da-prefeitura-de-juazeiro","status":"publish","type":"post","link":"https:\/\/blogopara.com.br\/index.php\/2023\/10\/27\/termina-amanha-o-prazo-para-inscricoes-no-programa-humanizar-da-prefeitura-de-juazeiro","title":{"rendered":"Termina amanh\u00e3 o prazo para inscri\u00e7\u00f5es no Programa Humanizar da Prefeitura de Juazeiro"},"content":{"rendered":"<p class=\"x_MsoNormal\" style=\"text-align: justify;\">Interessados em participar do Programa Humanizar da Prefeitura de Juazeiro, executado por meio da Secretaria de Desenvolvimento Social, Mulher e Diversidade (Sedes), devem procurar at\u00e9 esta sexta-feira (27), os Centros de Refer\u00eancia de Assist\u00eancia Social (CRAS) Itaberaba, Jo\u00e3o Paulo II, Malhada da Areia, Quid\u00e9 e Tabuleiro, nos hor\u00e1rios das 9h \u00e0s 16h para se inscrever no certame.<\/p>\n<p class=\"x_MsoNormal\" style=\"text-align: justify;\">Neste edital ser\u00e3o contempladas para reforma e\/ou adapta\u00e7\u00e3o 20 unidades habitacionais para pessoas com defici\u00eancias f\u00edsica (usu\u00e1rio de cadeira de rodas) e\/ou visual (cegueira ou baixa vis\u00e3o).<\/p>\n<p class=\"x_MsoNormal\" style=\"text-align: justify;\">Crit\u00e9rios<\/p>\n<p class=\"x_MsoNormal\" style=\"text-align: justify;\">A sele\u00e7\u00e3o dos candidatos atender\u00e1 crit\u00e9rios como a defici\u00eancia e o grau da mesma, desde que n\u00e3o esteja contemplado em programas habitacionais. Outro crit\u00e9rio \u00e9 que a moradia precisa ser pr\u00f3pria do inscrito ou do respons\u00e1vel legal. Vale lembrar que o laudo a ser apresentado precisa atender ao modelo disponibilizado no edital que foi publicado no Di\u00e1rio Oficial do Munic\u00edpio de 31 de agosto\u00a0<a id=\"LPlnk865426\" href=\"https:\/\/doem.org.br\/ba\/juazeiro\/diarios\/previsualizar\/ZVYnvgNQ\" target=\"_blank\" rel=\"noopener noreferrer\" data-auth=\"NotApplicable\" data-linkindex=\"0\">https:\/\/doem.org.br\/ba\/juazeiro\/diarios\/previsualizar\/ZVYnvgNQ<\/a><\/p>\n<p class=\"x_MsoNormal\" style=\"text-align: justify;\">O Programa Humanizar<\/p>\n<p class=\"x_MsoNormal\" style=\"text-align: justify;\">Foi institu\u00eddo pela Lei Municipal 3.032\/2021 com o objetivo de proporcionar um grau de independ\u00eancia e a qualidade de locomo\u00e7\u00e3o de pessoas com defici\u00eancia em sua resid\u00eancia.<\/p>\n","protected":false},"excerpt":{"rendered":"<p>Interessados em participar do Programa Humanizar da Prefeitura de Juazeiro, executado por meio da Secretaria de Desenvolvimento Social, Mulher e Diversidade (Sedes), devem procurar at\u00e9 esta sexta-feira (27), os Centros de Refer\u00eancia de Assist\u00eancia Social (CRAS) Itaberaba, Jo\u00e3o Paulo II, Malhada da Areia, Quid\u00e9 e Tabuleiro, nos hor\u00e1rios das 9h \u00e0s 16h para se inscrever [&hellip;]<\/p>\n","protected":false},"author":1,"featured_media":58573,"comment_status":"closed","ping_status":"open","sticky":false,"template":"","format":"standard","meta":{"_uag_custom_page_level_css":"","_monsterinsights_skip_tracking":false,"_monsterinsights_sitenote_active":false,"_monsterinsights_sitenote_note":"","_monsterinsights_sitenote_category":0,"jetpack_post_was_ever_published":false,"_jetpack_newsletter_access":"","_jetpack_dont_email_post_to_subs":false,"_jetpack_newsletter_tier_id":0,"_jetpack_memberships_contains_paywalled_content":false,"_jetpack_memberships_contains_paid_content":false,"footnotes":"","jetpack_publicize_message":"","jetpack_publicize_feature_enabled":true,"jetpack_social_post_already_shared":true,"jetpack_social_options":{"image_generator_settings":{"template":"highway","default_image_id":0,"font":"","enabled":false},"version":2}},"categories":[203],"tags":[1405,2757,11098],"class_list":["post-58572","post","type-post","status-publish","format-standard","has-post-thumbnail","hentry","category-juazeiro","tag-desenvolvimento","tag-educacao","tag-mais-educacao"],"jetpack_publicize_connections":[],"jetpack_featured_media_url":"https:\/\/blogopara.com.br\/wp-content\/uploads\/2023\/10\/image-7-1-696x851-1.png","uagb_featured_image_src":{"full":["https:\/\/blogopara.com.br\/wp-content\/uploads\/2023\/10\/image-7-1-696x851-1.png",450,550,false],"thumbnail":["https:\/\/blogopara.com.br\/wp-content\/uploads\/2023\/10\/image-7-1-696x851-1-150x150.png",150,150,true],"medium":["https:\/\/blogopara.com.br\/wp-content\/uploads\/2023\/10\/image-7-1-696x851-1-245x300.png",245,300,true],"medium_large":["https:\/\/blogopara.com.br\/wp-content\/uploads\/2023\/10\/image-7-1-696x851-1.png",450,550,false],"large":["https:\/\/blogopara.com.br\/wp-content\/uploads\/2023\/10\/image-7-1-696x851-1.png",450,550,false],"1536x1536":["https:\/\/blogopara.com.br\/wp-content\/uploads\/2023\/10\/image-7-1-696x851-1.png",450,550,false],"2048x2048":["https:\/\/blogopara.com.br\/wp-content\/uploads\/2023\/10\/image-7-1-696x851-1.png",450,550,false],"mantranews-slider-large":["https:\/\/blogopara.com.br\/wp-content\/uploads\/2023\/10\/image-7-1-696x851-1.png",450,550,false],"mantranews-featured-medium":["https:\/\/blogopara.com.br\/wp-content\/uploads\/2023\/10\/image-7-1-696x851-1-420x307.png",420,307,true],"mantranews-featured-long":["https:\/\/blogopara.com.br\/wp-content\/uploads\/2023\/10\/image-7-1-696x851-1-300x443.png",300,443,true],"mantranews-block-medium":["https:\/\/blogopara.com.br\/wp-content\/uploads\/2023\/10\/image-7-1-696x851-1-450x290.png",450,290,true],"mantranews-carousel-image":["https:\/\/blogopara.com.br\/wp-content\/uploads\/2023\/10\/image-7-1-696x851-1-450x500.png",450,500,true],"mantranews-block-thumb":["https:\/\/blogopara.com.br\/wp-content\/uploads\/2023\/10\/image-7-1-696x851-1-322x230.png",322,230,true],"mantranews-single-large":["https:\/\/blogopara.com.br\/wp-content\/uploads\/2023\/10\/image-7-1-696x851-1.png",450,550,false]},"uagb_author_info":{"display_name":"Reda\u00e7\u00e3o geral","author_link":"https:\/\/blogopara.com.br\/index.php\/author\/blogopara"},"uagb_comment_info":0,"uagb_excerpt":"Interessados em participar do Programa Humanizar da Prefeitura de Juazeiro, executado por meio da Secretaria de Desenvolvimento Social, Mulher e Diversidade (Sedes), devem procurar at\u00e9 esta sexta-feira (27), os Centros de Refer\u00eancia de Assist\u00eancia Social (CRAS) Itaberaba, Jo\u00e3o Paulo II, Malhada da Areia, Quid\u00e9 e Tabuleiro, nos hor\u00e1rios das 9h \u00e0s 16h para se inscrever&hellip;","jetpack_sharing_enabled":true,"jetpack_likes_enabled":true,"_links":{"self":[{"href":"https:\/\/blogopara.com.br\/index.php\/wp-json\/wp\/v2\/posts\/58572","targetHints":{"allow":["GET"]}}],"collection":[{"href":"https:\/\/blogopara.com.br\/index.php\/wp-json\/wp\/v2\/posts"}],"about":[{"href":"https:\/\/blogopara.com.br\/index.php\/wp-json\/wp\/v2\/types\/post"}],"author":[{"embeddable":true,"href":"https:\/\/blogopara.com.br\/index.php\/wp-json\/wp\/v2\/users\/1"}],"replies":[{"embeddable":true,"href":"https:\/\/blogopara.com.br\/index.php\/wp-json\/wp\/v2\/comments?post=58572"}],"version-history":[{"count":1,"href":"https:\/\/blogopara.com.br\/index.php\/wp-json\/wp\/v2\/posts\/58572\/revisions"}],"predecessor-version":[{"id":58574,"href":"https:\/\/blogopara.com.br\/index.php\/wp-json\/wp\/v2\/posts\/58572\/revisions\/58574"}],"wp:featuredmedia":[{"embeddable":true,"href":"https:\/\/blogopara.com.br\/index.php\/wp-json\/wp\/v2\/media\/58573"}],"wp:attachment":[{"href":"https:\/\/blogopara.com.br\/index.php\/wp-json\/wp\/v2\/media?parent=58572"}],"wp:term":[{"taxonomy":"category","embeddable":true,"href":"https:\/\/blogopara.com.br\/index.php\/wp-json\/wp\/v2\/categories?post=58572"},{"taxonomy":"post_tag","embeddable":true,"href":"https:\/\/blogopara.com.br\/index.php\/wp-json\/wp\/v2\/tags?post=58572"}],"curies":[{"name":"wp","href":"https:\/\/api.w.org\/{rel}","templated":true}]}}