{"id":58575,"date":"2023-10-27T13:45:00","date_gmt":"2023-10-27T16:45:00","guid":{"rendered":"https:\/\/blogopara.com.br\/?p=58575"},"modified":"2023-10-27T09:48:39","modified_gmt":"2023-10-27T12:48:39","slug":"sindsemp-realiza-assembleia-com-cirurgioes-dentistas-e-auxiliares-de-saude-bucal-para-discutir-pautas-da-categoria-e-reforcar-a-mobilizacao-nacional-desta-quarta-25","status":"publish","type":"post","link":"https:\/\/blogopara.com.br\/index.php\/2023\/10\/27\/sindsemp-realiza-assembleia-com-cirurgioes-dentistas-e-auxiliares-de-saude-bucal-para-discutir-pautas-da-categoria-e-reforcar-a-mobilizacao-nacional-desta-quarta-25","title":{"rendered":"Sindsemp realiza assembleia com cirurgi\u00f5es-dentistas e auxiliares de sa\u00fade bucal para discutir pautas da categoria e refor\u00e7ar a mobiliza\u00e7\u00e3o nacional desta quarta (25)"},"content":{"rendered":"<p style=\"text-align: justify;\">Buscando novas propostas para a melhoria e a valoriza\u00e7\u00e3o profissional dos cirurgi\u00f5es-dentistas e auxiliares de sa\u00fade bucal, o Sindicato dos Servidores P\u00fablicos Municipais de Petrolina (Sindsemp) convocou uma assembleia nesta ter\u00e7a-feira (24), para tratar de pautas da categoria, como a campanha salarial, a verba do incentivo de desempenho e a paralisa\u00e7\u00e3o nacional desta quarta-feira (25).<br aria-hidden=\"true\" \/><br aria-hidden=\"true\" \/>Na ocasi\u00e3o, o presidente do Sindsemp, Walber Lins, tamb\u00e9m refor\u00e7ou nos informes o convite aos profissionais para a tradicional Festa do Servidor, que acontece neste s\u00e1bado (28), a partir das 9h. Dentre os pontos de pauta discutidos no encontro, os servidores da odontologia puderam expor suas ideias, discutir reivindica\u00e7\u00f5es e deliberar as propostas encaminhadas \u00e0 categoria.<br aria-hidden=\"true\" \/><br aria-hidden=\"true\" \/>Para o presidente da Associa\u00e7\u00e3o dos Servidores de Odontologia (Asop), Marcelo Ferraz, o momento foi importante para ressaltar a uni\u00e3o entre as categorias na luta pela garantia dos direitos dos profissionais da odontologia.<br aria-hidden=\"true\" \/><br aria-hidden=\"true\" \/>\u201cA reuni\u00e3o foi para ampliar e fortalecer ainda mais a uni\u00e3o das duas categorias, cirurgi\u00f5es-dentistas e auxiliares de sa\u00fade bucal, em prol de conquistas atuais e futuras\u201d<br aria-hidden=\"true\" \/><br aria-hidden=\"true\" \/>Secret\u00e1rio da Asop, Jos\u00e9 Gomes tamb\u00e9m refor\u00e7a a import\u00e2ncia dos servidores participarem das decis\u00f5es, de forma que as propostas possam ganhar mais for\u00e7a entre as categorias.<br aria-hidden=\"true\" \/><br aria-hidden=\"true\" \/>\u201cO encontro de hoje foi muito bom porque a gente est\u00e1 conseguindo, cada vez mais, unidade entre os profissionais\u201d.<br aria-hidden=\"true\" \/><br aria-hidden=\"true\" \/><b>PARALISA\u00c7\u00c3O NACIONAL<\/b><br aria-hidden=\"true\" \/><br aria-hidden=\"true\" \/>Nesta quarta-feira (25), os profissionais da odontologia de Petrolina, juntamente com o Sindsemp, aderem \u00e0 paralisa\u00e7\u00e3o nacional em busca da implementa\u00e7\u00e3o do piso dos cirurgi\u00f5es dentistas (Lei 3.999\/61) e a cria\u00e7\u00e3o do piso dos auxiliares de sa\u00fade bucal. Em Petrolina, a mobiliza\u00e7\u00e3o est\u00e1 marcada para \u00e0s 8h, na sede do Sindsemp.<\/p>\n<div style=\"text-align: justify;\"><\/div>\n<div style=\"text-align: justify;\">Assessoria de Comunica\u00e7\u00e3o do Sindsemp<\/div>\n","protected":false},"excerpt":{"rendered":"<p>Buscando novas propostas para a melhoria e a valoriza\u00e7\u00e3o profissional dos cirurgi\u00f5es-dentistas e auxiliares de sa\u00fade bucal, o Sindicato dos Servidores P\u00fablicos Municipais de Petrolina (Sindsemp) convocou uma assembleia nesta ter\u00e7a-feira (24), para tratar de pautas da categoria, como a campanha salarial, a verba do incentivo de desempenho e a paralisa\u00e7\u00e3o nacional desta quarta-feira (25).Na [&hellip;]<\/p>\n","protected":false},"author":1,"featured_media":58576,"comment_status":"closed","ping_status":"open","sticky":false,"template":"","format":"standard","meta":{"_uag_custom_page_level_css":"","_monsterinsights_skip_tracking":false,"_monsterinsights_sitenote_active":false,"_monsterinsights_sitenote_note":"","_monsterinsights_sitenote_category":0,"jetpack_post_was_ever_published":false,"_jetpack_newsletter_access":"","_jetpack_dont_email_post_to_subs":false,"_jetpack_newsletter_tier_id":0,"_jetpack_memberships_contains_paywalled_content":false,"_jetpack_memberships_contains_paid_content":false,"footnotes":"","jetpack_publicize_message":"","jetpack_publicize_feature_enabled":true,"jetpack_social_post_already_shared":true,"jetpack_social_options":{"image_generator_settings":{"template":"highway","default_image_id":0,"font":"","enabled":false},"version":2}},"categories":[851],"tags":[71,1008],"class_list":["post-58575","post","type-post","status-publish","format-standard","has-post-thumbnail","hentry","category-petrolina","tag-sindicato","tag-trabalhadores"],"jetpack_publicize_connections":[],"jetpack_featured_media_url":"https:\/\/blogopara.com.br\/wp-content\/uploads\/2023\/10\/Sindsemp-realiza-assembleia-com-cirurgioes-dentistas-e-auxiliares-de-saude-bucal-para-discutir-pautas-da-categoria-e-reforcar-a-mobilizacao-nacional-desta-quarta-25-2.jpeg","uagb_featured_image_src":{"full":["https:\/\/blogopara.com.br\/wp-content\/uploads\/2023\/10\/Sindsemp-realiza-assembleia-com-cirurgioes-dentistas-e-auxiliares-de-saude-bucal-para-discutir-pautas-da-categoria-e-reforcar-a-mobilizacao-nacional-desta-quarta-25-2.jpeg",500,281,false],"thumbnail":["https:\/\/blogopara.com.br\/wp-content\/uploads\/2023\/10\/Sindsemp-realiza-assembleia-com-cirurgioes-dentistas-e-auxiliares-de-saude-bucal-para-discutir-pautas-da-categoria-e-reforcar-a-mobilizacao-nacional-desta-quarta-25-2-150x150.jpeg",150,150,true],"medium":["https:\/\/blogopara.com.br\/wp-content\/uploads\/2023\/10\/Sindsemp-realiza-assembleia-com-cirurgioes-dentistas-e-auxiliares-de-saude-bucal-para-discutir-pautas-da-categoria-e-reforcar-a-mobilizacao-nacional-desta-quarta-25-2-300x169.jpeg",300,169,true],"medium_large":["https:\/\/blogopara.com.br\/wp-content\/uploads\/2023\/10\/Sindsemp-realiza-assembleia-com-cirurgioes-dentistas-e-auxiliares-de-saude-bucal-para-discutir-pautas-da-categoria-e-reforcar-a-mobilizacao-nacional-desta-quarta-25-2.jpeg",500,281,false],"large":["https:\/\/blogopara.com.br\/wp-content\/uploads\/2023\/10\/Sindsemp-realiza-assembleia-com-cirurgioes-dentistas-e-auxiliares-de-saude-bucal-para-discutir-pautas-da-categoria-e-reforcar-a-mobilizacao-nacional-desta-quarta-25-2.jpeg",500,281,false],"1536x1536":["https:\/\/blogopara.com.br\/wp-content\/uploads\/2023\/10\/Sindsemp-realiza-assembleia-com-cirurgioes-dentistas-e-auxiliares-de-saude-bucal-para-discutir-pautas-da-categoria-e-reforcar-a-mobilizacao-nacional-desta-quarta-25-2.jpeg",500,281,false],"2048x2048":["https:\/\/blogopara.com.br\/wp-content\/uploads\/2023\/10\/Sindsemp-realiza-assembleia-com-cirurgioes-dentistas-e-auxiliares-de-saude-bucal-para-discutir-pautas-da-categoria-e-reforcar-a-mobilizacao-nacional-desta-quarta-25-2.jpeg",500,281,false],"mantranews-slider-large":["https:\/\/blogopara.com.br\/wp-content\/uploads\/2023\/10\/Sindsemp-realiza-assembleia-com-cirurgioes-dentistas-e-auxiliares-de-saude-bucal-para-discutir-pautas-da-categoria-e-reforcar-a-mobilizacao-nacional-desta-quarta-25-2.jpeg",500,281,false],"mantranews-featured-medium":["https:\/\/blogopara.com.br\/wp-content\/uploads\/2023\/10\/Sindsemp-realiza-assembleia-com-cirurgioes-dentistas-e-auxiliares-de-saude-bucal-para-discutir-pautas-da-categoria-e-reforcar-a-mobilizacao-nacional-desta-quarta-25-2-420x281.jpeg",420,281,true],"mantranews-featured-long":["https:\/\/blogopara.com.br\/wp-content\/uploads\/2023\/10\/Sindsemp-realiza-assembleia-com-cirurgioes-dentistas-e-auxiliares-de-saude-bucal-para-discutir-pautas-da-categoria-e-reforcar-a-mobilizacao-nacional-desta-quarta-25-2-300x281.jpeg",300,281,true],"mantranews-block-medium":["https:\/\/blogopara.com.br\/wp-content\/uploads\/2023\/10\/Sindsemp-realiza-assembleia-com-cirurgioes-dentistas-e-auxiliares-de-saude-bucal-para-discutir-pautas-da-categoria-e-reforcar-a-mobilizacao-nacional-desta-quarta-25-2-464x281.jpeg",464,281,true],"mantranews-carousel-image":["https:\/\/blogopara.com.br\/wp-content\/uploads\/2023\/10\/Sindsemp-realiza-assembleia-com-cirurgioes-dentistas-e-auxiliares-de-saude-bucal-para-discutir-pautas-da-categoria-e-reforcar-a-mobilizacao-nacional-desta-quarta-25-2.jpeg",500,281,false],"mantranews-block-thumb":["https:\/\/blogopara.com.br\/wp-content\/uploads\/2023\/10\/Sindsemp-realiza-assembleia-com-cirurgioes-dentistas-e-auxiliares-de-saude-bucal-para-discutir-pautas-da-categoria-e-reforcar-a-mobilizacao-nacional-desta-quarta-25-2-322x230.jpeg",322,230,true],"mantranews-single-large":["https:\/\/blogopara.com.br\/wp-content\/uploads\/2023\/10\/Sindsemp-realiza-assembleia-com-cirurgioes-dentistas-e-auxiliares-de-saude-bucal-para-discutir-pautas-da-categoria-e-reforcar-a-mobilizacao-nacional-desta-quarta-25-2.jpeg",500,281,false]},"uagb_author_info":{"display_name":"Reda\u00e7\u00e3o geral","author_link":"https:\/\/blogopara.com.br\/index.php\/author\/blogopara"},"uagb_comment_info":0,"uagb_excerpt":"Buscando novas propostas para a melhoria e a valoriza\u00e7\u00e3o profissional dos cirurgi\u00f5es-dentistas e auxiliares de sa\u00fade bucal, o Sindicato dos Servidores P\u00fablicos Municipais de Petrolina (Sindsemp) convocou uma assembleia nesta ter\u00e7a-feira (24), para tratar de pautas da categoria, como a campanha salarial, a verba do incentivo de desempenho e a paralisa\u00e7\u00e3o nacional desta quarta-feira (25).Na&hellip;","jetpack_sharing_enabled":true,"jetpack_likes_enabled":true,"_links":{"self":[{"href":"https:\/\/blogopara.com.br\/index.php\/wp-json\/wp\/v2\/posts\/58575","targetHints":{"allow":["GET"]}}],"collection":[{"href":"https:\/\/blogopara.com.br\/index.php\/wp-json\/wp\/v2\/posts"}],"about":[{"href":"https:\/\/blogopara.com.br\/index.php\/wp-json\/wp\/v2\/types\/post"}],"author":[{"embeddable":true,"href":"https:\/\/blogopara.com.br\/index.php\/wp-json\/wp\/v2\/users\/1"}],"replies":[{"embeddable":true,"href":"https:\/\/blogopara.com.br\/index.php\/wp-json\/wp\/v2\/comments?post=58575"}],"version-history":[{"count":1,"href":"https:\/\/blogopara.com.br\/index.php\/wp-json\/wp\/v2\/posts\/58575\/revisions"}],"predecessor-version":[{"id":58577,"href":"https:\/\/blogopara.com.br\/index.php\/wp-json\/wp\/v2\/posts\/58575\/revisions\/58577"}],"wp:featuredmedia":[{"embeddable":true,"href":"https:\/\/blogopara.com.br\/index.php\/wp-json\/wp\/v2\/media\/58576"}],"wp:attachment":[{"href":"https:\/\/blogopara.com.br\/index.php\/wp-json\/wp\/v2\/media?parent=58575"}],"wp:term":[{"taxonomy":"category","embeddable":true,"href":"https:\/\/blogopara.com.br\/index.php\/wp-json\/wp\/v2\/categories?post=58575"},{"taxonomy":"post_tag","embeddable":true,"href":"https:\/\/blogopara.com.br\/index.php\/wp-json\/wp\/v2\/tags?post=58575"}],"curies":[{"name":"wp","href":"https:\/\/api.w.org\/{rel}","templated":true}]}}