{"id":58585,"date":"2023-10-27T18:02:00","date_gmt":"2023-10-27T21:02:00","guid":{"rendered":"https:\/\/blogopara.com.br\/?p=58585"},"modified":"2023-10-27T11:04:04","modified_gmt":"2023-10-27T14:04:04","slug":"campanha-multivacinacao-prefeitura-de-juazeiro-informa-suspensao-do-cronograma-neste-sabado-28","status":"publish","type":"post","link":"https:\/\/blogopara.com.br\/index.php\/2023\/10\/27\/campanha-multivacinacao-prefeitura-de-juazeiro-informa-suspensao-do-cronograma-neste-sabado-28","title":{"rendered":"Campanha Multivacina\u00e7\u00e3o: Prefeitura de Juazeiro informa suspens\u00e3o do cronograma neste s\u00e1bado (28)"},"content":{"rendered":"<p style=\"text-align: justify;\">A Prefeitura de Juazeiro, por meio da Secretaria de Sa\u00fade (Sesau), informa que a vacina\u00e7\u00e3o programada para este s\u00e1bado (28), dentro do cronograma da Campanha Multivacina\u00e7\u00e3o, foi suspensa em decorr\u00eancia do feriado do Dia do Servidor, celebrado nacionalmente em 28 de outubro.<br aria-hidden=\"true\" \/><br aria-hidden=\"true\" \/>As doses continuar\u00e3o sendo aplicadas nas Unidades B\u00e1sicas de Sa\u00fade de todo o munic\u00edpio de segunda a sexta-feira das 8h \u00e0s 12h e das 13h30 \u00e0s 16h30, na zona urbana, e das 7h \u00e0s 13h, na zona rural.<br aria-hidden=\"true\" \/><br aria-hidden=\"true\" \/>A superintendente de Vigil\u00e2ncia em Sa\u00fade, Caroline Morais, destacou a import\u00e2ncia da vacina\u00e7\u00e3o para preven\u00e7\u00e3o e controle de diversas doen\u00e7as. \u201cA Campanha Multivacina\u00e7\u00e3o tem por objetivo atualizar a caderneta de vacina\u00e7\u00e3o de crian\u00e7as e adolescentes menores de 15 anos. O Brasil, ao longo dos anos, teve uma redu\u00e7\u00e3o da cobertura vacinal o que ocasionou o retorno de muitas doen\u00e7as imunopreven\u00edveis, que podem, inclusive, levar a morte\u201d, disse.<br aria-hidden=\"true\" \/><br aria-hidden=\"true\" \/>Para ter acesso \u00e0s vacinas \u00e9 preciso apresentar RG ou certid\u00e3o de nascimento, carteira de vacina\u00e7\u00e3o e cart\u00e3o SUS da crian\u00e7a ou do adolescente com menos de 15 anos.<\/p>\n","protected":false},"excerpt":{"rendered":"<p>A Prefeitura de Juazeiro, por meio da Secretaria de Sa\u00fade (Sesau), informa que a vacina\u00e7\u00e3o programada para este s\u00e1bado (28), dentro do cronograma da Campanha Multivacina\u00e7\u00e3o, foi suspensa em decorr\u00eancia do feriado do Dia do Servidor, celebrado nacionalmente em 28 de outubro.As doses continuar\u00e3o sendo aplicadas nas Unidades B\u00e1sicas de Sa\u00fade de todo o munic\u00edpio [&hellip;]<\/p>\n","protected":false},"author":1,"featured_media":51753,"comment_status":"closed","ping_status":"open","sticky":false,"template":"","format":"standard","meta":{"_uag_custom_page_level_css":"","_monsterinsights_skip_tracking":false,"_monsterinsights_sitenote_active":false,"_monsterinsights_sitenote_note":"","_monsterinsights_sitenote_category":0,"jetpack_post_was_ever_published":false,"_jetpack_newsletter_access":"","_jetpack_dont_email_post_to_subs":false,"_jetpack_newsletter_tier_id":0,"_jetpack_memberships_contains_paywalled_content":false,"_jetpack_memberships_contains_paid_content":false,"footnotes":"","jetpack_publicize_message":"","jetpack_publicize_feature_enabled":true,"jetpack_social_post_already_shared":true,"jetpack_social_options":{"image_generator_settings":{"template":"highway","default_image_id":0,"font":"","enabled":false},"version":2}},"categories":[205],"tags":[3138],"class_list":["post-58585","post","type-post","status-publish","format-standard","has-post-thumbnail","hentry","category-saude","tag-mais-saude"],"jetpack_publicize_connections":[],"jetpack_featured_media_url":"https:\/\/blogopara.com.br\/wp-content\/uploads\/2023\/04\/vacina-gestante.jpeg","uagb_featured_image_src":{"full":["https:\/\/blogopara.com.br\/wp-content\/uploads\/2023\/04\/vacina-gestante.jpeg",500,515,false],"thumbnail":["https:\/\/blogopara.com.br\/wp-content\/uploads\/2023\/04\/vacina-gestante-150x150.jpeg",150,150,true],"medium":["https:\/\/blogopara.com.br\/wp-content\/uploads\/2023\/04\/vacina-gestante-291x300.jpeg",291,300,true],"medium_large":["https:\/\/blogopara.com.br\/wp-content\/uploads\/2023\/04\/vacina-gestante.jpeg",500,515,false],"large":["https:\/\/blogopara.com.br\/wp-content\/uploads\/2023\/04\/vacina-gestante.jpeg",500,515,false],"1536x1536":["https:\/\/blogopara.com.br\/wp-content\/uploads\/2023\/04\/vacina-gestante.jpeg",500,515,false],"2048x2048":["https:\/\/blogopara.com.br\/wp-content\/uploads\/2023\/04\/vacina-gestante.jpeg",500,515,false],"mantranews-slider-large":["https:\/\/blogopara.com.br\/wp-content\/uploads\/2023\/04\/vacina-gestante.jpeg",500,515,false],"mantranews-featured-medium":["https:\/\/blogopara.com.br\/wp-content\/uploads\/2023\/04\/vacina-gestante-420x307.jpeg",420,307,true],"mantranews-featured-long":["https:\/\/blogopara.com.br\/wp-content\/uploads\/2023\/04\/vacina-gestante-300x443.jpeg",300,443,true],"mantranews-block-medium":["https:\/\/blogopara.com.br\/wp-content\/uploads\/2023\/04\/vacina-gestante-464x290.jpeg",464,290,true],"mantranews-carousel-image":["https:\/\/blogopara.com.br\/wp-content\/uploads\/2023\/04\/vacina-gestante-500x500.jpeg",500,500,true],"mantranews-block-thumb":["https:\/\/blogopara.com.br\/wp-content\/uploads\/2023\/04\/vacina-gestante-322x230.jpeg",322,230,true],"mantranews-single-large":["https:\/\/blogopara.com.br\/wp-content\/uploads\/2023\/04\/vacina-gestante.jpeg",500,515,false]},"uagb_author_info":{"display_name":"Reda\u00e7\u00e3o geral","author_link":"https:\/\/blogopara.com.br\/index.php\/author\/blogopara"},"uagb_comment_info":0,"uagb_excerpt":"A Prefeitura de Juazeiro, por meio da Secretaria de Sa\u00fade (Sesau), informa que a vacina\u00e7\u00e3o programada para este s\u00e1bado (28), dentro do cronograma da Campanha Multivacina\u00e7\u00e3o, foi suspensa em decorr\u00eancia do feriado do Dia do Servidor, celebrado nacionalmente em 28 de outubro.As doses continuar\u00e3o sendo aplicadas nas Unidades B\u00e1sicas de Sa\u00fade de todo o munic\u00edpio&hellip;","jetpack_sharing_enabled":true,"jetpack_likes_enabled":true,"_links":{"self":[{"href":"https:\/\/blogopara.com.br\/index.php\/wp-json\/wp\/v2\/posts\/58585","targetHints":{"allow":["GET"]}}],"collection":[{"href":"https:\/\/blogopara.com.br\/index.php\/wp-json\/wp\/v2\/posts"}],"about":[{"href":"https:\/\/blogopara.com.br\/index.php\/wp-json\/wp\/v2\/types\/post"}],"author":[{"embeddable":true,"href":"https:\/\/blogopara.com.br\/index.php\/wp-json\/wp\/v2\/users\/1"}],"replies":[{"embeddable":true,"href":"https:\/\/blogopara.com.br\/index.php\/wp-json\/wp\/v2\/comments?post=58585"}],"version-history":[{"count":1,"href":"https:\/\/blogopara.com.br\/index.php\/wp-json\/wp\/v2\/posts\/58585\/revisions"}],"predecessor-version":[{"id":58586,"href":"https:\/\/blogopara.com.br\/index.php\/wp-json\/wp\/v2\/posts\/58585\/revisions\/58586"}],"wp:featuredmedia":[{"embeddable":true,"href":"https:\/\/blogopara.com.br\/index.php\/wp-json\/wp\/v2\/media\/51753"}],"wp:attachment":[{"href":"https:\/\/blogopara.com.br\/index.php\/wp-json\/wp\/v2\/media?parent=58585"}],"wp:term":[{"taxonomy":"category","embeddable":true,"href":"https:\/\/blogopara.com.br\/index.php\/wp-json\/wp\/v2\/categories?post=58585"},{"taxonomy":"post_tag","embeddable":true,"href":"https:\/\/blogopara.com.br\/index.php\/wp-json\/wp\/v2\/tags?post=58585"}],"curies":[{"name":"wp","href":"https:\/\/api.w.org\/{rel}","templated":true}]}}