{"id":58593,"date":"2023-10-28T10:56:00","date_gmt":"2023-10-28T13:56:00","guid":{"rendered":"https:\/\/blogopara.com.br\/?p=58593"},"modified":"2023-10-27T19:59:17","modified_gmt":"2023-10-27T22:59:17","slug":"conferencia-municipal-de-educacao-de-juazeiro-reuniu-sociedade-civil-e-representantes-governamentais","status":"publish","type":"post","link":"https:\/\/blogopara.com.br\/index.php\/2023\/10\/28\/conferencia-municipal-de-educacao-de-juazeiro-reuniu-sociedade-civil-e-representantes-governamentais","title":{"rendered":"Confer\u00eancia Municipal de Educa\u00e7\u00e3o de Juazeiro reuniu sociedade civil e representantes governamentais"},"content":{"rendered":"<p class=\"x_MsoNormal\" style=\"text-align: justify;\">O Centro de Cultura Jo\u00e3o Gilberto, em Juazeiro, recebeu, nesta quinta-feira (26), V Confer\u00eancia Municipal de Educa\u00e7\u00e3o (Comed). O evento, realizado pela Prefeitura de Juazeiro, foi uma etapa preparat\u00f3ria para a Confer\u00eancia Estadual de Educa\u00e7\u00e3o e discutiu o Plano Nacional de Educa\u00e7\u00e3o (2024\/2034) \u2013 uma pol\u00edtica de Estado para garantia da educa\u00e7\u00e3o como direito humano, com justi\u00e7a social e desenvolvimento socioambiental sustent\u00e1vel.<\/p>\n<p class=\"x_MsoNormal\" style=\"text-align: justify;\">A Confer\u00eancia foi aberta oficialmente pelo secret\u00e1rio de Educa\u00e7\u00e3o, Wank Medrado, representando a prefeita Suzana Ramos. \u201cO direito \u00e0 educa\u00e7\u00e3o est\u00e1 contextualizado na premissa da igualdade, na concess\u00e3o, via Estado, de oportunidades iguais para que as pessoas possam acessar o conhecimento e, atrav\u00e9s dele, alcan\u00e7ar a sua emancipa\u00e7\u00e3o cognitiva e intelectual. Enquanto integrantes desse universo de aprendizagem, precisamos, para al\u00e9m do discurso, estabelecer a\u00e7\u00f5es concretas que impactem de maneira positiva no contexto educacional. Esse \u00e9 o momento de propor a\u00e7\u00f5es concretas na constru\u00e7\u00e3o de um plano que vai dirigir os destinos da educa\u00e7\u00e3o para os pr\u00f3ximos 10 anos\u201d, frisou Wank.<\/p>\n<p class=\"x_MsoNormal\" style=\"text-align: justify;\">Respons\u00e1vel pela coordena\u00e7\u00e3o da V Comed, a superintendente de Gest\u00e3o, Programas e Projetos da Seduc, Alexandrina Ara\u00fajo, lembrou a import\u00e2ncia da participa\u00e7\u00e3o popular. \u201cEstamos aqui para defender uma educa\u00e7\u00e3o inclusiva e equilibrada, com igualdade de oportunidades, acesso e perman\u00eancia, a todas as pessoas, em todos os n\u00edveis e modalidades. \u00c9 importante estarmos juntos, poder p\u00fablico e sociedade, para pensar e construir a educa\u00e7\u00e3o de Juazeiro para a pr\u00f3xima d\u00e9cada\u201d.<\/p>\n<p class=\"x_MsoNormal\" style=\"text-align: justify;\">A mesa de abertura contou, ainda, com a presen\u00e7a do coordenador do F\u00f3rum Estadual de Educa\u00e7\u00e3o da Bahia (FEEBA), Josemar Amorim de Assis, do presidente do Conselho Municipal de Educa\u00e7\u00e3o de Juazeiro (CME), Lino Marcos da Silva, do representante do Sindicato dos Trabalhadores em Educa\u00e7\u00e3o da Bahia (APLB), Humberto Cardoso, e da presidente da Associa\u00e7\u00e3o dos Trabalhadores da Educa\u00e7\u00e3o Pensionistas Aposentados e Ativos de Juazeiro (ATEPAAJ), Maeth Soares.<\/p>\n<p class=\"x_MsoNormal\" style=\"text-align: justify;\"><b>\u00a0<\/b><b>Programa\u00e7\u00e3o<\/b><\/p>\n<p class=\"x_MsoNormal\" style=\"text-align: justify;\">A programa\u00e7\u00e3o do evento incluiu a leitura e aprova\u00e7\u00e3o do regimento da V Comed, palestra magna com o assessor pedag\u00f3gico da Seduc, Salvador Alexandre, discuss\u00e3o dos grupos de trabalho, socializa\u00e7\u00e3o das propostas constru\u00eddas pelos grupos, al\u00e9m de visita\u00e7\u00e3o da Feira Empreendedora, com produtos da culin\u00e1ria e artesanato locais, e um momento cultural com a participa\u00e7\u00e3o de artistas da regi\u00e3o. As propostas constru\u00eddas coletivamente na V Comed ser\u00e3o levadas para discuss\u00e3o na Confer\u00eancia Estadual de Educa\u00e7\u00e3o, em dezembro.<\/p>\n<p class=\"x_MsoNormal\" style=\"text-align: justify;\">Professora do munic\u00edpio h\u00e1 24 anos, Maria Goreth dos Santos comentou a confer\u00eancia. \u201cEsse momento foi grandioso, porque atrav\u00e9s dele as pol\u00edticas p\u00fablicas ir\u00e3o chegar para o futuro da educa\u00e7\u00e3o no munic\u00edpio. A partir dessas discuss\u00f5es n\u00f3s vamos colher os frutos dos pr\u00f3ximos dez anos\u201d, pontuou a educadora, que atua na Escola Municipal Professora Maria de Lourdes Duarte.<\/p>\n<p class=\"x_MsoNormal\" style=\"text-align: justify;\">Marileia de Souza Rocha, professora de Atendimento Educacional Especializado (AEE) na rede municipal de ensino, tamb\u00e9m falou sobre a import\u00e2ncia da confer\u00eancia. \u201cFoi um momento important\u00edssimo. A gente convive muito com a teoria, mas buscamos tamb\u00e9m a pr\u00e1tica. Nesse lugar a gente conseguiu expressar as nossas indaga\u00e7\u00f5es enquanto teoria e encontramos a pr\u00e1tica, atrav\u00e9s da proposi\u00e7\u00e3o de a\u00e7\u00f5es\u201d.<\/p>\n<p class=\"x_MsoNormal\" style=\"text-align: justify;\">A Confer\u00eancia foi transmitida ao vivo pela TV Escola Juazeiro e est\u00e1 dispon\u00edvel no canal da Seduc no YouTube (<a id=\"LPlnk251215\" href=\"https:\/\/www.youtube.com\/watch?v=TZjS9-fBSaI\" target=\"_blank\" rel=\"noopener noreferrer\" data-auth=\"NotApplicable\" data-linkindex=\"0\">https:\/\/www.youtube.com\/watch?v=TZjS9-fBSaI<\/a><\/p>\n<div id=\"LPBorder_BVTaHR0cHM6Ly93d3cueW91dHViZS5jb20vd2F0Y2g:dj1UWmpTOS1mQlNhSQ..\" class=\"LPBorder367796\" style=\"text-align: justify;\">\n<table id=\"LPContainer367796\" role=\"presentation\">\n<tbody>\n<tr valign=\"top\">\n<td>\n<div id=\"LPImageContainer367796\"><a id=\"LPImageAnchor367796\" href=\"https:\/\/www.youtube.com\/watch?v=TZjS9-fBSaI\" target=\"_blank\" rel=\"noopener\"><img loading=\"lazy\" decoding=\"async\" id=\"LPThumbnailImageId367796\" src=\"https:\/\/www.bing.com\/th?id=OVP._VR_wRQYb4KI1RVKsxe98AHgFo&amp;pid=Api\" alt=\"\" width=\"240\" height=\"180\" \/><\/a><\/p>\n<div id=\"LPPlayButton367796\" class=\"wuuQW\"><i class=\"G1nNr root-313\" data-icon-name=\"Play\" aria-hidden=\"true\">\ue768<\/i><\/div>\n<\/div>\n<\/td>\n<td>\n<div id=\"LPTitle367796\"><a id=\"LPUrlAnchor367796\" href=\"https:\/\/www.youtube.com\/watch?v=TZjS9-fBSaI\" target=\"_blank\" rel=\"noopener\">FOR\u00daM MUNICIPAL DE EDUCA\u00c7\u00c3O &#8211; JUAZEIRO &#8211; BA<\/a><\/div>\n<div id=\"LPDescription367796\">EDUCA\u00c7\u00c3O COMO UM DIREITO HUMANO E FUNDAMENTAL<\/div>\n<div id=\"LPMetadata367796\">www.youtube.com<\/div>\n<\/td>\n<\/tr>\n<\/tbody>\n<\/table>\n<\/div>\n","protected":false},"excerpt":{"rendered":"<p>O Centro de Cultura Jo\u00e3o Gilberto, em Juazeiro, recebeu, nesta quinta-feira (26), V Confer\u00eancia Municipal de Educa\u00e7\u00e3o (Comed). O evento, realizado pela Prefeitura de Juazeiro, foi uma etapa preparat\u00f3ria para a Confer\u00eancia Estadual de Educa\u00e7\u00e3o e discutiu o Plano Nacional de Educa\u00e7\u00e3o (2024\/2034) \u2013 uma pol\u00edtica de Estado para garantia da educa\u00e7\u00e3o como direito humano, [&hellip;]<\/p>\n","protected":false},"author":1,"featured_media":58594,"comment_status":"closed","ping_status":"open","sticky":false,"template":"","format":"standard","meta":{"_uag_custom_page_level_css":"","_monsterinsights_skip_tracking":false,"_monsterinsights_sitenote_active":false,"_monsterinsights_sitenote_note":"","_monsterinsights_sitenote_category":0,"jetpack_post_was_ever_published":false,"_jetpack_newsletter_access":"","_jetpack_dont_email_post_to_subs":false,"_jetpack_newsletter_tier_id":0,"_jetpack_memberships_contains_paywalled_content":false,"_jetpack_memberships_contains_paid_content":false,"footnotes":"","jetpack_publicize_message":"","jetpack_publicize_feature_enabled":true,"jetpack_social_post_already_shared":true,"jetpack_social_options":{"image_generator_settings":{"template":"highway","default_image_id":0,"font":"","enabled":false},"version":2}},"categories":[209],"tags":[],"class_list":["post-58593","post","type-post","status-publish","format-standard","has-post-thumbnail","hentry","category-educacao"],"jetpack_publicize_connections":[],"jetpack_featured_media_url":"https:\/\/blogopara.com.br\/wp-content\/uploads\/2023\/10\/thumbnail_53288488966_eddc3ae128_c.jpg","uagb_featured_image_src":{"full":["https:\/\/blogopara.com.br\/wp-content\/uploads\/2023\/10\/thumbnail_53288488966_eddc3ae128_c.jpg",500,333,false],"thumbnail":["https:\/\/blogopara.com.br\/wp-content\/uploads\/2023\/10\/thumbnail_53288488966_eddc3ae128_c-150x150.jpg",150,150,true],"medium":["https:\/\/blogopara.com.br\/wp-content\/uploads\/2023\/10\/thumbnail_53288488966_eddc3ae128_c-300x200.jpg",300,200,true],"medium_large":["https:\/\/blogopara.com.br\/wp-content\/uploads\/2023\/10\/thumbnail_53288488966_eddc3ae128_c.jpg",500,333,false],"large":["https:\/\/blogopara.com.br\/wp-content\/uploads\/2023\/10\/thumbnail_53288488966_eddc3ae128_c.jpg",500,333,false],"1536x1536":["https:\/\/blogopara.com.br\/wp-content\/uploads\/2023\/10\/thumbnail_53288488966_eddc3ae128_c.jpg",500,333,false],"2048x2048":["https:\/\/blogopara.com.br\/wp-content\/uploads\/2023\/10\/thumbnail_53288488966_eddc3ae128_c.jpg",500,333,false],"mantranews-slider-large":["https:\/\/blogopara.com.br\/wp-content\/uploads\/2023\/10\/thumbnail_53288488966_eddc3ae128_c.jpg",500,333,false],"mantranews-featured-medium":["https:\/\/blogopara.com.br\/wp-content\/uploads\/2023\/10\/thumbnail_53288488966_eddc3ae128_c-420x307.jpg",420,307,true],"mantranews-featured-long":["https:\/\/blogopara.com.br\/wp-content\/uploads\/2023\/10\/thumbnail_53288488966_eddc3ae128_c-300x333.jpg",300,333,true],"mantranews-block-medium":["https:\/\/blogopara.com.br\/wp-content\/uploads\/2023\/10\/thumbnail_53288488966_eddc3ae128_c-464x290.jpg",464,290,true],"mantranews-carousel-image":["https:\/\/blogopara.com.br\/wp-content\/uploads\/2023\/10\/thumbnail_53288488966_eddc3ae128_c.jpg",500,333,false],"mantranews-block-thumb":["https:\/\/blogopara.com.br\/wp-content\/uploads\/2023\/10\/thumbnail_53288488966_eddc3ae128_c-322x230.jpg",322,230,true],"mantranews-single-large":["https:\/\/blogopara.com.br\/wp-content\/uploads\/2023\/10\/thumbnail_53288488966_eddc3ae128_c.jpg",500,333,false]},"uagb_author_info":{"display_name":"Reda\u00e7\u00e3o geral","author_link":"https:\/\/blogopara.com.br\/index.php\/author\/blogopara"},"uagb_comment_info":0,"uagb_excerpt":"O Centro de Cultura Jo\u00e3o Gilberto, em Juazeiro, recebeu, nesta quinta-feira (26), V Confer\u00eancia Municipal de Educa\u00e7\u00e3o (Comed). O evento, realizado pela Prefeitura de Juazeiro, foi uma etapa preparat\u00f3ria para a Confer\u00eancia Estadual de Educa\u00e7\u00e3o e discutiu o Plano Nacional de Educa\u00e7\u00e3o (2024\/2034) \u2013 uma pol\u00edtica de Estado para garantia da educa\u00e7\u00e3o como direito humano,&hellip;","jetpack_sharing_enabled":true,"jetpack_likes_enabled":true,"_links":{"self":[{"href":"https:\/\/blogopara.com.br\/index.php\/wp-json\/wp\/v2\/posts\/58593","targetHints":{"allow":["GET"]}}],"collection":[{"href":"https:\/\/blogopara.com.br\/index.php\/wp-json\/wp\/v2\/posts"}],"about":[{"href":"https:\/\/blogopara.com.br\/index.php\/wp-json\/wp\/v2\/types\/post"}],"author":[{"embeddable":true,"href":"https:\/\/blogopara.com.br\/index.php\/wp-json\/wp\/v2\/users\/1"}],"replies":[{"embeddable":true,"href":"https:\/\/blogopara.com.br\/index.php\/wp-json\/wp\/v2\/comments?post=58593"}],"version-history":[{"count":1,"href":"https:\/\/blogopara.com.br\/index.php\/wp-json\/wp\/v2\/posts\/58593\/revisions"}],"predecessor-version":[{"id":58595,"href":"https:\/\/blogopara.com.br\/index.php\/wp-json\/wp\/v2\/posts\/58593\/revisions\/58595"}],"wp:featuredmedia":[{"embeddable":true,"href":"https:\/\/blogopara.com.br\/index.php\/wp-json\/wp\/v2\/media\/58594"}],"wp:attachment":[{"href":"https:\/\/blogopara.com.br\/index.php\/wp-json\/wp\/v2\/media?parent=58593"}],"wp:term":[{"taxonomy":"category","embeddable":true,"href":"https:\/\/blogopara.com.br\/index.php\/wp-json\/wp\/v2\/categories?post=58593"},{"taxonomy":"post_tag","embeddable":true,"href":"https:\/\/blogopara.com.br\/index.php\/wp-json\/wp\/v2\/tags?post=58593"}],"curies":[{"name":"wp","href":"https:\/\/api.w.org\/{rel}","templated":true}]}}