{"id":58609,"date":"2023-10-28T13:11:00","date_gmt":"2023-10-28T16:11:00","guid":{"rendered":"https:\/\/blogopara.com.br\/?p=58609"},"modified":"2023-10-27T20:11:50","modified_gmt":"2023-10-27T23:11:50","slug":"custo-da-cesta-basica-cai-em-todas-as-regioes-do-pais-em-setembro","status":"publish","type":"post","link":"https:\/\/blogopara.com.br\/index.php\/2023\/10\/28\/custo-da-cesta-basica-cai-em-todas-as-regioes-do-pais-em-setembro","title":{"rendered":"Custo da cesta b\u00e1sica cai em todas as regi\u00f5es do pa\u00eds em setembro"},"content":{"rendered":"<p style=\"text-align: justify;\">Em setembro, o custo da cesta b\u00e1sica Abrasmercado, composta por 35 produtos de largo consumo, caiu em todas as regi\u00f5es do pa\u00eds, informou, nesta quinta-feira (26), a Associa\u00e7\u00e3o Brasileira de Supermercados (Abras). A queda foi de 1,72% na compara\u00e7\u00e3o com agosto.<\/p>\n<p style=\"text-align: justify;\">Segundo a Abras, nesse per\u00edodo, o pre\u00e7o m\u00e9dio da cesta recuou de R$ 717,55 para R$ 705,22. A maior queda foi registrada na Regi\u00e3o Sul (-2,19%), seguida pelas regi\u00f5es Nordeste (-1,69%), Sudeste (-1,51%), Centro-Oeste (-1,16%) e Norte (-0,71%).<\/p>\n<p style=\"text-align: justify;\">Quando se considera a cesta de alimentos b\u00e1sicos, com 12 produtos, a queda foi de 1,93% em setembro em rela\u00e7\u00e3o a agosto, com o pre\u00e7o m\u00e9dio saindo de R$ 305,00 para R$ 299,10.<\/p>\n<p style=\"text-align: justify;\">J\u00e1 o item consumo nos lares brasileiros manteve-se em setembro no patamar de crescimento de agosto, em torno de 0,80%. Na compara\u00e7\u00e3o com setembro do ano passado, o crescimento foi de 1,10%. No ano, a alta \u00e9 de 2,62% em rela\u00e7\u00e3o a 2022.<\/p>\n<p style=\"text-align: justify;\">\u201cO consumo se mant\u00e9m firme e tende a seguir nesse ritmo at\u00e9 o final do ano, uma vez que passamos a compar\u00e1-lo com uma base forte de crescimento. H\u00e1 de se recordar que foram injetados cerca de R$ 41,2 bilh\u00f5es na economia com a PEC [proposta de emenda \u00e0 Constitui\u00e7\u00e3o] dos Benef\u00edcios no ano anterior, que impulsionou o consumo no segundo semestre. Neste ano, os recursos escalonados e mais previs\u00edveis movimentam a economia e sustentam o consumo no domic\u00edlio, assim como as quedas consecutivas nos pre\u00e7os dos alimentos \u201d, disse, em nota, o vice-presidente da Abras, Marcio Milan. (Ag\u00eancia Brasil)<\/p>\n","protected":false},"excerpt":{"rendered":"<p>Em setembro, o custo da cesta b\u00e1sica Abrasmercado, composta por 35 produtos de largo consumo, caiu em todas as regi\u00f5es do pa\u00eds, informou, nesta quinta-feira (26), a Associa\u00e7\u00e3o Brasileira de Supermercados (Abras). A queda foi de 1,72% na compara\u00e7\u00e3o com agosto. Segundo a Abras, nesse per\u00edodo, o pre\u00e7o m\u00e9dio da cesta recuou de R$ 717,55 [&hellip;]<\/p>\n","protected":false},"author":1,"featured_media":20623,"comment_status":"closed","ping_status":"open","sticky":false,"template":"","format":"standard","meta":{"_uag_custom_page_level_css":"","_monsterinsights_skip_tracking":false,"_monsterinsights_sitenote_active":false,"_monsterinsights_sitenote_note":"","_monsterinsights_sitenote_category":0,"jetpack_post_was_ever_published":false,"_jetpack_newsletter_access":"","_jetpack_dont_email_post_to_subs":false,"_jetpack_newsletter_tier_id":0,"_jetpack_memberships_contains_paywalled_content":false,"_jetpack_memberships_contains_paid_content":false,"footnotes":"","jetpack_publicize_message":"","jetpack_publicize_feature_enabled":true,"jetpack_social_post_already_shared":true,"jetpack_social_options":{"image_generator_settings":{"template":"highway","default_image_id":0,"font":"","enabled":false},"version":2}},"categories":[200],"tags":[],"class_list":["post-58609","post","type-post","status-publish","format-standard","has-post-thumbnail","hentry","category-brasil"],"jetpack_publicize_connections":[],"jetpack_featured_media_url":"https:\/\/blogopara.com.br\/wp-content\/uploads\/2021\/03\/Cesta09.03.jpg","uagb_featured_image_src":{"full":["https:\/\/blogopara.com.br\/wp-content\/uploads\/2021\/03\/Cesta09.03.jpg",500,375,false],"thumbnail":["https:\/\/blogopara.com.br\/wp-content\/uploads\/2021\/03\/Cesta09.03-150x150.jpg",150,150,true],"medium":["https:\/\/blogopara.com.br\/wp-content\/uploads\/2021\/03\/Cesta09.03-300x225.jpg",300,225,true],"medium_large":["https:\/\/blogopara.com.br\/wp-content\/uploads\/2021\/03\/Cesta09.03.jpg",500,375,false],"large":["https:\/\/blogopara.com.br\/wp-content\/uploads\/2021\/03\/Cesta09.03.jpg",500,375,false],"1536x1536":["https:\/\/blogopara.com.br\/wp-content\/uploads\/2021\/03\/Cesta09.03.jpg",500,375,false],"2048x2048":["https:\/\/blogopara.com.br\/wp-content\/uploads\/2021\/03\/Cesta09.03.jpg",500,375,false],"mantranews-slider-large":["https:\/\/blogopara.com.br\/wp-content\/uploads\/2021\/03\/Cesta09.03.jpg",500,375,false],"mantranews-featured-medium":["https:\/\/blogopara.com.br\/wp-content\/uploads\/2021\/03\/Cesta09.03-420x307.jpg",420,307,true],"mantranews-featured-long":["https:\/\/blogopara.com.br\/wp-content\/uploads\/2021\/03\/Cesta09.03-300x375.jpg",300,375,true],"mantranews-block-medium":["https:\/\/blogopara.com.br\/wp-content\/uploads\/2021\/03\/Cesta09.03-464x290.jpg",464,290,true],"mantranews-carousel-image":["https:\/\/blogopara.com.br\/wp-content\/uploads\/2021\/03\/Cesta09.03.jpg",500,375,false],"mantranews-block-thumb":["https:\/\/blogopara.com.br\/wp-content\/uploads\/2021\/03\/Cesta09.03-322x230.jpg",322,230,true],"mantranews-single-large":["https:\/\/blogopara.com.br\/wp-content\/uploads\/2021\/03\/Cesta09.03.jpg",500,375,false]},"uagb_author_info":{"display_name":"Reda\u00e7\u00e3o geral","author_link":"https:\/\/blogopara.com.br\/index.php\/author\/blogopara"},"uagb_comment_info":0,"uagb_excerpt":"Em setembro, o custo da cesta b\u00e1sica Abrasmercado, composta por 35 produtos de largo consumo, caiu em todas as regi\u00f5es do pa\u00eds, informou, nesta quinta-feira (26), a Associa\u00e7\u00e3o Brasileira de Supermercados (Abras). A queda foi de 1,72% na compara\u00e7\u00e3o com agosto. Segundo a Abras, nesse per\u00edodo, o pre\u00e7o m\u00e9dio da cesta recuou de R$ 717,55&hellip;","jetpack_sharing_enabled":true,"jetpack_likes_enabled":true,"_links":{"self":[{"href":"https:\/\/blogopara.com.br\/index.php\/wp-json\/wp\/v2\/posts\/58609","targetHints":{"allow":["GET"]}}],"collection":[{"href":"https:\/\/blogopara.com.br\/index.php\/wp-json\/wp\/v2\/posts"}],"about":[{"href":"https:\/\/blogopara.com.br\/index.php\/wp-json\/wp\/v2\/types\/post"}],"author":[{"embeddable":true,"href":"https:\/\/blogopara.com.br\/index.php\/wp-json\/wp\/v2\/users\/1"}],"replies":[{"embeddable":true,"href":"https:\/\/blogopara.com.br\/index.php\/wp-json\/wp\/v2\/comments?post=58609"}],"version-history":[{"count":1,"href":"https:\/\/blogopara.com.br\/index.php\/wp-json\/wp\/v2\/posts\/58609\/revisions"}],"predecessor-version":[{"id":58610,"href":"https:\/\/blogopara.com.br\/index.php\/wp-json\/wp\/v2\/posts\/58609\/revisions\/58610"}],"wp:featuredmedia":[{"embeddable":true,"href":"https:\/\/blogopara.com.br\/index.php\/wp-json\/wp\/v2\/media\/20623"}],"wp:attachment":[{"href":"https:\/\/blogopara.com.br\/index.php\/wp-json\/wp\/v2\/media?parent=58609"}],"wp:term":[{"taxonomy":"category","embeddable":true,"href":"https:\/\/blogopara.com.br\/index.php\/wp-json\/wp\/v2\/categories?post=58609"},{"taxonomy":"post_tag","embeddable":true,"href":"https:\/\/blogopara.com.br\/index.php\/wp-json\/wp\/v2\/tags?post=58609"}],"curies":[{"name":"wp","href":"https:\/\/api.w.org\/{rel}","templated":true}]}}