{"id":58611,"date":"2023-10-28T16:12:00","date_gmt":"2023-10-28T19:12:00","guid":{"rendered":"https:\/\/blogopara.com.br\/?p=58611"},"modified":"2023-10-27T20:15:25","modified_gmt":"2023-10-27T23:15:25","slug":"cantora-gospel-sara-mariano-e-encontrada-morta","status":"publish","type":"post","link":"https:\/\/blogopara.com.br\/index.php\/2023\/10\/28\/cantora-gospel-sara-mariano-e-encontrada-morta","title":{"rendered":"Cantora gospel Sara Mariano \u00e9 encontrada morta"},"content":{"rendered":"<div class=\"mdc-layout-grid__cell mdc-layout-grid__cell--span-6-desktop mdc-layout-grid__cell--span-8-tablet comp paragrafo cXenseParse\">\n<p style=\"text-align: justify;\">A cantora gospel Sara Mariano, 35 anos, foi encontrada morta na tarde desta sexta-feira (27). Segundo a Pol\u00edcia Civil, o marido da v\u00edtima j\u00e1 reconheceu o corpo, que ainda passar\u00e1 por per\u00edcia. A irm\u00e3 da evang\u00e9lica, Soraya, publicou na tarde desta sexta-feira (27) em seu Instagram uma\u00a0<b>mensagem de luto se despedindo da familiar.<\/b><\/p>\n<\/div>\n<div class=\"mdc-layout-grid__cell mdc-layout-grid__cell--span-6-desktop mdc-layout-grid__cell--span-8-tablet comp paragrafo cXenseParse\" style=\"text-align: justify;\">\n<p>No in\u00edcio da tarde um corpo feminino foi encontrado carbonizado \u00e0s margens da BA-093, na altura de Dias D\u2019\u00c1vila, de acordo com a Pol\u00edcia Militar, que enviou equipes da 36\u00aa Companhia Independente (CIPM) ao local.<\/p>\n<\/div>\n<div class=\"mdc-layout-grid__cell mdc-layout-grid__cell--span-6-desktop mdc-layout-grid__cell--span-8-tablet comp paragrafo cXenseParse\" style=\"text-align: justify;\">\n<p>O Departamento de Pol\u00edcia T\u00e9cnica (DPT) foi at\u00e9 o local para realiza\u00e7\u00e3o da per\u00edcia e remo\u00e7\u00e3o do corpo. A Pol\u00edcia Civil diz que equipes da 25\u00aa Delegacia (Dias D&#8217;\u00c1vila) foram acionadas para a ocorr\u00eancia e que o DPT tamb\u00e9m confirmar formalmente a identidade do cad\u00e1ver, que j\u00e1 foi reconhecido pelo marido.<\/p>\n<\/div>\n<div class=\"mdc-layout-grid__cell mdc-layout-grid__cell--span-6-desktop mdc-layout-grid__cell--span-8-tablet comp paragrafo cXenseParse\" style=\"text-align: justify;\">\n<p>Autoria e motiva\u00e7\u00e3o ainda est\u00e3o sendo investigadas, informou a pol\u00edcia.<\/p>\n<\/div>\n<div class=\"mdc-layout-grid__cell mdc-layout-grid__cell--span-6-desktop mdc-layout-grid__cell--span-8-tablet comp paragrafo cXenseParse\" style=\"text-align: justify;\">\n<p>De acordo com Ederlan, esposo da cantora, Sara tinha o costume de participar de v\u00e1rios eventos religiosos e na noite de ter\u00e7a um carro foi busc\u00e1-la para lev\u00e1-la at\u00e9 o encontro do qual ela participaria. Mais tarde, ele tentou falar com a esposa e n\u00e3o conseguiu.<\/p>\n<\/div>\n<div class=\"mdc-layout-grid__cell mdc-layout-grid__cell--span-6-desktop mdc-layout-grid__cell--span-8-tablet comp paragrafo cXenseParse\" style=\"text-align: justify;\">\n<p><b>Segredo<\/b><\/p>\n<\/div>\n<div class=\"banner mdc-layout-grid__cell mdc-layout-grid__cell--span-6-desktop mdc-layout-grid__cell--span-8-tablet comp\" style=\"text-align: justify;\">\n<div class=\"banner__wrap container\">\n<div class=\"banner__content no-shift\">\n<div id=\"internas_336x280_03\" data-google-query-id=\"CMGA57Ctl4IDFb-olQIdcHQCZg\">\n<div id=\"google_ads_iframe_\/44585206\/d_c24h_internas_336x280_2__container__\"><span style=\"font-size: revert; color: initial;\">A m\u00e3e da cantora gospel revelou que Sara tinha algo s\u00e9rio para contar.<\/span><\/div>\n<\/div>\n<\/div>\n<\/div>\n<\/div>\n<div class=\"mdc-layout-grid__cell mdc-layout-grid__cell--span-6-desktop mdc-layout-grid__cell--span-8-tablet comp paragrafo cXenseParse\" style=\"text-align: justify;\">\n<p>Em um v\u00eddeo publicado por Soraya Correia, irm\u00e3 de Sara, a m\u00e3e relata que um dia antes do desaparecimento, Sara havia dito que precisava contar algo s\u00e9rio. &#8216;Estou muito aflita porque minha filha est\u00e1 sumida desde de ter\u00e7a, ela falou segunda comigo e disse que ia me falar algo muito s\u00e9rio, e at\u00e9 hoje n\u00e3o me deu mais resposta&#8221;, diz.<\/p>\n<\/div>\n<div class=\"mdc-layout-grid__cell mdc-layout-grid__cell--span-6-desktop mdc-layout-grid__cell--span-8-tablet comp paragrafo cXenseParse\">\n<p style=\"text-align: justify;\">Em outro trecho do v\u00eddeo, a m\u00e3e da cantora tamb\u00e9m diz achar estranho o depoimento prestado pelo marido de Sara, em afirmar n\u00e3o ter conhecimento do local do evento em que a cantora participaria. &#8220;Vim saber por minha filha, que disse que o esposo dela disse que ela tinha sumido, ido para um evento e n\u00e3o voltou mais. Eu fico preocupada, sem saber e sem acreditar em uma coisa dessa, como um marido n\u00e3o sabe o nome da igreja que a esposa foi, n\u00e3o sabe o nome da igreja? Agora todo mundo est\u00e1 desesperado sem saber o que aconteceu&#8221;, desabafou.<\/p>\n<p>Fonte: Correio da Bahia<\/p>\n<\/div>\n","protected":false},"excerpt":{"rendered":"<p>A cantora gospel Sara Mariano, 35 anos, foi encontrada morta na tarde desta sexta-feira (27). Segundo a Pol\u00edcia Civil, o marido da v\u00edtima j\u00e1 reconheceu o corpo, que ainda passar\u00e1 por per\u00edcia. A irm\u00e3 da evang\u00e9lica, Soraya, publicou na tarde desta sexta-feira (27) em seu Instagram uma\u00a0mensagem de luto se despedindo da familiar. No in\u00edcio [&hellip;]<\/p>\n","protected":false},"author":1,"featured_media":58612,"comment_status":"closed","ping_status":"open","sticky":false,"template":"","format":"standard","meta":{"_uag_custom_page_level_css":"","_monsterinsights_skip_tracking":false,"_monsterinsights_sitenote_active":false,"_monsterinsights_sitenote_note":"","_monsterinsights_sitenote_category":0,"jetpack_post_was_ever_published":false,"_jetpack_newsletter_access":"","_jetpack_dont_email_post_to_subs":false,"_jetpack_newsletter_tier_id":0,"_jetpack_memberships_contains_paywalled_content":false,"_jetpack_memberships_contains_paid_content":false,"footnotes":"","jetpack_publicize_message":"","jetpack_publicize_feature_enabled":true,"jetpack_social_post_already_shared":true,"jetpack_social_options":{"image_generator_settings":{"template":"highway","default_image_id":0,"font":"","enabled":false},"version":2}},"categories":[199],"tags":[10136,4889,74],"class_list":["post-58611","post","type-post","status-publish","format-standard","has-post-thumbnail","hentry","category-bahia","tag-pt-da-bahia","tag-ssp-ba","tag-violencia"],"jetpack_publicize_connections":[],"jetpack_featured_media_url":"https:\/\/blogopara.com.br\/wp-content\/uploads\/2023\/10\/d487dd7e-0799-4abe-b270-d010f81422b6.jpg","uagb_featured_image_src":{"full":["https:\/\/blogopara.com.br\/wp-content\/uploads\/2023\/10\/d487dd7e-0799-4abe-b270-d010f81422b6.jpg",500,333,false],"thumbnail":["https:\/\/blogopara.com.br\/wp-content\/uploads\/2023\/10\/d487dd7e-0799-4abe-b270-d010f81422b6-150x150.jpg",150,150,true],"medium":["https:\/\/blogopara.com.br\/wp-content\/uploads\/2023\/10\/d487dd7e-0799-4abe-b270-d010f81422b6-300x200.jpg",300,200,true],"medium_large":["https:\/\/blogopara.com.br\/wp-content\/uploads\/2023\/10\/d487dd7e-0799-4abe-b270-d010f81422b6.jpg",500,333,false],"large":["https:\/\/blogopara.com.br\/wp-content\/uploads\/2023\/10\/d487dd7e-0799-4abe-b270-d010f81422b6.jpg",500,333,false],"1536x1536":["https:\/\/blogopara.com.br\/wp-content\/uploads\/2023\/10\/d487dd7e-0799-4abe-b270-d010f81422b6.jpg",500,333,false],"2048x2048":["https:\/\/blogopara.com.br\/wp-content\/uploads\/2023\/10\/d487dd7e-0799-4abe-b270-d010f81422b6.jpg",500,333,false],"mantranews-slider-large":["https:\/\/blogopara.com.br\/wp-content\/uploads\/2023\/10\/d487dd7e-0799-4abe-b270-d010f81422b6.jpg",500,333,false],"mantranews-featured-medium":["https:\/\/blogopara.com.br\/wp-content\/uploads\/2023\/10\/d487dd7e-0799-4abe-b270-d010f81422b6-420x307.jpg",420,307,true],"mantranews-featured-long":["https:\/\/blogopara.com.br\/wp-content\/uploads\/2023\/10\/d487dd7e-0799-4abe-b270-d010f81422b6-300x333.jpg",300,333,true],"mantranews-block-medium":["https:\/\/blogopara.com.br\/wp-content\/uploads\/2023\/10\/d487dd7e-0799-4abe-b270-d010f81422b6-464x290.jpg",464,290,true],"mantranews-carousel-image":["https:\/\/blogopara.com.br\/wp-content\/uploads\/2023\/10\/d487dd7e-0799-4abe-b270-d010f81422b6.jpg",500,333,false],"mantranews-block-thumb":["https:\/\/blogopara.com.br\/wp-content\/uploads\/2023\/10\/d487dd7e-0799-4abe-b270-d010f81422b6-322x230.jpg",322,230,true],"mantranews-single-large":["https:\/\/blogopara.com.br\/wp-content\/uploads\/2023\/10\/d487dd7e-0799-4abe-b270-d010f81422b6.jpg",500,333,false]},"uagb_author_info":{"display_name":"Reda\u00e7\u00e3o geral","author_link":"https:\/\/blogopara.com.br\/index.php\/author\/blogopara"},"uagb_comment_info":0,"uagb_excerpt":"A cantora gospel Sara Mariano, 35 anos, foi encontrada morta na tarde desta sexta-feira (27). Segundo a Pol\u00edcia Civil, o marido da v\u00edtima j\u00e1 reconheceu o corpo, que ainda passar\u00e1 por per\u00edcia. A irm\u00e3 da evang\u00e9lica, Soraya, publicou na tarde desta sexta-feira (27) em seu Instagram uma\u00a0mensagem de luto se despedindo da familiar. No in\u00edcio&hellip;","jetpack_sharing_enabled":true,"jetpack_likes_enabled":true,"_links":{"self":[{"href":"https:\/\/blogopara.com.br\/index.php\/wp-json\/wp\/v2\/posts\/58611","targetHints":{"allow":["GET"]}}],"collection":[{"href":"https:\/\/blogopara.com.br\/index.php\/wp-json\/wp\/v2\/posts"}],"about":[{"href":"https:\/\/blogopara.com.br\/index.php\/wp-json\/wp\/v2\/types\/post"}],"author":[{"embeddable":true,"href":"https:\/\/blogopara.com.br\/index.php\/wp-json\/wp\/v2\/users\/1"}],"replies":[{"embeddable":true,"href":"https:\/\/blogopara.com.br\/index.php\/wp-json\/wp\/v2\/comments?post=58611"}],"version-history":[{"count":1,"href":"https:\/\/blogopara.com.br\/index.php\/wp-json\/wp\/v2\/posts\/58611\/revisions"}],"predecessor-version":[{"id":58613,"href":"https:\/\/blogopara.com.br\/index.php\/wp-json\/wp\/v2\/posts\/58611\/revisions\/58613"}],"wp:featuredmedia":[{"embeddable":true,"href":"https:\/\/blogopara.com.br\/index.php\/wp-json\/wp\/v2\/media\/58612"}],"wp:attachment":[{"href":"https:\/\/blogopara.com.br\/index.php\/wp-json\/wp\/v2\/media?parent=58611"}],"wp:term":[{"taxonomy":"category","embeddable":true,"href":"https:\/\/blogopara.com.br\/index.php\/wp-json\/wp\/v2\/categories?post=58611"},{"taxonomy":"post_tag","embeddable":true,"href":"https:\/\/blogopara.com.br\/index.php\/wp-json\/wp\/v2\/tags?post=58611"}],"curies":[{"name":"wp","href":"https:\/\/api.w.org\/{rel}","templated":true}]}}