{"id":58617,"date":"2023-10-29T07:29:00","date_gmt":"2023-10-29T10:29:00","guid":{"rendered":"https:\/\/blogopara.com.br\/?p=58617"},"modified":"2023-10-28T19:32:45","modified_gmt":"2023-10-28T22:32:45","slug":"gestao-suzana-anuncia-requalificacao-de-mais-uma-ubs","status":"publish","type":"post","link":"https:\/\/blogopara.com.br\/index.php\/2023\/10\/29\/gestao-suzana-anuncia-requalificacao-de-mais-uma-ubs","title":{"rendered":"Gest\u00e3o Suzana anuncia requalifica\u00e7\u00e3o de mais uma UBS"},"content":{"rendered":"<p class=\"x_MsoNormal\" style=\"text-align: justify;\">A Prefeitura de Juazeiro, por meio da Secretaria de Sa\u00fade (Sesau), divulgou no Di\u00e1rio Oficial do Munic\u00edpio (Doem), desta sexta-feira (27), o aviso de tomada de pre\u00e7os (019\/2023) para requalifica\u00e7\u00e3o da Unidade B\u00e1sica de Sa\u00fade (UBS) de Capim de Raiz, interior de Juazeiro. O processo licitat\u00f3rio ser\u00e1 realizado \u00e0s 09h, do dia 14 de novembro de 2023.<\/p>\n<p class=\"x_MsoNormal\" style=\"text-align: justify;\">A unidade de Capim de Raiz \u00e9 a d\u00e9cima unidade anunciada para o processo licitat\u00f3rio pela gest\u00e3o Suzana Ramos, que j\u00e1 entregou \u00e0 popula\u00e7\u00e3o mais de 12 UBS totalmente requalificadas, sendo que outras duas est\u00e3o com obras em andamento e duas est\u00e3o previstas para serem entregues nos pr\u00f3ximos dias.<\/p>\n<p class=\"x_MsoNormal\" style=\"text-align: justify;\">\u201cNossa gest\u00e3o tem se empenhado em dar mais dignidade n\u00e3o s\u00f3 \u00e0 popula\u00e7\u00e3o, mas tamb\u00e9m aos profissionais que trabalham nos equipamentos de sa\u00fade. Seguimos trabalhando, buscando recursos para que possamos contemplar mais bairros e comunidades da \u00e1rea rural com equipamentos ainda mais adequados \u00e0 assist\u00eancia de sa\u00fade, mesmo diante de tantas dificuldades financeiras\u201d, destacou a prefeita Suzana Ramos.<\/p>\n<p class=\"x_MsoNormal\" style=\"text-align: justify;\">Fonte de recurso<\/p>\n<p class=\"x_MsoNormal\" style=\"text-align: justify;\">As requalifica\u00e7\u00f5es est\u00e3o acontecendo com recursos pr\u00f3prios e por meio do conv\u00eanio com a Faculdade IDOMED Est\u00e1cio celebrado por meio da COAPES (Contrato Organizativo de A\u00e7\u00e3o P\u00fablica da Sa\u00fade) com a Prefeitura de Juazeiro atrav\u00e9s da Secretaria de Sa\u00fade (Sesau), onde o conv\u00eanio fornece insumos, materiais, equipamentos e aux\u00edlio nas obras de reforma e requalifica\u00e7\u00e3o das unidades de sa\u00fade. Em contrapartida, a Prefeitura de Juazeiro atrav\u00e9s da Sesau, contribui com a forma\u00e7\u00e3o dos estudantes dos cursos dessa institui\u00e7\u00e3o e das outras conveniadas.<\/p>\n<p class=\"x_MsoNormal\" style=\"text-align: justify;\">Unidades Sat\u00e9lites<\/p>\n<p class=\"x_MsoNormal\" style=\"text-align: justify;\">A gest\u00e3o municipal tamb\u00e9m vem investindo na amplia\u00e7\u00e3o da assist\u00eancia com a cria\u00e7\u00e3o de unidades sat\u00e9lites nos residenciais Brisa da Serra, S\u00e3o Francisco, Dr. Humberto Pereira e no bairro Nossa Senhora das Grotas que ser\u00e3o entregues nos pr\u00f3ximos dias. A Sesau providenciou im\u00f3veis que v\u00eam passando por obras para facilitar e otimizar o acesso dos moradores \u00e0 assist\u00eancia b\u00e1sica de sa\u00fade.<\/p>\n<p class=\"x_MsoNormal\" style=\"text-align: justify;\">\n","protected":false},"excerpt":{"rendered":"<p>A Prefeitura de Juazeiro, por meio da Secretaria de Sa\u00fade (Sesau), divulgou no Di\u00e1rio Oficial do Munic\u00edpio (Doem), desta sexta-feira (27), o aviso de tomada de pre\u00e7os (019\/2023) para requalifica\u00e7\u00e3o da Unidade B\u00e1sica de Sa\u00fade (UBS) de Capim de Raiz, interior de Juazeiro. O processo licitat\u00f3rio ser\u00e1 realizado \u00e0s 09h, do dia 14 de novembro [&hellip;]<\/p>\n","protected":false},"author":1,"featured_media":58618,"comment_status":"closed","ping_status":"open","sticky":false,"template":"","format":"standard","meta":{"_uag_custom_page_level_css":"","_monsterinsights_skip_tracking":false,"_monsterinsights_sitenote_active":false,"_monsterinsights_sitenote_note":"","_monsterinsights_sitenote_category":0,"jetpack_post_was_ever_published":false,"_jetpack_newsletter_access":"","_jetpack_dont_email_post_to_subs":false,"_jetpack_newsletter_tier_id":0,"_jetpack_memberships_contains_paywalled_content":false,"_jetpack_memberships_contains_paid_content":false,"footnotes":"","jetpack_publicize_message":"","jetpack_publicize_feature_enabled":true,"jetpack_social_post_already_shared":true,"jetpack_social_options":{"image_generator_settings":{"template":"highway","default_image_id":0,"font":"","enabled":false},"version":2}},"categories":[203],"tags":[],"class_list":["post-58617","post","type-post","status-publish","format-standard","has-post-thumbnail","hentry","category-juazeiro"],"jetpack_publicize_connections":[],"jetpack_featured_media_url":"https:\/\/blogopara.com.br\/wp-content\/uploads\/2023\/10\/thumbnail_UBS-CAPIM-DE-RAIZ.jpg","uagb_featured_image_src":{"full":["https:\/\/blogopara.com.br\/wp-content\/uploads\/2023\/10\/thumbnail_UBS-CAPIM-DE-RAIZ.jpg",500,312,false],"thumbnail":["https:\/\/blogopara.com.br\/wp-content\/uploads\/2023\/10\/thumbnail_UBS-CAPIM-DE-RAIZ-150x150.jpg",150,150,true],"medium":["https:\/\/blogopara.com.br\/wp-content\/uploads\/2023\/10\/thumbnail_UBS-CAPIM-DE-RAIZ-300x187.jpg",300,187,true],"medium_large":["https:\/\/blogopara.com.br\/wp-content\/uploads\/2023\/10\/thumbnail_UBS-CAPIM-DE-RAIZ.jpg",500,312,false],"large":["https:\/\/blogopara.com.br\/wp-content\/uploads\/2023\/10\/thumbnail_UBS-CAPIM-DE-RAIZ.jpg",500,312,false],"1536x1536":["https:\/\/blogopara.com.br\/wp-content\/uploads\/2023\/10\/thumbnail_UBS-CAPIM-DE-RAIZ.jpg",500,312,false],"2048x2048":["https:\/\/blogopara.com.br\/wp-content\/uploads\/2023\/10\/thumbnail_UBS-CAPIM-DE-RAIZ.jpg",500,312,false],"mantranews-slider-large":["https:\/\/blogopara.com.br\/wp-content\/uploads\/2023\/10\/thumbnail_UBS-CAPIM-DE-RAIZ.jpg",500,312,false],"mantranews-featured-medium":["https:\/\/blogopara.com.br\/wp-content\/uploads\/2023\/10\/thumbnail_UBS-CAPIM-DE-RAIZ-420x307.jpg",420,307,true],"mantranews-featured-long":["https:\/\/blogopara.com.br\/wp-content\/uploads\/2023\/10\/thumbnail_UBS-CAPIM-DE-RAIZ-300x312.jpg",300,312,true],"mantranews-block-medium":["https:\/\/blogopara.com.br\/wp-content\/uploads\/2023\/10\/thumbnail_UBS-CAPIM-DE-RAIZ-464x290.jpg",464,290,true],"mantranews-carousel-image":["https:\/\/blogopara.com.br\/wp-content\/uploads\/2023\/10\/thumbnail_UBS-CAPIM-DE-RAIZ.jpg",500,312,false],"mantranews-block-thumb":["https:\/\/blogopara.com.br\/wp-content\/uploads\/2023\/10\/thumbnail_UBS-CAPIM-DE-RAIZ-322x230.jpg",322,230,true],"mantranews-single-large":["https:\/\/blogopara.com.br\/wp-content\/uploads\/2023\/10\/thumbnail_UBS-CAPIM-DE-RAIZ.jpg",500,312,false]},"uagb_author_info":{"display_name":"Reda\u00e7\u00e3o geral","author_link":"https:\/\/blogopara.com.br\/index.php\/author\/blogopara"},"uagb_comment_info":0,"uagb_excerpt":"A Prefeitura de Juazeiro, por meio da Secretaria de Sa\u00fade (Sesau), divulgou no Di\u00e1rio Oficial do Munic\u00edpio (Doem), desta sexta-feira (27), o aviso de tomada de pre\u00e7os (019\/2023) para requalifica\u00e7\u00e3o da Unidade B\u00e1sica de Sa\u00fade (UBS) de Capim de Raiz, interior de Juazeiro. O processo licitat\u00f3rio ser\u00e1 realizado \u00e0s 09h, do dia 14 de novembro&hellip;","jetpack_sharing_enabled":true,"jetpack_likes_enabled":true,"_links":{"self":[{"href":"https:\/\/blogopara.com.br\/index.php\/wp-json\/wp\/v2\/posts\/58617","targetHints":{"allow":["GET"]}}],"collection":[{"href":"https:\/\/blogopara.com.br\/index.php\/wp-json\/wp\/v2\/posts"}],"about":[{"href":"https:\/\/blogopara.com.br\/index.php\/wp-json\/wp\/v2\/types\/post"}],"author":[{"embeddable":true,"href":"https:\/\/blogopara.com.br\/index.php\/wp-json\/wp\/v2\/users\/1"}],"replies":[{"embeddable":true,"href":"https:\/\/blogopara.com.br\/index.php\/wp-json\/wp\/v2\/comments?post=58617"}],"version-history":[{"count":1,"href":"https:\/\/blogopara.com.br\/index.php\/wp-json\/wp\/v2\/posts\/58617\/revisions"}],"predecessor-version":[{"id":58619,"href":"https:\/\/blogopara.com.br\/index.php\/wp-json\/wp\/v2\/posts\/58617\/revisions\/58619"}],"wp:featuredmedia":[{"embeddable":true,"href":"https:\/\/blogopara.com.br\/index.php\/wp-json\/wp\/v2\/media\/58618"}],"wp:attachment":[{"href":"https:\/\/blogopara.com.br\/index.php\/wp-json\/wp\/v2\/media?parent=58617"}],"wp:term":[{"taxonomy":"category","embeddable":true,"href":"https:\/\/blogopara.com.br\/index.php\/wp-json\/wp\/v2\/categories?post=58617"},{"taxonomy":"post_tag","embeddable":true,"href":"https:\/\/blogopara.com.br\/index.php\/wp-json\/wp\/v2\/tags?post=58617"}],"curies":[{"name":"wp","href":"https:\/\/api.w.org\/{rel}","templated":true}]}}