{"id":58631,"date":"2023-10-29T08:57:00","date_gmt":"2023-10-29T11:57:00","guid":{"rendered":"https:\/\/blogopara.com.br\/?p=58631"},"modified":"2023-10-28T23:18:46","modified_gmt":"2023-10-29T02:18:46","slug":"campo-alegre-de-lourdes-juiz-concede-liminar-de-reintegracao-de-posse-aos-trabalhadores-rurais-da-fazenda-angico","status":"publish","type":"post","link":"https:\/\/blogopara.com.br\/index.php\/2023\/10\/29\/campo-alegre-de-lourdes-juiz-concede-liminar-de-reintegracao-de-posse-aos-trabalhadores-rurais-da-fazenda-angico","title":{"rendered":"Campo Alegre de Lourdes: Juiz concede liminar de reintegra\u00e7\u00e3o de posse aos trabalhadores rurais da Fazenda Angico"},"content":{"rendered":"<p style=\"text-align: justify;\">O Juiz da comarca de Remanso, na Bahia, fundamentado nos fatos e provocado pela solicita\u00e7\u00e3o dos trabalhadores rurais, por meio de advogados da Comiss\u00e3o da Pastoral da Terra, CPT, deu uma liminar em favor dos trabalhadores rurais da Fazenda Angico, que \u00e9 composta por oito povoados, (comunidades), Angico dos Dias, A\u00e7u, Queimada Grande, Baix\u00e3ozinho, Baix\u00e3o Novo, Baix\u00e3o grande, Aroeira, Po\u00e7o do Baix\u00e3o, al\u00e9m, de mais tr\u00eas povoados, pertencentes a Vila Santo Ant\u00f4nio do Peixe, ( Peixe), e, ainda, um pouco de terra no Peixe e no Feij\u00e3o, que pertence ao munic\u00edpio de Pil\u00e3o Arcado na Bahia.<\/p>\n<p style=\"text-align: justify;\">A liminar foi expedida somente depois que os grileiros contrataram pistoleiros para atuar como supostos seguran\u00e7as, na constru\u00e7\u00e3o de uma casa e uma suposta rede de energia el\u00e9trica, al\u00e9m de um po\u00e7o artesiano, em uma parte de terra da \u00e1rea grilada, que corresponde a mais de 45 mil hectares de terras.<\/p>\n<p style=\"text-align: justify;\">Os criminosos atiraram contra um grupo de mais de 50 trabalhadores rurais, dos povoados Angico dos Dias e do A\u00e7u e outros trabalhadores de outras regi\u00f5es, que estavam apoiando o movimento de defesa das terras griladas.<\/p>\n<p style=\"text-align: justify;\">Havia agentes da Pastoral da Terra, (CPT), um deles foi atingido por um dos disparos na m\u00e3o, numa clara tentativa de chacina contra os trabalhadores rurais, que tentavam convencer os grileiros a n\u00e3o constru\u00edrem uma casa, em uma \u00e1rea de fundo de pasto.<\/p>\n<p style=\"text-align: justify;\">A tentativa de chacina ocorreu no s\u00e1bado, dia 02 de setembro de 2023, pela manh\u00e3, no sitio A\u00e7u, divisa com o Angico dos Dias e com Caracol, no Piau\u00ed, deixando tr\u00eas v\u00edtimas, fato comprovado atrav\u00e9s de v\u00eddeos. Segundo as v\u00edtimas, os criminosos estavam com uma pistola, um revolver e um rifle, com silenciador. Informa\u00e7\u00f5es confirmadas tamb\u00e9m por fontes ligadas a associa\u00e7\u00e3o Fundo de pasto da regi\u00e3o, que tem como presidente e um dos l\u00edderes do movimento de combate a grilagem, Edinei Soares, ( Neim).<\/p>\n<p style=\"text-align: justify;\"><span style=\"font-size: revert; color: initial;\">Esta luta dos trabalhadores rurais teve inicio desde o final de 2013, quando funcion\u00e1rios da Mineradora Galvani, resolveram participar da fraude de documentos que beneficiava o grileiro Vanderlei Dias da Cost,\u00a0 que era \u00e0 \u00e9poca, funcion\u00e1rio da Mineradora Galvani e o seu primo Jos\u00e9 Dias Soares, um dos acusados de atirar contra as v\u00edtimas da tentativa de chacina, no sitio A\u00e7u, em 02 de setembro de 2023.<\/span><\/p>\n<p style=\"text-align: justify;\">Esta n\u00e3o \u00e9 a primeira decis\u00e3o contra os grileiros.\u00a0 A primeira decis\u00e3o foi dada, por unanimidade, no TJ da Bahia, em 05 de agosto de 2014, quando o relator do processo, o ex &#8211; desembargador Gesivaldo de Brito, por\u00e9m os grileiros n\u00e3o respeitaram a decis\u00e3o, fraudaram nova documenta\u00e7\u00e3o e retomaram as invas\u00f5es culminando com o ataque, ous seja, a tentativa de chacina contra os trabalhadores rurais, em setembro de 2023.<\/p>\n<p style=\"text-align: justify;\">Entre os atiradores estava um policial civil, investigador da policia civil de Campo Alegre de Lourdes, que aparece com uma pistola em punho e efetuando o primeiro disparo, que iniciou a tentativa de chacina contra trabalhadores rurais, mas esta n\u00e3o foi a primeira vez que ele se envolveu na grilagem na fazenda Angico, em uma outra ocasi\u00e3o, por volta de 2017, para 2018, ele o agente da policia civil, j\u00e1 havia sido retirado do povoado Angico dos Dias escoltado por viaturas da PM, por est\u00e1 dando guarida aos grileiros na invas\u00e3o das terras, com o agravante de que ele estava utilizando a viatura da policia civil, na primeira vez que saiu dela escoltado, para n\u00e3o ser preso, por um grupo de trabalhadores que se reuniram, para lhe dar voz de pris\u00e3o, em flagrante delito.<\/p>\n<p style=\"text-align: justify;\">Segundo o site da, CPT: \u201cA liminar de reintegra\u00e7\u00e3o foi concedida no dia 19 de outubro; na a\u00e7\u00e3o possess\u00f3ria movida por membros das comunidades em face da empresa Agrolife Agricultura do Brasil Ltda, seus s\u00f3cios Carlos Manuel Subtil Duarte, Paulo Jorge Stricket, e Jos\u00e9 Dias Soares Neto, que se diz gerente da empresa. De acordo com a liminar de reintegra\u00e7\u00e3o de posse, os r\u00e9us\/invasores t\u00eam o prazo de 48 horas para desocupa\u00e7\u00e3o volunt\u00e1ria da \u00e1rea invadida, sob pena de pagamento de multa di\u00e1ria de R$ 2 mil reais por dia\u201d.<\/p>\n<p style=\"text-align: justify;\">A tentativa de grilagem de terras chegou ao \u00e1pice de extrema viol\u00eancia no dia 2 de setembro, quando pistoleiros que estavam vigiando a obra da Agrolife dispararam tiros contra um grupo de moradores, atingindo tr\u00eas pessoas. De acordo com a Secretaria de Seguran\u00e7a P\u00fablica do Estado da Bahia, as pris\u00f5es dos autores dessas tentativas de homic\u00eddios foram decretadas, no entanto, at\u00e9 o momento, a pris\u00e3o de nenhum dos envolvidos, (entre eles um policial civil do munic\u00edpio) foi realizada.<\/p>\n<p style=\"text-align: justify;\">Faremos uma s\u00e9rie de reportagens sobre a a\u00e7\u00e3o destruidora da mineradora Galvani, no Povoado Angico dos Dias, sobre a grilagem de terras, sobre a s\u00e9rie de fogo que tem ocorrido na fazenda Angico, desde quando iniciou a segunda fraude em documentos das terras griladas e sobre a viol\u00eancia nos povoados envolvidos na grilagem, munic\u00edpio campo \u2013 alegrense.<\/p>\n<p style=\"text-align: justify;\">Reportagem: Editor Dorgival Farias, do Blog Angico dos Dias Not\u00edcias.<\/p>\n","protected":false},"excerpt":{"rendered":"<p>O Juiz da comarca de Remanso, na Bahia, fundamentado nos fatos e provocado pela solicita\u00e7\u00e3o dos trabalhadores rurais, por meio de advogados da Comiss\u00e3o da Pastoral da Terra, CPT, deu uma liminar em favor dos trabalhadores rurais da Fazenda Angico, que \u00e9 composta por oito povoados, (comunidades), Angico dos Dias, A\u00e7u, Queimada Grande, Baix\u00e3ozinho, Baix\u00e3o [&hellip;]<\/p>\n","protected":false},"author":1,"featured_media":58633,"comment_status":"closed","ping_status":"open","sticky":false,"template":"","format":"standard","meta":{"_uag_custom_page_level_css":"","_monsterinsights_skip_tracking":false,"_monsterinsights_sitenote_active":false,"_monsterinsights_sitenote_note":"","_monsterinsights_sitenote_category":0,"jetpack_post_was_ever_published":false,"_jetpack_newsletter_access":"","_jetpack_dont_email_post_to_subs":false,"_jetpack_newsletter_tier_id":0,"_jetpack_memberships_contains_paywalled_content":false,"_jetpack_memberships_contains_paid_content":false,"footnotes":"","jetpack_publicize_message":"","jetpack_publicize_feature_enabled":true,"jetpack_social_post_already_shared":true,"jetpack_social_options":{"image_generator_settings":{"template":"highway","default_image_id":0,"font":"","enabled":false},"version":2}},"categories":[199],"tags":[1492,11103,11104,74],"class_list":["post-58631","post","type-post","status-publish","format-standard","has-post-thumbnail","hentry","category-bahia","tag-campo-alegre-de-lourdes","tag-grilagem","tag-mineradora-galvani","tag-violencia"],"jetpack_publicize_connections":[],"jetpack_featured_media_url":"https:\/\/blogopara.com.br\/wp-content\/uploads\/2023\/10\/9f450f45-81ee-4a88-aee0-b469d256fe3d.jpg","uagb_featured_image_src":{"full":["https:\/\/blogopara.com.br\/wp-content\/uploads\/2023\/10\/9f450f45-81ee-4a88-aee0-b469d256fe3d.jpg",500,659,false],"thumbnail":["https:\/\/blogopara.com.br\/wp-content\/uploads\/2023\/10\/9f450f45-81ee-4a88-aee0-b469d256fe3d-150x150.jpg",150,150,true],"medium":["https:\/\/blogopara.com.br\/wp-content\/uploads\/2023\/10\/9f450f45-81ee-4a88-aee0-b469d256fe3d-228x300.jpg",228,300,true],"medium_large":["https:\/\/blogopara.com.br\/wp-content\/uploads\/2023\/10\/9f450f45-81ee-4a88-aee0-b469d256fe3d.jpg",500,659,false],"large":["https:\/\/blogopara.com.br\/wp-content\/uploads\/2023\/10\/9f450f45-81ee-4a88-aee0-b469d256fe3d.jpg",500,659,false],"1536x1536":["https:\/\/blogopara.com.br\/wp-content\/uploads\/2023\/10\/9f450f45-81ee-4a88-aee0-b469d256fe3d.jpg",500,659,false],"2048x2048":["https:\/\/blogopara.com.br\/wp-content\/uploads\/2023\/10\/9f450f45-81ee-4a88-aee0-b469d256fe3d.jpg",500,659,false],"mantranews-slider-large":["https:\/\/blogopara.com.br\/wp-content\/uploads\/2023\/10\/9f450f45-81ee-4a88-aee0-b469d256fe3d.jpg",500,659,false],"mantranews-featured-medium":["https:\/\/blogopara.com.br\/wp-content\/uploads\/2023\/10\/9f450f45-81ee-4a88-aee0-b469d256fe3d-420x307.jpg",420,307,true],"mantranews-featured-long":["https:\/\/blogopara.com.br\/wp-content\/uploads\/2023\/10\/9f450f45-81ee-4a88-aee0-b469d256fe3d-300x443.jpg",300,443,true],"mantranews-block-medium":["https:\/\/blogopara.com.br\/wp-content\/uploads\/2023\/10\/9f450f45-81ee-4a88-aee0-b469d256fe3d-464x290.jpg",464,290,true],"mantranews-carousel-image":["https:\/\/blogopara.com.br\/wp-content\/uploads\/2023\/10\/9f450f45-81ee-4a88-aee0-b469d256fe3d-500x500.jpg",500,500,true],"mantranews-block-thumb":["https:\/\/blogopara.com.br\/wp-content\/uploads\/2023\/10\/9f450f45-81ee-4a88-aee0-b469d256fe3d-322x230.jpg",322,230,true],"mantranews-single-large":["https:\/\/blogopara.com.br\/wp-content\/uploads\/2023\/10\/9f450f45-81ee-4a88-aee0-b469d256fe3d-500x642.jpg",500,642,true]},"uagb_author_info":{"display_name":"Reda\u00e7\u00e3o geral","author_link":"https:\/\/blogopara.com.br\/index.php\/author\/blogopara"},"uagb_comment_info":0,"uagb_excerpt":"O Juiz da comarca de Remanso, na Bahia, fundamentado nos fatos e provocado pela solicita\u00e7\u00e3o dos trabalhadores rurais, por meio de advogados da Comiss\u00e3o da Pastoral da Terra, CPT, deu uma liminar em favor dos trabalhadores rurais da Fazenda Angico, que \u00e9 composta por oito povoados, (comunidades), Angico dos Dias, A\u00e7u, Queimada Grande, Baix\u00e3ozinho, Baix\u00e3o&hellip;","jetpack_sharing_enabled":true,"jetpack_likes_enabled":true,"_links":{"self":[{"href":"https:\/\/blogopara.com.br\/index.php\/wp-json\/wp\/v2\/posts\/58631","targetHints":{"allow":["GET"]}}],"collection":[{"href":"https:\/\/blogopara.com.br\/index.php\/wp-json\/wp\/v2\/posts"}],"about":[{"href":"https:\/\/blogopara.com.br\/index.php\/wp-json\/wp\/v2\/types\/post"}],"author":[{"embeddable":true,"href":"https:\/\/blogopara.com.br\/index.php\/wp-json\/wp\/v2\/users\/1"}],"replies":[{"embeddable":true,"href":"https:\/\/blogopara.com.br\/index.php\/wp-json\/wp\/v2\/comments?post=58631"}],"version-history":[{"count":3,"href":"https:\/\/blogopara.com.br\/index.php\/wp-json\/wp\/v2\/posts\/58631\/revisions"}],"predecessor-version":[{"id":58637,"href":"https:\/\/blogopara.com.br\/index.php\/wp-json\/wp\/v2\/posts\/58631\/revisions\/58637"}],"wp:featuredmedia":[{"embeddable":true,"href":"https:\/\/blogopara.com.br\/index.php\/wp-json\/wp\/v2\/media\/58633"}],"wp:attachment":[{"href":"https:\/\/blogopara.com.br\/index.php\/wp-json\/wp\/v2\/media?parent=58631"}],"wp:term":[{"taxonomy":"category","embeddable":true,"href":"https:\/\/blogopara.com.br\/index.php\/wp-json\/wp\/v2\/categories?post=58631"},{"taxonomy":"post_tag","embeddable":true,"href":"https:\/\/blogopara.com.br\/index.php\/wp-json\/wp\/v2\/tags?post=58631"}],"curies":[{"name":"wp","href":"https:\/\/api.w.org\/{rel}","templated":true}]}}