{"id":58652,"date":"2023-10-30T11:28:00","date_gmt":"2023-10-30T14:28:00","guid":{"rendered":"https:\/\/blogopara.com.br\/?p=58652"},"modified":"2023-10-29T22:12:43","modified_gmt":"2023-10-30T01:12:43","slug":"papa-francisco-decide-reabrir-processo-contra-padre-acusado-de-assedio-sexual","status":"publish","type":"post","link":"https:\/\/blogopara.com.br\/index.php\/2023\/10\/30\/papa-francisco-decide-reabrir-processo-contra-padre-acusado-de-assedio-sexual","title":{"rendered":"Papa Francisco decide reabrir processo contra padre acusado de ass\u00e9dio sexual"},"content":{"rendered":"<p>O papa Francisco decidiu reabrir o caso arquivado de um influente padre e artista esloveno acusado de ter cometido ass\u00e9dio sexual e psicol\u00f3gico contra mulheres no in\u00edcio dos anos 1990, anunciou o Vaticano nesta sexta-feira (27).<\/p>\n<p>O pont\u00edfice \u201cpediu ao Dicast\u00e9rio (C\u00faria Romana) da doutrina da f\u00e9 que examinasse o caso e decidiu deixar de lado a prescri\u00e7\u00e3o para permitir que prossiga o procedimento disciplinar\u201d contra Marko Rupnik, te\u00f3logo e artista de 68 anos.<\/p>\n<p>\u201cO papa est\u00e1 firmemente convencido (\u2026) de que a Igreja (\u2026) deve ouvir com aten\u00e7\u00e3o e compaix\u00e3o aqueles que sofrem, especialmente os que se sentem marginalizados pela Igreja\u201d, justificou o Vaticano em seu comunicado.<\/p>\n<p>Nove freiras acusam Rupnik de ass\u00e9dio sexual e psicol\u00f3gico em uma comunidade na Liubliana, Eslov\u00eania, no in\u00edcio dos anos 1990.<\/p>\n<p>Em meados de dezembro de 2022, a Companhia de Jesus, do papa Francisco e a qual pertencia Marko antes de ser expulso em junho de 2023, anunciou a abertura de uma investiga\u00e7\u00e3o contra o padre.<\/p>\n<p>O Vaticano, que tamb\u00e9m recebeu uma den\u00fancia contra ele, informou que, sem uma investiga\u00e7\u00e3o can\u00f4nica, outubro de 2022 era o prazo para encerrar o caso. Rupnik apenas recebeu restri\u00e7\u00f5es impostas pela ordem dos jesu\u00edtas, sobretudo a proibi\u00e7\u00e3o de confessar e acompanhar atividades espirituais.<\/p>\n<p>Entretanto, a decis\u00e3o de Francisco de revogar a prescri\u00e7\u00e3o do direito can\u00f4nico permite a abertura do processo contra o religioso.<\/p>\n","protected":false},"excerpt":{"rendered":"<p>O papa Francisco decidiu reabrir o caso arquivado de um influente padre e artista esloveno acusado de ter cometido ass\u00e9dio sexual e psicol\u00f3gico contra mulheres no in\u00edcio dos anos 1990, anunciou o Vaticano nesta sexta-feira (27). O pont\u00edfice \u201cpediu ao Dicast\u00e9rio (C\u00faria Romana) da doutrina da f\u00e9 que examinasse o caso e decidiu deixar de [&hellip;]<\/p>\n","protected":false},"author":1,"featured_media":48379,"comment_status":"closed","ping_status":"open","sticky":false,"template":"","format":"standard","meta":{"_uag_custom_page_level_css":"","_monsterinsights_skip_tracking":false,"_monsterinsights_sitenote_active":false,"_monsterinsights_sitenote_note":"","_monsterinsights_sitenote_category":0,"jetpack_post_was_ever_published":false,"_jetpack_newsletter_access":"","_jetpack_dont_email_post_to_subs":false,"_jetpack_newsletter_tier_id":0,"_jetpack_memberships_contains_paywalled_content":false,"_jetpack_memberships_contains_paid_content":false,"footnotes":"","jetpack_publicize_message":"","jetpack_publicize_feature_enabled":true,"jetpack_social_post_already_shared":true,"jetpack_social_options":{"image_generator_settings":{"template":"highway","default_image_id":0,"font":"","enabled":false},"version":2}},"categories":[1666],"tags":[1167,170],"class_list":["post-58652","post","type-post","status-publish","format-standard","has-post-thumbnail","hentry","category-religiao","tag-abuso","tag-justica"],"jetpack_publicize_connections":[],"jetpack_featured_media_url":"https:\/\/blogopara.com.br\/wp-content\/uploads\/2023\/01\/papa-e1673285970268.jpg","uagb_featured_image_src":{"full":["https:\/\/blogopara.com.br\/wp-content\/uploads\/2023\/01\/papa-e1673285970268.jpg",500,333,false],"thumbnail":["https:\/\/blogopara.com.br\/wp-content\/uploads\/2023\/01\/papa-150x150.jpg",150,150,true],"medium":["https:\/\/blogopara.com.br\/wp-content\/uploads\/2023\/01\/papa-300x200.jpg",300,200,true],"medium_large":["https:\/\/blogopara.com.br\/wp-content\/uploads\/2023\/01\/papa-e1673285970268.jpg",500,333,false],"large":["https:\/\/blogopara.com.br\/wp-content\/uploads\/2023\/01\/papa-e1673285970268.jpg",500,333,false],"1536x1536":["https:\/\/blogopara.com.br\/wp-content\/uploads\/2023\/01\/papa-e1673285970268.jpg",500,333,false],"2048x2048":["https:\/\/blogopara.com.br\/wp-content\/uploads\/2023\/01\/papa-e1673285970268.jpg",500,333,false],"mantranews-slider-large":["https:\/\/blogopara.com.br\/wp-content\/uploads\/2023\/01\/papa-e1673285970268.jpg",500,333,false],"mantranews-featured-medium":["https:\/\/blogopara.com.br\/wp-content\/uploads\/2023\/01\/papa-420x307.jpg",420,307,true],"mantranews-featured-long":["https:\/\/blogopara.com.br\/wp-content\/uploads\/2023\/01\/papa-300x443.jpg",300,443,true],"mantranews-block-medium":["https:\/\/blogopara.com.br\/wp-content\/uploads\/2023\/01\/papa-464x290.jpg",464,290,true],"mantranews-carousel-image":["https:\/\/blogopara.com.br\/wp-content\/uploads\/2023\/01\/papa-600x470.jpg",600,470,true],"mantranews-block-thumb":["https:\/\/blogopara.com.br\/wp-content\/uploads\/2023\/01\/papa-322x230.jpg",322,230,true],"mantranews-single-large":["https:\/\/blogopara.com.br\/wp-content\/uploads\/2023\/01\/papa-e1673285970268.jpg",500,333,false]},"uagb_author_info":{"display_name":"Reda\u00e7\u00e3o geral","author_link":"https:\/\/blogopara.com.br\/index.php\/author\/blogopara"},"uagb_comment_info":0,"uagb_excerpt":"O papa Francisco decidiu reabrir o caso arquivado de um influente padre e artista esloveno acusado de ter cometido ass\u00e9dio sexual e psicol\u00f3gico contra mulheres no in\u00edcio dos anos 1990, anunciou o Vaticano nesta sexta-feira (27). O pont\u00edfice \u201cpediu ao Dicast\u00e9rio (C\u00faria Romana) da doutrina da f\u00e9 que examinasse o caso e decidiu deixar de&hellip;","jetpack_sharing_enabled":true,"jetpack_likes_enabled":true,"_links":{"self":[{"href":"https:\/\/blogopara.com.br\/index.php\/wp-json\/wp\/v2\/posts\/58652","targetHints":{"allow":["GET"]}}],"collection":[{"href":"https:\/\/blogopara.com.br\/index.php\/wp-json\/wp\/v2\/posts"}],"about":[{"href":"https:\/\/blogopara.com.br\/index.php\/wp-json\/wp\/v2\/types\/post"}],"author":[{"embeddable":true,"href":"https:\/\/blogopara.com.br\/index.php\/wp-json\/wp\/v2\/users\/1"}],"replies":[{"embeddable":true,"href":"https:\/\/blogopara.com.br\/index.php\/wp-json\/wp\/v2\/comments?post=58652"}],"version-history":[{"count":1,"href":"https:\/\/blogopara.com.br\/index.php\/wp-json\/wp\/v2\/posts\/58652\/revisions"}],"predecessor-version":[{"id":58653,"href":"https:\/\/blogopara.com.br\/index.php\/wp-json\/wp\/v2\/posts\/58652\/revisions\/58653"}],"wp:featuredmedia":[{"embeddable":true,"href":"https:\/\/blogopara.com.br\/index.php\/wp-json\/wp\/v2\/media\/48379"}],"wp:attachment":[{"href":"https:\/\/blogopara.com.br\/index.php\/wp-json\/wp\/v2\/media?parent=58652"}],"wp:term":[{"taxonomy":"category","embeddable":true,"href":"https:\/\/blogopara.com.br\/index.php\/wp-json\/wp\/v2\/categories?post=58652"},{"taxonomy":"post_tag","embeddable":true,"href":"https:\/\/blogopara.com.br\/index.php\/wp-json\/wp\/v2\/tags?post=58652"}],"curies":[{"name":"wp","href":"https:\/\/api.w.org\/{rel}","templated":true}]}}