{"id":58667,"date":"2023-10-30T08:54:00","date_gmt":"2023-10-30T11:54:00","guid":{"rendered":"https:\/\/blogopara.com.br\/?p=58667"},"modified":"2023-10-30T09:31:28","modified_gmt":"2023-10-30T12:31:28","slug":"juazeiro-moradores-do-condominio-jardim-vitoria-denunciam-o-acumulo-de-lixos-e-entulhos","status":"publish","type":"post","link":"https:\/\/blogopara.com.br\/index.php\/2023\/10\/30\/juazeiro-moradores-do-condominio-jardim-vitoria-denunciam-o-acumulo-de-lixos-e-entulhos","title":{"rendered":"Juazeiro: Moradores do condom\u00ednio Jardim Vit\u00f3ria denunciam o ac\u00famulo de lixos e entulhos"},"content":{"rendered":"<p style=\"text-align: justify;\">Moradores do Condom\u00ednio Jardim Vit\u00f3ria mantiveram contato com a nossa reda\u00e7\u00e3o para denunciar o acumulo de lixos e entulhos pelas ruas do condom\u00ednio. Segundo eles, depois que o sindico Hildesandro Reis reassumiu a fun\u00e7\u00e3o, a vida dentro do condom\u00ednio se transformou num inferno.<\/p>\n<p style=\"text-align: justify;\">Al\u00e9m de n\u00e3o prestar conta regularmente das receitas e despesas do condom\u00ednio, os moradores denunciam uma suposta manipula\u00e7\u00e3o na vota\u00e7\u00e3o das assembleias virtuais que s\u00e3o rotineiramente realizadas para decidir temas pol\u00eamicos.<\/p>\n<p style=\"text-align: justify;\">Um outro morador que n\u00e3o preferiu se identificar, disse que desde 2021 que os cond\u00f4minos est\u00e3o numa batalha, visando unicamente o restabelecimento da ordem jur\u00eddica no condom\u00ednio Jardim Vit\u00f3ria. \u201cComo \u00e9 de conhecimento de todos o atual s\u00edndico (que est\u00e1 exercendo a fun\u00e7\u00e3o sob liminar) fez a partir de 2020 diversas altera\u00e7\u00f5es todas a revelia da lei em nossa conven\u00e7\u00e3o, sendo entre elas a altera\u00e7\u00e3o do Art. 7\u00b0 da nossa Conven\u00e7\u00e3o, passando o mandato de s\u00edndico de 01 para 02 anos, a outra, foi a extin\u00e7\u00e3o da figura de Subs\u00edndico, assim como, a altera\u00e7\u00e3o no Conselho Fiscal. Todas as altera\u00e7\u00f5es foram ilegais conforme a senten\u00e7a\u201d, ressaltou o morador.<\/p>\n<p style=\"text-align: justify;\"><span style=\"color: initial;\">Quando Hildesandro Reis disputou a primeira elei\u00e7\u00e3o em 2019, foi presencial e os que foram eleitos na chapa dele, todos se afastaram, e hoje foram processados por discordarem das a\u00e7\u00f5es do mesmo.<\/span><\/p>\n","protected":false},"excerpt":{"rendered":"<p>Moradores do Condom\u00ednio Jardim Vit\u00f3ria mantiveram contato com a nossa reda\u00e7\u00e3o para denunciar o acumulo de lixos e entulhos pelas ruas do condom\u00ednio. Segundo eles, depois que o sindico Hildesandro Reis reassumiu a fun\u00e7\u00e3o, a vida dentro do condom\u00ednio se transformou num inferno. Al\u00e9m de n\u00e3o prestar conta regularmente das receitas e despesas do condom\u00ednio, [&hellip;]<\/p>\n","protected":false},"author":1,"featured_media":58669,"comment_status":"closed","ping_status":"open","sticky":false,"template":"","format":"standard","meta":{"_uag_custom_page_level_css":"","_monsterinsights_skip_tracking":false,"_monsterinsights_sitenote_active":false,"_monsterinsights_sitenote_note":"","_monsterinsights_sitenote_category":0,"jetpack_post_was_ever_published":false,"_jetpack_newsletter_access":"","_jetpack_dont_email_post_to_subs":false,"_jetpack_newsletter_tier_id":0,"_jetpack_memberships_contains_paywalled_content":false,"_jetpack_memberships_contains_paid_content":false,"footnotes":"","jetpack_publicize_message":"","jetpack_publicize_feature_enabled":true,"jetpack_social_post_already_shared":true,"jetpack_social_options":{"image_generator_settings":{"template":"highway","default_image_id":0,"font":"","enabled":false},"version":2}},"categories":[203],"tags":[10918,170,1303],"class_list":["post-58667","post","type-post","status-publish","format-standard","has-post-thumbnail","hentry","category-juazeiro","tag-hildesandro-goncalves","tag-justica","tag-sujeira"],"jetpack_publicize_connections":[],"jetpack_featured_media_url":"https:\/\/blogopara.com.br\/wp-content\/uploads\/2023\/10\/b532b9c6-279d-4b85-976c-b35cf1658bbf.jpg","uagb_featured_image_src":{"full":["https:\/\/blogopara.com.br\/wp-content\/uploads\/2023\/10\/b532b9c6-279d-4b85-976c-b35cf1658bbf.jpg",500,281,false],"thumbnail":["https:\/\/blogopara.com.br\/wp-content\/uploads\/2023\/10\/b532b9c6-279d-4b85-976c-b35cf1658bbf-150x150.jpg",150,150,true],"medium":["https:\/\/blogopara.com.br\/wp-content\/uploads\/2023\/10\/b532b9c6-279d-4b85-976c-b35cf1658bbf-300x169.jpg",300,169,true],"medium_large":["https:\/\/blogopara.com.br\/wp-content\/uploads\/2023\/10\/b532b9c6-279d-4b85-976c-b35cf1658bbf.jpg",500,281,false],"large":["https:\/\/blogopara.com.br\/wp-content\/uploads\/2023\/10\/b532b9c6-279d-4b85-976c-b35cf1658bbf.jpg",500,281,false],"1536x1536":["https:\/\/blogopara.com.br\/wp-content\/uploads\/2023\/10\/b532b9c6-279d-4b85-976c-b35cf1658bbf.jpg",500,281,false],"2048x2048":["https:\/\/blogopara.com.br\/wp-content\/uploads\/2023\/10\/b532b9c6-279d-4b85-976c-b35cf1658bbf.jpg",500,281,false],"mantranews-slider-large":["https:\/\/blogopara.com.br\/wp-content\/uploads\/2023\/10\/b532b9c6-279d-4b85-976c-b35cf1658bbf.jpg",500,281,false],"mantranews-featured-medium":["https:\/\/blogopara.com.br\/wp-content\/uploads\/2023\/10\/b532b9c6-279d-4b85-976c-b35cf1658bbf-420x281.jpg",420,281,true],"mantranews-featured-long":["https:\/\/blogopara.com.br\/wp-content\/uploads\/2023\/10\/b532b9c6-279d-4b85-976c-b35cf1658bbf-300x281.jpg",300,281,true],"mantranews-block-medium":["https:\/\/blogopara.com.br\/wp-content\/uploads\/2023\/10\/b532b9c6-279d-4b85-976c-b35cf1658bbf-464x281.jpg",464,281,true],"mantranews-carousel-image":["https:\/\/blogopara.com.br\/wp-content\/uploads\/2023\/10\/b532b9c6-279d-4b85-976c-b35cf1658bbf.jpg",500,281,false],"mantranews-block-thumb":["https:\/\/blogopara.com.br\/wp-content\/uploads\/2023\/10\/b532b9c6-279d-4b85-976c-b35cf1658bbf-322x230.jpg",322,230,true],"mantranews-single-large":["https:\/\/blogopara.com.br\/wp-content\/uploads\/2023\/10\/b532b9c6-279d-4b85-976c-b35cf1658bbf.jpg",500,281,false]},"uagb_author_info":{"display_name":"Reda\u00e7\u00e3o geral","author_link":"https:\/\/blogopara.com.br\/index.php\/author\/blogopara"},"uagb_comment_info":0,"uagb_excerpt":"Moradores do Condom\u00ednio Jardim Vit\u00f3ria mantiveram contato com a nossa reda\u00e7\u00e3o para denunciar o acumulo de lixos e entulhos pelas ruas do condom\u00ednio. Segundo eles, depois que o sindico Hildesandro Reis reassumiu a fun\u00e7\u00e3o, a vida dentro do condom\u00ednio se transformou num inferno. Al\u00e9m de n\u00e3o prestar conta regularmente das receitas e despesas do condom\u00ednio,&hellip;","jetpack_sharing_enabled":true,"jetpack_likes_enabled":true,"_links":{"self":[{"href":"https:\/\/blogopara.com.br\/index.php\/wp-json\/wp\/v2\/posts\/58667","targetHints":{"allow":["GET"]}}],"collection":[{"href":"https:\/\/blogopara.com.br\/index.php\/wp-json\/wp\/v2\/posts"}],"about":[{"href":"https:\/\/blogopara.com.br\/index.php\/wp-json\/wp\/v2\/types\/post"}],"author":[{"embeddable":true,"href":"https:\/\/blogopara.com.br\/index.php\/wp-json\/wp\/v2\/users\/1"}],"replies":[{"embeddable":true,"href":"https:\/\/blogopara.com.br\/index.php\/wp-json\/wp\/v2\/comments?post=58667"}],"version-history":[{"count":2,"href":"https:\/\/blogopara.com.br\/index.php\/wp-json\/wp\/v2\/posts\/58667\/revisions"}],"predecessor-version":[{"id":58673,"href":"https:\/\/blogopara.com.br\/index.php\/wp-json\/wp\/v2\/posts\/58667\/revisions\/58673"}],"wp:featuredmedia":[{"embeddable":true,"href":"https:\/\/blogopara.com.br\/index.php\/wp-json\/wp\/v2\/media\/58669"}],"wp:attachment":[{"href":"https:\/\/blogopara.com.br\/index.php\/wp-json\/wp\/v2\/media?parent=58667"}],"wp:term":[{"taxonomy":"category","embeddable":true,"href":"https:\/\/blogopara.com.br\/index.php\/wp-json\/wp\/v2\/categories?post=58667"},{"taxonomy":"post_tag","embeddable":true,"href":"https:\/\/blogopara.com.br\/index.php\/wp-json\/wp\/v2\/tags?post=58667"}],"curies":[{"name":"wp","href":"https:\/\/api.w.org\/{rel}","templated":true}]}}