{"id":58738,"date":"2023-10-31T22:04:53","date_gmt":"2023-11-01T01:04:53","guid":{"rendered":"https:\/\/blogopara.com.br\/?p=58738"},"modified":"2023-10-31T22:04:57","modified_gmt":"2023-11-01T01:04:57","slug":"juazeiro-de-luto-morre-em-juazeiro-ivo-alves-barreto-dono-da-farmacia-oriente","status":"publish","type":"post","link":"https:\/\/blogopara.com.br\/index.php\/2023\/10\/31\/juazeiro-de-luto-morre-em-juazeiro-ivo-alves-barreto-dono-da-farmacia-oriente","title":{"rendered":"Juazeiro de luto: Morre em Juazeiro Ivo Alves Barreto, dono da Farm\u00e1cia Oriente"},"content":{"rendered":"<p style=\"text-align: justify;\">Faleceu, na tarde desta ter\u00e7a-feira (31) em casa, Ivo Alves Barreto, 85 anos, ap\u00f3s 20 anos lutando contra um c\u00e2ncer de p\u00e2ncreas. J\u00e1 debilitado, n\u00e3o resistiu e partiu. Esse texto \u00e9 escrito pela sobrinha e afilhada Cristina Laura em nome de toda a fam\u00edlia.<\/p>\n<p style=\"text-align: justify;\">Nosso pesar \u00e9 imenso e conviver com a presen\u00e7a da aus\u00eancia vai doer demais. As palavras s\u00e3o destinadas a todos os juazeirenses que conheceram, conviveram, foram recebidos, bem tratados, diagnosticados, cuidados e sempre encontraram em sua pessoa a paz interior, a tranquilidade na fala, o sorriso sereno e espont\u00e2neo cada vez que se dirigiu \u00e0 Farm\u00e1cia Oriente, ou ao Centro Esp\u00edrita.<\/p>\n<p style=\"text-align: justify;\">Nascido e criado no munic\u00edpio de Barra do Mendes (BA) h\u00e1 cerca de 600Km de Juazeiro, S. Ivo como era chamado, veio para Juazeiro h\u00e1 60 anos, criou sua fam\u00edlia, trouxe irm\u00e3os com ele e construiu uma vida pessoal e profissional digna de aplauso. Sua serenidade possibilitou o ensinamento do of\u00edcio a muitos outros que seguiram seus passos, abriram suas farm\u00e1cias e sustentaram suas fam\u00edlias. Conhecidamente esp\u00edrita, ele sempre conversou e orientou quem lhe procurou sem distin\u00e7\u00e3o, com respeito a todas as religi\u00f5es, presenteou com sabedoria cada vez que falou com algu\u00e9m. Para mim, um guru que interpretava meus sonhos e me tratava com imenso carinho. N\u00e3o s\u00f3 o tio e padrinho, mas um av\u00f4, j\u00e1 que eu nunca conheci os meus. Para minha m\u00e3e, n\u00e3o s\u00f3 um irm\u00e3o mais velho, mas um pai.<\/p>\n<p style=\"text-align: justify;\">Casado com N\u00edvea Alves Oliveira, ele deixa 06 filhos, 14 netos, 9 bisnetos &#8211; uma fam\u00edlia s\u00f3lida, constru\u00edda com pilares fortes e repletos de amor. Juazeiro perde hoje um homem que adotou esta cidade como sua, abra\u00e7ou seu povo e deixou sua marca. No tempo em que passou \u00e0 frente da farm\u00e1cia atendendo seus clientes vestindo suas camisas brancas que sempre adorou, recebendo a todos com carinho e tranquilidade deixou marcado ainda sua presen\u00e7a de esp\u00edrito e seu car\u00e1ter. A perda \u00e9 inestim\u00e1vel, mas a certeza da morte est\u00e1 presente na vida. Dif\u00edcil \u00e9 aceitar a aus\u00eancia que ela traz consigo.<\/p>\n<p style=\"text-align: justify;\">Pessoalmente n\u00e3o sou uma pessoa que aceita certos fatos inquestion\u00e1veis e a morte, com certeza \u00e9 um deles. Minha fortaleza \u00e9 abalada ao ver a vida indo embora. N\u00e3o sei mais como suportar as perdas. Mas escrevi esse texto como \u00faltima homenagem ao homem a que ajudou a criar a minha m\u00e3e e tias, que deu apoio a tantos outros em seus empreendimentos, que soube ouvir, falar, cuidar da fam\u00edlia e do povo juazeirense. Meu agradecimento a meu tio Ivo pelo legado que ele deixa. Seu nome nunca ser\u00e1 esquecido e sua hist\u00f3ria sempre ser\u00e1 contada.<\/p>\n<p style=\"text-align: justify;\">O vel\u00f3rio ser\u00e1 a partir das 18hrs no Maranata, Alto da Maravilha, atr\u00e1s da banca. O enterro ser\u00e1 na quarta-feira (01) amanh\u00e3 \u00e0s 10h no Cemit\u00e9rio Central de Juazeiro.<\/p>\n<p style=\"text-align: justify;\">Por Cristina Laura jornalista<\/p>\n","protected":false},"excerpt":{"rendered":"<p>Faleceu, na tarde desta ter\u00e7a-feira (31) em casa, Ivo Alves Barreto, 85 anos, ap\u00f3s 20 anos lutando contra um c\u00e2ncer de p\u00e2ncreas. J\u00e1 debilitado, n\u00e3o resistiu e partiu. Esse texto \u00e9 escrito pela sobrinha e afilhada Cristina Laura em nome de toda a fam\u00edlia. Nosso pesar \u00e9 imenso e conviver com a presen\u00e7a da aus\u00eancia [&hellip;]<\/p>\n","protected":false},"author":1,"featured_media":58739,"comment_status":"closed","ping_status":"open","sticky":false,"template":"","format":"standard","meta":{"_uag_custom_page_level_css":"","_monsterinsights_skip_tracking":false,"_monsterinsights_sitenote_active":false,"_monsterinsights_sitenote_note":"","_monsterinsights_sitenote_category":0,"jetpack_post_was_ever_published":false,"_jetpack_newsletter_access":"","_jetpack_dont_email_post_to_subs":false,"_jetpack_newsletter_tier_id":0,"_jetpack_memberships_contains_paywalled_content":false,"_jetpack_memberships_contains_paid_content":false,"footnotes":"","jetpack_publicize_message":"","jetpack_publicize_feature_enabled":true,"jetpack_social_post_already_shared":true,"jetpack_social_options":{"image_generator_settings":{"template":"highway","default_image_id":0,"font":"","enabled":false},"version":2}},"categories":[203],"tags":[719,601],"class_list":["post-58738","post","type-post","status-publish","format-standard","has-post-thumbnail","hentry","category-juazeiro","tag-cancer-3","tag-espirita"],"jetpack_publicize_connections":[],"jetpack_featured_media_url":"https:\/\/blogopara.com.br\/wp-content\/uploads\/2023\/10\/WhatsApp-Image-2023-10-31-at-15_43_59-1.jpeg","uagb_featured_image_src":{"full":["https:\/\/blogopara.com.br\/wp-content\/uploads\/2023\/10\/WhatsApp-Image-2023-10-31-at-15_43_59-1.jpeg",500,827,false],"thumbnail":["https:\/\/blogopara.com.br\/wp-content\/uploads\/2023\/10\/WhatsApp-Image-2023-10-31-at-15_43_59-1-150x150.jpeg",150,150,true],"medium":["https:\/\/blogopara.com.br\/wp-content\/uploads\/2023\/10\/WhatsApp-Image-2023-10-31-at-15_43_59-1-181x300.jpeg",181,300,true],"medium_large":["https:\/\/blogopara.com.br\/wp-content\/uploads\/2023\/10\/WhatsApp-Image-2023-10-31-at-15_43_59-1.jpeg",500,827,false],"large":["https:\/\/blogopara.com.br\/wp-content\/uploads\/2023\/10\/WhatsApp-Image-2023-10-31-at-15_43_59-1.jpeg",500,827,false],"1536x1536":["https:\/\/blogopara.com.br\/wp-content\/uploads\/2023\/10\/WhatsApp-Image-2023-10-31-at-15_43_59-1.jpeg",500,827,false],"2048x2048":["https:\/\/blogopara.com.br\/wp-content\/uploads\/2023\/10\/WhatsApp-Image-2023-10-31-at-15_43_59-1.jpeg",500,827,false],"mantranews-slider-large":["https:\/\/blogopara.com.br\/wp-content\/uploads\/2023\/10\/WhatsApp-Image-2023-10-31-at-15_43_59-1-500x741.jpeg",500,741,true],"mantranews-featured-medium":["https:\/\/blogopara.com.br\/wp-content\/uploads\/2023\/10\/WhatsApp-Image-2023-10-31-at-15_43_59-1-420x307.jpeg",420,307,true],"mantranews-featured-long":["https:\/\/blogopara.com.br\/wp-content\/uploads\/2023\/10\/WhatsApp-Image-2023-10-31-at-15_43_59-1-300x443.jpeg",300,443,true],"mantranews-block-medium":["https:\/\/blogopara.com.br\/wp-content\/uploads\/2023\/10\/WhatsApp-Image-2023-10-31-at-15_43_59-1-464x290.jpeg",464,290,true],"mantranews-carousel-image":["https:\/\/blogopara.com.br\/wp-content\/uploads\/2023\/10\/WhatsApp-Image-2023-10-31-at-15_43_59-1-500x500.jpeg",500,500,true],"mantranews-block-thumb":["https:\/\/blogopara.com.br\/wp-content\/uploads\/2023\/10\/WhatsApp-Image-2023-10-31-at-15_43_59-1-322x230.jpeg",322,230,true],"mantranews-single-large":["https:\/\/blogopara.com.br\/wp-content\/uploads\/2023\/10\/WhatsApp-Image-2023-10-31-at-15_43_59-1-500x642.jpeg",500,642,true]},"uagb_author_info":{"display_name":"Reda\u00e7\u00e3o geral","author_link":"https:\/\/blogopara.com.br\/index.php\/author\/blogopara"},"uagb_comment_info":0,"uagb_excerpt":"Faleceu, na tarde desta ter\u00e7a-feira (31) em casa, Ivo Alves Barreto, 85 anos, ap\u00f3s 20 anos lutando contra um c\u00e2ncer de p\u00e2ncreas. J\u00e1 debilitado, n\u00e3o resistiu e partiu. Esse texto \u00e9 escrito pela sobrinha e afilhada Cristina Laura em nome de toda a fam\u00edlia. Nosso pesar \u00e9 imenso e conviver com a presen\u00e7a da aus\u00eancia&hellip;","jetpack_sharing_enabled":true,"jetpack_likes_enabled":true,"_links":{"self":[{"href":"https:\/\/blogopara.com.br\/index.php\/wp-json\/wp\/v2\/posts\/58738","targetHints":{"allow":["GET"]}}],"collection":[{"href":"https:\/\/blogopara.com.br\/index.php\/wp-json\/wp\/v2\/posts"}],"about":[{"href":"https:\/\/blogopara.com.br\/index.php\/wp-json\/wp\/v2\/types\/post"}],"author":[{"embeddable":true,"href":"https:\/\/blogopara.com.br\/index.php\/wp-json\/wp\/v2\/users\/1"}],"replies":[{"embeddable":true,"href":"https:\/\/blogopara.com.br\/index.php\/wp-json\/wp\/v2\/comments?post=58738"}],"version-history":[{"count":1,"href":"https:\/\/blogopara.com.br\/index.php\/wp-json\/wp\/v2\/posts\/58738\/revisions"}],"predecessor-version":[{"id":58740,"href":"https:\/\/blogopara.com.br\/index.php\/wp-json\/wp\/v2\/posts\/58738\/revisions\/58740"}],"wp:featuredmedia":[{"embeddable":true,"href":"https:\/\/blogopara.com.br\/index.php\/wp-json\/wp\/v2\/media\/58739"}],"wp:attachment":[{"href":"https:\/\/blogopara.com.br\/index.php\/wp-json\/wp\/v2\/media?parent=58738"}],"wp:term":[{"taxonomy":"category","embeddable":true,"href":"https:\/\/blogopara.com.br\/index.php\/wp-json\/wp\/v2\/categories?post=58738"},{"taxonomy":"post_tag","embeddable":true,"href":"https:\/\/blogopara.com.br\/index.php\/wp-json\/wp\/v2\/tags?post=58738"}],"curies":[{"name":"wp","href":"https:\/\/api.w.org\/{rel}","templated":true}]}}