{"id":58758,"date":"2023-11-01T17:36:00","date_gmt":"2023-11-01T20:36:00","guid":{"rendered":"https:\/\/blogopara.com.br\/?p=58758"},"modified":"2023-11-01T15:39:36","modified_gmt":"2023-11-01T18:39:36","slug":"sindsemp-cobra-da-seduce-aplicacao-da-transferencia-do-feriado-do-servidor","status":"publish","type":"post","link":"https:\/\/blogopara.com.br\/index.php\/2023\/11\/01\/sindsemp-cobra-da-seduce-aplicacao-da-transferencia-do-feriado-do-servidor","title":{"rendered":"Sindsemp cobra da Seduce aplica\u00e7\u00e3o da transfer\u00eancia do feriado do servidor"},"content":{"rendered":"<p style=\"text-align: justify;\">Diante de informa\u00e7\u00f5es extraoficiais sobre uma determina\u00e7\u00e3o da Secretaria Municipal de Educa\u00e7\u00e3o em manter as aulas na rede no dia 03\/11\/2023, o Sindsemp protocolou em \u00a0em CAR\u00c1TER DE URG\u00caNCIA, um of\u00edcio solicitando explica\u00e7\u00f5es acerca dessa possibilidade.<br aria-hidden=\"true\" \/><br aria-hidden=\"true\" \/>A situa\u00e7\u00e3o causou estranhamento, j\u00e1 que o Decreto Municipal n\u00b0 096\/2023 de 27 de Outubro de 2023,<br aria-hidden=\"true\" \/>estabeleceu em seu artigo 1o que: &#8220;Fica transferido o feriado do Dia do Servidor P\u00fablico do dia 28.10.2023, para o dia 03.11.2023 (sexta -feira)&#8221;, inclusive aos profissionais de educa\u00e7\u00e3o.<br aria-hidden=\"true\" \/><br aria-hidden=\"true\" \/>Por isso, inicialmente, \u00e9 importante que a Seduce disponibilize e envie o ato p\u00fablico decretando o funcionamento das escolas no feriado municipal, oficializando a decis\u00e3o que vai de encontro ao decreto citado.<br aria-hidden=\"true\" \/><br aria-hidden=\"true\" \/>Al\u00e9m disso, caso a administra\u00e7\u00e3o municipal decida pelo funcionamento regular das escolas no feriado transferido para o dia 03, o que de fato \u00e9 uma contradi\u00e7\u00e3o imensa, o sindicato solicita que seja aplicado um estudo dirigido. Ressaltando que para a realiza\u00e7\u00e3o deste, n\u00e3o haver\u00e1 a aplica\u00e7\u00e3o obrigat\u00f3ria no ambiente escolar, \u00a0garantindo o gozo do feriado ao servidor e, ao sistema de ensino, o cumprimento do dia letivo.<\/p>\n<div style=\"text-align: justify;\"><\/div>\n<div style=\"text-align: justify;\">Assessoria de Comunica\u00e7\u00e3o do Sindsemp<\/div>\n","protected":false},"excerpt":{"rendered":"<p>Diante de informa\u00e7\u00f5es extraoficiais sobre uma determina\u00e7\u00e3o da Secretaria Municipal de Educa\u00e7\u00e3o em manter as aulas na rede no dia 03\/11\/2023, o Sindsemp protocolou em \u00a0em CAR\u00c1TER DE URG\u00caNCIA, um of\u00edcio solicitando explica\u00e7\u00f5es acerca dessa possibilidade.A situa\u00e7\u00e3o causou estranhamento, j\u00e1 que o Decreto Municipal n\u00b0 096\/2023 de 27 de Outubro de 2023,estabeleceu em seu artigo [&hellip;]<\/p>\n","protected":false},"author":1,"featured_media":58761,"comment_status":"closed","ping_status":"open","sticky":false,"template":"","format":"standard","meta":{"_uag_custom_page_level_css":"","_monsterinsights_skip_tracking":false,"_monsterinsights_sitenote_active":false,"_monsterinsights_sitenote_note":"","_monsterinsights_sitenote_category":0,"jetpack_post_was_ever_published":false,"_jetpack_newsletter_access":"","_jetpack_dont_email_post_to_subs":false,"_jetpack_newsletter_tier_id":0,"_jetpack_memberships_contains_paywalled_content":false,"_jetpack_memberships_contains_paid_content":false,"footnotes":"","jetpack_publicize_message":"","jetpack_publicize_feature_enabled":true,"jetpack_social_post_already_shared":true,"jetpack_social_options":{"image_generator_settings":{"template":"highway","default_image_id":0,"font":"","enabled":false},"version":2}},"categories":[851],"tags":[2020,71],"class_list":["post-58758","post","type-post","status-publish","format-standard","has-post-thumbnail","hentry","category-petrolina","tag-mobilizacao","tag-sindicato"],"jetpack_publicize_connections":[],"jetpack_featured_media_url":"https:\/\/blogopara.com.br\/wp-content\/uploads\/2023\/11\/thumbnail_FACHADA-SINDSEMP.jpg","uagb_featured_image_src":{"full":["https:\/\/blogopara.com.br\/wp-content\/uploads\/2023\/11\/thumbnail_FACHADA-SINDSEMP.jpg",500,281,false],"thumbnail":["https:\/\/blogopara.com.br\/wp-content\/uploads\/2023\/11\/thumbnail_FACHADA-SINDSEMP-150x150.jpg",150,150,true],"medium":["https:\/\/blogopara.com.br\/wp-content\/uploads\/2023\/11\/thumbnail_FACHADA-SINDSEMP-300x169.jpg",300,169,true],"medium_large":["https:\/\/blogopara.com.br\/wp-content\/uploads\/2023\/11\/thumbnail_FACHADA-SINDSEMP.jpg",500,281,false],"large":["https:\/\/blogopara.com.br\/wp-content\/uploads\/2023\/11\/thumbnail_FACHADA-SINDSEMP.jpg",500,281,false],"1536x1536":["https:\/\/blogopara.com.br\/wp-content\/uploads\/2023\/11\/thumbnail_FACHADA-SINDSEMP.jpg",500,281,false],"2048x2048":["https:\/\/blogopara.com.br\/wp-content\/uploads\/2023\/11\/thumbnail_FACHADA-SINDSEMP.jpg",500,281,false],"mantranews-slider-large":["https:\/\/blogopara.com.br\/wp-content\/uploads\/2023\/11\/thumbnail_FACHADA-SINDSEMP.jpg",500,281,false],"mantranews-featured-medium":["https:\/\/blogopara.com.br\/wp-content\/uploads\/2023\/11\/thumbnail_FACHADA-SINDSEMP-420x281.jpg",420,281,true],"mantranews-featured-long":["https:\/\/blogopara.com.br\/wp-content\/uploads\/2023\/11\/thumbnail_FACHADA-SINDSEMP-300x281.jpg",300,281,true],"mantranews-block-medium":["https:\/\/blogopara.com.br\/wp-content\/uploads\/2023\/11\/thumbnail_FACHADA-SINDSEMP-464x281.jpg",464,281,true],"mantranews-carousel-image":["https:\/\/blogopara.com.br\/wp-content\/uploads\/2023\/11\/thumbnail_FACHADA-SINDSEMP.jpg",500,281,false],"mantranews-block-thumb":["https:\/\/blogopara.com.br\/wp-content\/uploads\/2023\/11\/thumbnail_FACHADA-SINDSEMP-322x230.jpg",322,230,true],"mantranews-single-large":["https:\/\/blogopara.com.br\/wp-content\/uploads\/2023\/11\/thumbnail_FACHADA-SINDSEMP.jpg",500,281,false]},"uagb_author_info":{"display_name":"Reda\u00e7\u00e3o geral","author_link":"https:\/\/blogopara.com.br\/index.php\/author\/blogopara"},"uagb_comment_info":0,"uagb_excerpt":"Diante de informa\u00e7\u00f5es extraoficiais sobre uma determina\u00e7\u00e3o da Secretaria Municipal de Educa\u00e7\u00e3o em manter as aulas na rede no dia 03\/11\/2023, o Sindsemp protocolou em \u00a0em CAR\u00c1TER DE URG\u00caNCIA, um of\u00edcio solicitando explica\u00e7\u00f5es acerca dessa possibilidade.A situa\u00e7\u00e3o causou estranhamento, j\u00e1 que o Decreto Municipal n\u00b0 096\/2023 de 27 de Outubro de 2023,estabeleceu em seu artigo&hellip;","jetpack_sharing_enabled":true,"jetpack_likes_enabled":true,"_links":{"self":[{"href":"https:\/\/blogopara.com.br\/index.php\/wp-json\/wp\/v2\/posts\/58758","targetHints":{"allow":["GET"]}}],"collection":[{"href":"https:\/\/blogopara.com.br\/index.php\/wp-json\/wp\/v2\/posts"}],"about":[{"href":"https:\/\/blogopara.com.br\/index.php\/wp-json\/wp\/v2\/types\/post"}],"author":[{"embeddable":true,"href":"https:\/\/blogopara.com.br\/index.php\/wp-json\/wp\/v2\/users\/1"}],"replies":[{"embeddable":true,"href":"https:\/\/blogopara.com.br\/index.php\/wp-json\/wp\/v2\/comments?post=58758"}],"version-history":[{"count":1,"href":"https:\/\/blogopara.com.br\/index.php\/wp-json\/wp\/v2\/posts\/58758\/revisions"}],"predecessor-version":[{"id":58762,"href":"https:\/\/blogopara.com.br\/index.php\/wp-json\/wp\/v2\/posts\/58758\/revisions\/58762"}],"wp:featuredmedia":[{"embeddable":true,"href":"https:\/\/blogopara.com.br\/index.php\/wp-json\/wp\/v2\/media\/58761"}],"wp:attachment":[{"href":"https:\/\/blogopara.com.br\/index.php\/wp-json\/wp\/v2\/media?parent=58758"}],"wp:term":[{"taxonomy":"category","embeddable":true,"href":"https:\/\/blogopara.com.br\/index.php\/wp-json\/wp\/v2\/categories?post=58758"},{"taxonomy":"post_tag","embeddable":true,"href":"https:\/\/blogopara.com.br\/index.php\/wp-json\/wp\/v2\/tags?post=58758"}],"curies":[{"name":"wp","href":"https:\/\/api.w.org\/{rel}","templated":true}]}}