{"id":58766,"date":"2023-11-01T18:58:00","date_gmt":"2023-11-01T21:58:00","guid":{"rendered":"https:\/\/blogopara.com.br\/?p=58766"},"modified":"2023-11-01T16:03:02","modified_gmt":"2023-11-01T19:03:02","slug":"alcione-eneas-assume-interinamente-a-secretaria-de-saude-de-juazeiro","status":"publish","type":"post","link":"https:\/\/blogopara.com.br\/index.php\/2023\/11\/01\/alcione-eneas-assume-interinamente-a-secretaria-de-saude-de-juazeiro","title":{"rendered":"Alcione En\u00e9as assume interinamente a Secretaria de Sa\u00fade de Juazeiro"},"content":{"rendered":"<p class=\"x_MsoNormal\" style=\"text-align: justify;\">A Prefeitura de Juazeiro comunica a nomea\u00e7\u00e3o de Alcione En\u00e9as de Assis Rodrigues para assumir interinamente a Secretaria de Sa\u00fade (Sesau) em substitui\u00e7\u00e3o a Allan Jones, exonerado a pedido.<\/p>\n<p class=\"x_MsoNormal\" style=\"text-align: justify;\">Nomeado para a dire\u00e7\u00e3o da Sesau de forma interina, no Di\u00e1rio Oficial desta ter\u00e7a-feira (31), Alcione En\u00e9as de Assis Rodrigues, \u00e9 formado em Direito pela Universidade Federal da Para\u00edba (UFPB), e j\u00e1 integra o quadro de funcion\u00e1rios da Prefeitura de Juazeiro na fun\u00e7\u00e3o comissionada de Secret\u00e1rio Municipal de Governo.<\/p>\n<p class=\"x_MsoNormal\" style=\"text-align: justify;\">&#8220;Nossos profundos agradecimentos ao empenho e dedica\u00e7\u00e3o desses dois grandes profissionais, Allan Jhones pela excelente contribui\u00e7\u00e3o \u00e0 frente da Sesau, e a Alcione por sempre se dedicar ao desenvolvimento da gest\u00e3o e consequentemente da nossa Juazeiro. Seguimos trabalhando para fazer o melhor para o nosso povo\u201d, pontuou a prefeita Suzana Ramos.<\/p>\n<p class=\"x_MsoNormal\" style=\"text-align: justify;\">\n","protected":false},"excerpt":{"rendered":"<p>A Prefeitura de Juazeiro comunica a nomea\u00e7\u00e3o de Alcione En\u00e9as de Assis Rodrigues para assumir interinamente a Secretaria de Sa\u00fade (Sesau) em substitui\u00e7\u00e3o a Allan Jones, exonerado a pedido. Nomeado para a dire\u00e7\u00e3o da Sesau de forma interina, no Di\u00e1rio Oficial desta ter\u00e7a-feira (31), Alcione En\u00e9as de Assis Rodrigues, \u00e9 formado em Direito pela Universidade [&hellip;]<\/p>\n","protected":false},"author":1,"featured_media":58767,"comment_status":"closed","ping_status":"open","sticky":false,"template":"","format":"standard","meta":{"_uag_custom_page_level_css":"","_monsterinsights_skip_tracking":false,"_monsterinsights_sitenote_active":false,"_monsterinsights_sitenote_note":"","_monsterinsights_sitenote_category":0,"jetpack_post_was_ever_published":false,"_jetpack_newsletter_access":"","_jetpack_dont_email_post_to_subs":false,"_jetpack_newsletter_tier_id":0,"_jetpack_memberships_contains_paywalled_content":false,"_jetpack_memberships_contains_paid_content":false,"footnotes":"","jetpack_publicize_message":"","jetpack_publicize_feature_enabled":true,"jetpack_social_post_already_shared":true,"jetpack_social_options":{"image_generator_settings":{"template":"highway","default_image_id":0,"font":"","enabled":false},"version":2}},"categories":[203],"tags":[5195,536],"class_list":["post-58766","post","type-post","status-publish","format-standard","has-post-thumbnail","hentry","category-juazeiro","tag-prefeita-suzana-ramos","tag-sesau"],"jetpack_publicize_connections":[],"jetpack_featured_media_url":"https:\/\/blogopara.com.br\/wp-content\/uploads\/2023\/11\/thumbnail_Alcione-Eneas.jpg","uagb_featured_image_src":{"full":["https:\/\/blogopara.com.br\/wp-content\/uploads\/2023\/11\/thumbnail_Alcione-Eneas.jpg",500,418,false],"thumbnail":["https:\/\/blogopara.com.br\/wp-content\/uploads\/2023\/11\/thumbnail_Alcione-Eneas-150x150.jpg",150,150,true],"medium":["https:\/\/blogopara.com.br\/wp-content\/uploads\/2023\/11\/thumbnail_Alcione-Eneas-300x251.jpg",300,251,true],"medium_large":["https:\/\/blogopara.com.br\/wp-content\/uploads\/2023\/11\/thumbnail_Alcione-Eneas.jpg",500,418,false],"large":["https:\/\/blogopara.com.br\/wp-content\/uploads\/2023\/11\/thumbnail_Alcione-Eneas.jpg",500,418,false],"1536x1536":["https:\/\/blogopara.com.br\/wp-content\/uploads\/2023\/11\/thumbnail_Alcione-Eneas.jpg",500,418,false],"2048x2048":["https:\/\/blogopara.com.br\/wp-content\/uploads\/2023\/11\/thumbnail_Alcione-Eneas.jpg",500,418,false],"mantranews-slider-large":["https:\/\/blogopara.com.br\/wp-content\/uploads\/2023\/11\/thumbnail_Alcione-Eneas.jpg",500,418,false],"mantranews-featured-medium":["https:\/\/blogopara.com.br\/wp-content\/uploads\/2023\/11\/thumbnail_Alcione-Eneas-420x307.jpg",420,307,true],"mantranews-featured-long":["https:\/\/blogopara.com.br\/wp-content\/uploads\/2023\/11\/thumbnail_Alcione-Eneas-300x418.jpg",300,418,true],"mantranews-block-medium":["https:\/\/blogopara.com.br\/wp-content\/uploads\/2023\/11\/thumbnail_Alcione-Eneas-464x290.jpg",464,290,true],"mantranews-carousel-image":["https:\/\/blogopara.com.br\/wp-content\/uploads\/2023\/11\/thumbnail_Alcione-Eneas.jpg",500,418,false],"mantranews-block-thumb":["https:\/\/blogopara.com.br\/wp-content\/uploads\/2023\/11\/thumbnail_Alcione-Eneas-322x230.jpg",322,230,true],"mantranews-single-large":["https:\/\/blogopara.com.br\/wp-content\/uploads\/2023\/11\/thumbnail_Alcione-Eneas.jpg",500,418,false]},"uagb_author_info":{"display_name":"Reda\u00e7\u00e3o geral","author_link":"https:\/\/blogopara.com.br\/index.php\/author\/blogopara"},"uagb_comment_info":0,"uagb_excerpt":"A Prefeitura de Juazeiro comunica a nomea\u00e7\u00e3o de Alcione En\u00e9as de Assis Rodrigues para assumir interinamente a Secretaria de Sa\u00fade (Sesau) em substitui\u00e7\u00e3o a Allan Jones, exonerado a pedido. Nomeado para a dire\u00e7\u00e3o da Sesau de forma interina, no Di\u00e1rio Oficial desta ter\u00e7a-feira (31), Alcione En\u00e9as de Assis Rodrigues, \u00e9 formado em Direito pela Universidade&hellip;","jetpack_sharing_enabled":true,"jetpack_likes_enabled":true,"_links":{"self":[{"href":"https:\/\/blogopara.com.br\/index.php\/wp-json\/wp\/v2\/posts\/58766","targetHints":{"allow":["GET"]}}],"collection":[{"href":"https:\/\/blogopara.com.br\/index.php\/wp-json\/wp\/v2\/posts"}],"about":[{"href":"https:\/\/blogopara.com.br\/index.php\/wp-json\/wp\/v2\/types\/post"}],"author":[{"embeddable":true,"href":"https:\/\/blogopara.com.br\/index.php\/wp-json\/wp\/v2\/users\/1"}],"replies":[{"embeddable":true,"href":"https:\/\/blogopara.com.br\/index.php\/wp-json\/wp\/v2\/comments?post=58766"}],"version-history":[{"count":1,"href":"https:\/\/blogopara.com.br\/index.php\/wp-json\/wp\/v2\/posts\/58766\/revisions"}],"predecessor-version":[{"id":58768,"href":"https:\/\/blogopara.com.br\/index.php\/wp-json\/wp\/v2\/posts\/58766\/revisions\/58768"}],"wp:featuredmedia":[{"embeddable":true,"href":"https:\/\/blogopara.com.br\/index.php\/wp-json\/wp\/v2\/media\/58767"}],"wp:attachment":[{"href":"https:\/\/blogopara.com.br\/index.php\/wp-json\/wp\/v2\/media?parent=58766"}],"wp:term":[{"taxonomy":"category","embeddable":true,"href":"https:\/\/blogopara.com.br\/index.php\/wp-json\/wp\/v2\/categories?post=58766"},{"taxonomy":"post_tag","embeddable":true,"href":"https:\/\/blogopara.com.br\/index.php\/wp-json\/wp\/v2\/tags?post=58766"}],"curies":[{"name":"wp","href":"https:\/\/api.w.org\/{rel}","templated":true}]}}