{"id":58776,"date":"2023-11-02T10:16:00","date_gmt":"2023-11-02T13:16:00","guid":{"rendered":"https:\/\/blogopara.com.br\/?p=58776"},"modified":"2023-11-01T16:21:32","modified_gmt":"2023-11-01T19:21:32","slug":"prefeitura-de-juazeiro-estabelece-medidas-para-ordenar-o-transito-dentro-do-mercado-do-produtor","status":"publish","type":"post","link":"https:\/\/blogopara.com.br\/index.php\/2023\/11\/02\/prefeitura-de-juazeiro-estabelece-medidas-para-ordenar-o-transito-dentro-do-mercado-do-produtor","title":{"rendered":"Prefeitura de Juazeiro estabelece medidas para ordenar o tr\u00e2nsito dentro do Mercado do Produtor"},"content":{"rendered":"<p dir=\"ltr\" style=\"text-align: justify;\">A Prefeitura de Juazeiro, por meio da Autarquia Municipal de Abastecimento (AMA) e da Autarquia Municipal de Tr\u00e2nsito e Transporte (AMTT), reuniram-se na tarde desta ter\u00e7a-feira (31) para delinear a\u00e7\u00f5es de ordenamento na \u00e1rea interna do Mercado do Produtor do munic\u00edpio. Na reuni\u00e3o ficou decidido que o tr\u00e1fego dentro do entreposto ser\u00e1 devidamente sinalizado vertical e horizontalmente. Nas entradas ser\u00e3o instalados tach\u00f5es para separar as vias e as a\u00e7\u00f5es educativas e de fiscaliza\u00e7\u00e3o ser\u00e3o refor\u00e7adas.<\/p>\n<p dir=\"ltr\" style=\"text-align: justify;\">Segundo o diretor da AMA, Daniel Mota, as medidas ir\u00e3o otimizar o tr\u00e1fego e contribuir para um escoamento mais eficaz dos produtos comercializados no 2\u00ba maior mercado em volume e valores na comercializa\u00e7\u00e3o de hortifrutigranjeiros. \u201cJuntos, tornaremos o entreposto um lugar mais organizado para ve\u00edculos e pedestres, com f\u00e1cil acesso para a realiza\u00e7\u00e3o das atividades comerciais desenvolvidas\u201d, disse Daniel Mota.<\/p>\n<p dir=\"ltr\" style=\"text-align: justify;\">O diretor-presidente da AMTT, Ten\u00f3rio Filho, destaca que a iniciativa ir\u00e1 contribuir para melhorar o fluxo interno e, consequentemente, as vias no entorno do Mercado tamb\u00e9m ser\u00e3o beneficiadas. \u201cEsta \u00e9 mais uma a\u00e7\u00e3o conjunta da gest\u00e3o Suzana Ramos para promover melhorias para o povo de Juazeiro. De forma pioneira, vamos fazer o trabalho de educa\u00e7\u00e3o para o tr\u00e2nsito junto com a r\u00e1dio comunit\u00e1ria localizada no Mercado do Produtor na pr\u00f3xima semana e realizaremos a sinaliza\u00e7\u00e3o das vias internas do entreposto\u201d, concluiu Ten\u00f3rio Filho.<\/p>\n","protected":false},"excerpt":{"rendered":"<p>A Prefeitura de Juazeiro, por meio da Autarquia Municipal de Abastecimento (AMA) e da Autarquia Municipal de Tr\u00e2nsito e Transporte (AMTT), reuniram-se na tarde desta ter\u00e7a-feira (31) para delinear a\u00e7\u00f5es de ordenamento na \u00e1rea interna do Mercado do Produtor do munic\u00edpio. Na reuni\u00e3o ficou decidido que o tr\u00e1fego dentro do entreposto ser\u00e1 devidamente sinalizado vertical [&hellip;]<\/p>\n","protected":false},"author":1,"featured_media":58777,"comment_status":"closed","ping_status":"open","sticky":false,"template":"","format":"standard","meta":{"_uag_custom_page_level_css":"","_monsterinsights_skip_tracking":false,"_monsterinsights_sitenote_active":false,"_monsterinsights_sitenote_note":"","_monsterinsights_sitenote_category":0,"jetpack_post_was_ever_published":false,"_jetpack_newsletter_access":"","_jetpack_dont_email_post_to_subs":false,"_jetpack_newsletter_tier_id":0,"_jetpack_memberships_contains_paywalled_content":false,"_jetpack_memberships_contains_paid_content":false,"footnotes":"","jetpack_publicize_message":"","jetpack_publicize_feature_enabled":true,"jetpack_social_post_already_shared":true,"jetpack_social_options":{"image_generator_settings":{"template":"highway","default_image_id":0,"font":"","enabled":false},"version":2}},"categories":[203],"tags":[305],"class_list":["post-58776","post","type-post","status-publish","format-standard","has-post-thumbnail","hentry","category-juazeiro","tag-mercado-do-produtor"],"jetpack_publicize_connections":[],"jetpack_featured_media_url":"https:\/\/blogopara.com.br\/wp-content\/uploads\/2023\/11\/thumbnail_53301342560_3fa4d5ed7d_k.jpg","uagb_featured_image_src":{"full":["https:\/\/blogopara.com.br\/wp-content\/uploads\/2023\/11\/thumbnail_53301342560_3fa4d5ed7d_k.jpg",500,333,false],"thumbnail":["https:\/\/blogopara.com.br\/wp-content\/uploads\/2023\/11\/thumbnail_53301342560_3fa4d5ed7d_k-150x150.jpg",150,150,true],"medium":["https:\/\/blogopara.com.br\/wp-content\/uploads\/2023\/11\/thumbnail_53301342560_3fa4d5ed7d_k-300x200.jpg",300,200,true],"medium_large":["https:\/\/blogopara.com.br\/wp-content\/uploads\/2023\/11\/thumbnail_53301342560_3fa4d5ed7d_k.jpg",500,333,false],"large":["https:\/\/blogopara.com.br\/wp-content\/uploads\/2023\/11\/thumbnail_53301342560_3fa4d5ed7d_k.jpg",500,333,false],"1536x1536":["https:\/\/blogopara.com.br\/wp-content\/uploads\/2023\/11\/thumbnail_53301342560_3fa4d5ed7d_k.jpg",500,333,false],"2048x2048":["https:\/\/blogopara.com.br\/wp-content\/uploads\/2023\/11\/thumbnail_53301342560_3fa4d5ed7d_k.jpg",500,333,false],"mantranews-slider-large":["https:\/\/blogopara.com.br\/wp-content\/uploads\/2023\/11\/thumbnail_53301342560_3fa4d5ed7d_k.jpg",500,333,false],"mantranews-featured-medium":["https:\/\/blogopara.com.br\/wp-content\/uploads\/2023\/11\/thumbnail_53301342560_3fa4d5ed7d_k-420x307.jpg",420,307,true],"mantranews-featured-long":["https:\/\/blogopara.com.br\/wp-content\/uploads\/2023\/11\/thumbnail_53301342560_3fa4d5ed7d_k-300x333.jpg",300,333,true],"mantranews-block-medium":["https:\/\/blogopara.com.br\/wp-content\/uploads\/2023\/11\/thumbnail_53301342560_3fa4d5ed7d_k-464x290.jpg",464,290,true],"mantranews-carousel-image":["https:\/\/blogopara.com.br\/wp-content\/uploads\/2023\/11\/thumbnail_53301342560_3fa4d5ed7d_k.jpg",500,333,false],"mantranews-block-thumb":["https:\/\/blogopara.com.br\/wp-content\/uploads\/2023\/11\/thumbnail_53301342560_3fa4d5ed7d_k-322x230.jpg",322,230,true],"mantranews-single-large":["https:\/\/blogopara.com.br\/wp-content\/uploads\/2023\/11\/thumbnail_53301342560_3fa4d5ed7d_k.jpg",500,333,false]},"uagb_author_info":{"display_name":"Reda\u00e7\u00e3o geral","author_link":"https:\/\/blogopara.com.br\/index.php\/author\/blogopara"},"uagb_comment_info":0,"uagb_excerpt":"A Prefeitura de Juazeiro, por meio da Autarquia Municipal de Abastecimento (AMA) e da Autarquia Municipal de Tr\u00e2nsito e Transporte (AMTT), reuniram-se na tarde desta ter\u00e7a-feira (31) para delinear a\u00e7\u00f5es de ordenamento na \u00e1rea interna do Mercado do Produtor do munic\u00edpio. Na reuni\u00e3o ficou decidido que o tr\u00e1fego dentro do entreposto ser\u00e1 devidamente sinalizado vertical&hellip;","jetpack_sharing_enabled":true,"jetpack_likes_enabled":true,"_links":{"self":[{"href":"https:\/\/blogopara.com.br\/index.php\/wp-json\/wp\/v2\/posts\/58776","targetHints":{"allow":["GET"]}}],"collection":[{"href":"https:\/\/blogopara.com.br\/index.php\/wp-json\/wp\/v2\/posts"}],"about":[{"href":"https:\/\/blogopara.com.br\/index.php\/wp-json\/wp\/v2\/types\/post"}],"author":[{"embeddable":true,"href":"https:\/\/blogopara.com.br\/index.php\/wp-json\/wp\/v2\/users\/1"}],"replies":[{"embeddable":true,"href":"https:\/\/blogopara.com.br\/index.php\/wp-json\/wp\/v2\/comments?post=58776"}],"version-history":[{"count":1,"href":"https:\/\/blogopara.com.br\/index.php\/wp-json\/wp\/v2\/posts\/58776\/revisions"}],"predecessor-version":[{"id":58778,"href":"https:\/\/blogopara.com.br\/index.php\/wp-json\/wp\/v2\/posts\/58776\/revisions\/58778"}],"wp:featuredmedia":[{"embeddable":true,"href":"https:\/\/blogopara.com.br\/index.php\/wp-json\/wp\/v2\/media\/58777"}],"wp:attachment":[{"href":"https:\/\/blogopara.com.br\/index.php\/wp-json\/wp\/v2\/media?parent=58776"}],"wp:term":[{"taxonomy":"category","embeddable":true,"href":"https:\/\/blogopara.com.br\/index.php\/wp-json\/wp\/v2\/categories?post=58776"},{"taxonomy":"post_tag","embeddable":true,"href":"https:\/\/blogopara.com.br\/index.php\/wp-json\/wp\/v2\/tags?post=58776"}],"curies":[{"name":"wp","href":"https:\/\/api.w.org\/{rel}","templated":true}]}}