{"id":58787,"date":"2023-11-02T09:22:00","date_gmt":"2023-11-02T12:22:00","guid":{"rendered":"https:\/\/blogopara.com.br\/?p=58787"},"modified":"2023-11-01T17:24:05","modified_gmt":"2023-11-01T20:24:05","slug":"vamos-para-a-terceira-tentativa-diz-vereadores-marquinhos-sobre-solicitacao-para-o-bairro-joao-de-deus","status":"publish","type":"post","link":"https:\/\/blogopara.com.br\/index.php\/2023\/11\/02\/vamos-para-a-terceira-tentativa-diz-vereadores-marquinhos-sobre-solicitacao-para-o-bairro-joao-de-deus","title":{"rendered":"Vamos para a terceira tentativa, diz vereadores Marquinhos sobre solicita\u00e7\u00e3o para o Bairro Jo\u00e3o de Deus"},"content":{"rendered":"<p style=\"text-align: justify;\">\u00c9 uma a\u00e7\u00e3o simples, mas a Prefeitura de Petrolina dificulta, analisa o vereador Marquinhos do N4 ao avisar que vai solicitar, pela terceira vez, a instala\u00e7\u00e3o de redutores de velocidade na Rua 47 do Bairro Jo\u00e3o de Deus.<\/p>\n<p style=\"text-align: justify;\">De acordo com o vereador, a rua \u00e9 bastante movimentada e propicia a velocidade acima da m\u00e9dia de seguran\u00e7a e a gest\u00e3o municipal j\u00e1 foi informada da necessidade de redutores, ou seja, quebra-molas, para coibir o tr\u00e2nsito de ve\u00edculos em alta velocidade, e consequentemente possibilitar a trafegabilidade de pedestres com seguran\u00e7a, mas o poder p\u00fablico n\u00e3o se atenta para o perigo que a falta do equipamento coloca os transeuntes e os pr\u00f3prios condutores de ve\u00edculos.<\/p>\n<p style=\"text-align: justify;\">Marquinhos do N4 volta a questionar a politicagem em Petrolina com a falta de sensibilidade para atender reivindica\u00e7\u00f5es da popula\u00e7\u00e3o, que ocorrem por meio de indica\u00e7\u00f5es e requerimentos de vereadores que n\u00e3o fazem parte do hall pol\u00edtico do grupo do prefeito. \u201cN\u00e3o pedimos nada para a gente, pedimos a\u00e7\u00f5es para o benef\u00edcio da popula\u00e7\u00e3o de Petrolina, da sede e do interior do munic\u00edpio. Um gestor p\u00fablico tem a obriga\u00e7\u00e3o de zelar pelo bem-estar da popula\u00e7\u00e3o e estar atento aos anseios da sociedade\u201d.<\/p>\n<p style=\"text-align: justify;\">A indica\u00e7\u00e3o ser\u00e1 apresentada mais uma vez para que a prefeitura realize essa benfeitoria no Bairro. \u201cTorcemos que a Prefeitura de Petrolina realize a\u00e7\u00f5es que melhorem a qualidade de vida dos petrolinenses\u201d, conclui o vereador Marquinhos do N4.<\/p>\n<p style=\"text-align: justify;\">M\u00f4nia Ramos- Jornalista<br \/>\nAscom<\/p>\n","protected":false},"excerpt":{"rendered":"<p>\u00c9 uma a\u00e7\u00e3o simples, mas a Prefeitura de Petrolina dificulta, analisa o vereador Marquinhos do N4 ao avisar que vai solicitar, pela terceira vez, a instala\u00e7\u00e3o de redutores de velocidade na Rua 47 do Bairro Jo\u00e3o de Deus. De acordo com o vereador, a rua \u00e9 bastante movimentada e propicia a velocidade acima da m\u00e9dia [&hellip;]<\/p>\n","protected":false},"author":1,"featured_media":58788,"comment_status":"closed","ping_status":"open","sticky":false,"template":"","format":"standard","meta":{"_uag_custom_page_level_css":"","_monsterinsights_skip_tracking":false,"_monsterinsights_sitenote_active":false,"_monsterinsights_sitenote_note":"","_monsterinsights_sitenote_category":0,"jetpack_post_was_ever_published":false,"_jetpack_newsletter_access":"","_jetpack_dont_email_post_to_subs":false,"_jetpack_newsletter_tier_id":0,"_jetpack_memberships_contains_paywalled_content":false,"_jetpack_memberships_contains_paid_content":false,"footnotes":"","jetpack_publicize_message":"","jetpack_publicize_feature_enabled":true,"jetpack_social_post_already_shared":true,"jetpack_social_options":{"image_generator_settings":{"template":"highway","default_image_id":0,"font":"","enabled":false},"version":2}},"categories":[851],"tags":[2133],"class_list":["post-58787","post","type-post","status-publish","format-standard","has-post-thumbnail","hentry","category-petrolina","tag-marquinhos-do-n4"],"jetpack_publicize_connections":[],"jetpack_featured_media_url":"https:\/\/blogopara.com.br\/wp-content\/uploads\/2023\/11\/WhatsApp-Image-2023-11-01-at-12.52.32-1.jpeg","uagb_featured_image_src":{"full":["https:\/\/blogopara.com.br\/wp-content\/uploads\/2023\/11\/WhatsApp-Image-2023-11-01-at-12.52.32-1.jpeg",500,664,false],"thumbnail":["https:\/\/blogopara.com.br\/wp-content\/uploads\/2023\/11\/WhatsApp-Image-2023-11-01-at-12.52.32-1-150x150.jpeg",150,150,true],"medium":["https:\/\/blogopara.com.br\/wp-content\/uploads\/2023\/11\/WhatsApp-Image-2023-11-01-at-12.52.32-1-226x300.jpeg",226,300,true],"medium_large":["https:\/\/blogopara.com.br\/wp-content\/uploads\/2023\/11\/WhatsApp-Image-2023-11-01-at-12.52.32-1.jpeg",500,664,false],"large":["https:\/\/blogopara.com.br\/wp-content\/uploads\/2023\/11\/WhatsApp-Image-2023-11-01-at-12.52.32-1.jpeg",500,664,false],"1536x1536":["https:\/\/blogopara.com.br\/wp-content\/uploads\/2023\/11\/WhatsApp-Image-2023-11-01-at-12.52.32-1.jpeg",500,664,false],"2048x2048":["https:\/\/blogopara.com.br\/wp-content\/uploads\/2023\/11\/WhatsApp-Image-2023-11-01-at-12.52.32-1.jpeg",500,664,false],"mantranews-slider-large":["https:\/\/blogopara.com.br\/wp-content\/uploads\/2023\/11\/WhatsApp-Image-2023-11-01-at-12.52.32-1.jpeg",500,664,false],"mantranews-featured-medium":["https:\/\/blogopara.com.br\/wp-content\/uploads\/2023\/11\/WhatsApp-Image-2023-11-01-at-12.52.32-1-420x307.jpeg",420,307,true],"mantranews-featured-long":["https:\/\/blogopara.com.br\/wp-content\/uploads\/2023\/11\/WhatsApp-Image-2023-11-01-at-12.52.32-1-300x443.jpeg",300,443,true],"mantranews-block-medium":["https:\/\/blogopara.com.br\/wp-content\/uploads\/2023\/11\/WhatsApp-Image-2023-11-01-at-12.52.32-1-464x290.jpeg",464,290,true],"mantranews-carousel-image":["https:\/\/blogopara.com.br\/wp-content\/uploads\/2023\/11\/WhatsApp-Image-2023-11-01-at-12.52.32-1-500x500.jpeg",500,500,true],"mantranews-block-thumb":["https:\/\/blogopara.com.br\/wp-content\/uploads\/2023\/11\/WhatsApp-Image-2023-11-01-at-12.52.32-1-322x230.jpeg",322,230,true],"mantranews-single-large":["https:\/\/blogopara.com.br\/wp-content\/uploads\/2023\/11\/WhatsApp-Image-2023-11-01-at-12.52.32-1-500x642.jpeg",500,642,true]},"uagb_author_info":{"display_name":"Reda\u00e7\u00e3o geral","author_link":"https:\/\/blogopara.com.br\/index.php\/author\/blogopara"},"uagb_comment_info":0,"uagb_excerpt":"\u00c9 uma a\u00e7\u00e3o simples, mas a Prefeitura de Petrolina dificulta, analisa o vereador Marquinhos do N4 ao avisar que vai solicitar, pela terceira vez, a instala\u00e7\u00e3o de redutores de velocidade na Rua 47 do Bairro Jo\u00e3o de Deus. De acordo com o vereador, a rua \u00e9 bastante movimentada e propicia a velocidade acima da m\u00e9dia&hellip;","jetpack_sharing_enabled":true,"jetpack_likes_enabled":true,"_links":{"self":[{"href":"https:\/\/blogopara.com.br\/index.php\/wp-json\/wp\/v2\/posts\/58787","targetHints":{"allow":["GET"]}}],"collection":[{"href":"https:\/\/blogopara.com.br\/index.php\/wp-json\/wp\/v2\/posts"}],"about":[{"href":"https:\/\/blogopara.com.br\/index.php\/wp-json\/wp\/v2\/types\/post"}],"author":[{"embeddable":true,"href":"https:\/\/blogopara.com.br\/index.php\/wp-json\/wp\/v2\/users\/1"}],"replies":[{"embeddable":true,"href":"https:\/\/blogopara.com.br\/index.php\/wp-json\/wp\/v2\/comments?post=58787"}],"version-history":[{"count":1,"href":"https:\/\/blogopara.com.br\/index.php\/wp-json\/wp\/v2\/posts\/58787\/revisions"}],"predecessor-version":[{"id":58789,"href":"https:\/\/blogopara.com.br\/index.php\/wp-json\/wp\/v2\/posts\/58787\/revisions\/58789"}],"wp:featuredmedia":[{"embeddable":true,"href":"https:\/\/blogopara.com.br\/index.php\/wp-json\/wp\/v2\/media\/58788"}],"wp:attachment":[{"href":"https:\/\/blogopara.com.br\/index.php\/wp-json\/wp\/v2\/media?parent=58787"}],"wp:term":[{"taxonomy":"category","embeddable":true,"href":"https:\/\/blogopara.com.br\/index.php\/wp-json\/wp\/v2\/categories?post=58787"},{"taxonomy":"post_tag","embeddable":true,"href":"https:\/\/blogopara.com.br\/index.php\/wp-json\/wp\/v2\/tags?post=58787"}],"curies":[{"name":"wp","href":"https:\/\/api.w.org\/{rel}","templated":true}]}}