{"id":58827,"date":"2023-11-03T17:56:00","date_gmt":"2023-11-03T20:56:00","guid":{"rendered":"https:\/\/blogopara.com.br\/?p=58827"},"modified":"2023-11-02T22:19:25","modified_gmt":"2023-11-03T01:19:25","slug":"confira-as-datas-de-vencimento-do-ipva-para-o-mes-de-novembro","status":"publish","type":"post","link":"https:\/\/blogopara.com.br\/index.php\/2023\/11\/03\/confira-as-datas-de-vencimento-do-ipva-para-o-mes-de-novembro","title":{"rendered":"Confira as datas de vencimento do IPVA para o m\u00eas de novembro"},"content":{"rendered":"<p style=\"font-weight: 400; text-align: justify;\">Os contribuintes do Imposto sobre Propriedade de Ve\u00edculos Automotores (IPVA) que possuem autom\u00f3veis com placas de finais 9 e 0 devem ficar atentos ao calend\u00e1rio de pagamento do tributo em novembro. Os prazos que terminam neste m\u00eas s\u00e3o v\u00e1lidos para os donos de ve\u00edculos que optaram pelo parcelamento em cinco cotas e para quem vai pagar em cota \u00fanica, sem desconto.<\/p>\n<p style=\"font-weight: 400; text-align: justify;\">De acordo com a Secretaria da Fazenda do Estado da Bahia (Sefaz), nos dias 29 e 30 de novembro vencem, respectivamente, os prazos de quita\u00e7\u00e3o da quinta cota ou cota \u00fanica sem desconto para os autom\u00f3veis com placas de finais 9 e 0. O pagamento do IPVA pode ser realizado nas ag\u00eancias, caixas eletr\u00f4nicos, aplicativos ou sites do Banco do Brasil, Bradesco ou Sicoob, bastando apenas apresentar o n\u00famero do Renavam.<\/p>\n<p style=\"font-weight: 400; text-align: justify;\">O calend\u00e1rio de pagamento do IPVA est\u00e1 dispon\u00edvel no site da Secretaria da Fazenda do Estado (clicando aqui), no Canal Inspetoria Eletr\u00f4nica \u2013 IPVA \u2013 Calend\u00e1rio. Em caso de d\u00favida, \u00e9 poss\u00edvel entrar em contato com o call center da Sefaz-Ba de segunda a sexta-feira, das 8 \u00e0s 17 horas, pelos telefones 0800 071 0071, para liga\u00e7\u00f5es de telefone fixo, e (71) 3319-2501, para liga\u00e7\u00f5es de fixo e de celular, ou enviar e-mail para\u00a0faleconosco@sefaz.ba.gov.br.<\/p>\n<p style=\"text-align: justify;\">O CRLV-e pode ser emitido utilizando-se o novo portal do Governo do Estado\u00a0(clicando aqui) . Ser\u00e1 necess\u00e1rio digitar o nome do servi\u00e7o desejado e depois entrar com usu\u00e1rio e senha ou ent\u00e3o, para quem est\u00e1 acessando pela primeira vez, fazer o cadastro. Mais informa\u00e7\u00f5es acesse o site do\u00a0Detran.<\/p>\n<p style=\"font-weight: 400; text-align: justify;\">\n<p style=\"font-weight: 400; text-align: justify;\">LICENCIAMENTO<\/p>\n<p style=\"font-weight: 400; text-align: justify;\">O Departamento Estadual de Tr\u00e2nsito da Bahia (Detran-Ba) refor\u00e7a que o licenciamento completo do ve\u00edculo engloba outros itens al\u00e9m do IPVA. Para o autom\u00f3vel estar regularizado \u00e9 necess\u00e1rio quitar tamb\u00e9m d\u00e9bitos do licenciamento anual e poss\u00edveis multas, se houver.<\/p>\n<p style=\"font-weight: 400; text-align: justify;\">Outro alerta \u00e9 a respeito da emiss\u00e3o do Certificado de Registro e Licenciamento do Ve\u00edculo Eletr\u00f4nico (CRLV-e). O documento n\u00e3o \u00e9 mais enviado para o endere\u00e7o do contribuinte e deve ser impresso ou gerado arquivo digital para ficar salvo no aparelho de celular ap\u00f3s o pagamento total do licenciamento.<\/p>\n","protected":false},"excerpt":{"rendered":"<p>Os contribuintes do Imposto sobre Propriedade de Ve\u00edculos Automotores (IPVA) que possuem autom\u00f3veis com placas de finais 9 e 0 devem ficar atentos ao calend\u00e1rio de pagamento do tributo em novembro. Os prazos que terminam neste m\u00eas s\u00e3o v\u00e1lidos para os donos de ve\u00edculos que optaram pelo parcelamento em cinco cotas e para quem vai [&hellip;]<\/p>\n","protected":false},"author":1,"featured_media":19298,"comment_status":"closed","ping_status":"open","sticky":false,"template":"","format":"standard","meta":{"_uag_custom_page_level_css":"","_monsterinsights_skip_tracking":false,"_monsterinsights_sitenote_active":false,"_monsterinsights_sitenote_note":"","_monsterinsights_sitenote_category":0,"jetpack_post_was_ever_published":false,"_jetpack_newsletter_access":"","_jetpack_dont_email_post_to_subs":false,"_jetpack_newsletter_tier_id":0,"_jetpack_memberships_contains_paywalled_content":false,"_jetpack_memberships_contains_paid_content":false,"footnotes":"","jetpack_publicize_message":"","jetpack_publicize_feature_enabled":true,"jetpack_social_post_already_shared":true,"jetpack_social_options":{"image_generator_settings":{"template":"highway","default_image_id":0,"font":"","enabled":false},"version":2}},"categories":[199],"tags":[9605,3295,663],"class_list":["post-58827","post","type-post","status-publish","format-standard","has-post-thumbnail","hentry","category-bahia","tag-alta-carga-tributaria","tag-estradas","tag-imposto"],"jetpack_publicize_connections":[],"jetpack_featured_media_url":"https:\/\/blogopara.com.br\/wp-content\/uploads\/2021\/02\/IPVA09.02.jpeg","uagb_featured_image_src":{"full":["https:\/\/blogopara.com.br\/wp-content\/uploads\/2021\/02\/IPVA09.02.jpeg",500,333,false],"thumbnail":["https:\/\/blogopara.com.br\/wp-content\/uploads\/2021\/02\/IPVA09.02-150x150.jpeg",150,150,true],"medium":["https:\/\/blogopara.com.br\/wp-content\/uploads\/2021\/02\/IPVA09.02-300x200.jpeg",300,200,true],"medium_large":["https:\/\/blogopara.com.br\/wp-content\/uploads\/2021\/02\/IPVA09.02.jpeg",500,333,false],"large":["https:\/\/blogopara.com.br\/wp-content\/uploads\/2021\/02\/IPVA09.02.jpeg",500,333,false],"1536x1536":["https:\/\/blogopara.com.br\/wp-content\/uploads\/2021\/02\/IPVA09.02.jpeg",500,333,false],"2048x2048":["https:\/\/blogopara.com.br\/wp-content\/uploads\/2021\/02\/IPVA09.02.jpeg",500,333,false],"mantranews-slider-large":["https:\/\/blogopara.com.br\/wp-content\/uploads\/2021\/02\/IPVA09.02.jpeg",500,333,false],"mantranews-featured-medium":["https:\/\/blogopara.com.br\/wp-content\/uploads\/2021\/02\/IPVA09.02-420x307.jpeg",420,307,true],"mantranews-featured-long":["https:\/\/blogopara.com.br\/wp-content\/uploads\/2021\/02\/IPVA09.02-300x333.jpeg",300,333,true],"mantranews-block-medium":["https:\/\/blogopara.com.br\/wp-content\/uploads\/2021\/02\/IPVA09.02-464x290.jpeg",464,290,true],"mantranews-carousel-image":["https:\/\/blogopara.com.br\/wp-content\/uploads\/2021\/02\/IPVA09.02.jpeg",500,333,false],"mantranews-block-thumb":["https:\/\/blogopara.com.br\/wp-content\/uploads\/2021\/02\/IPVA09.02-322x230.jpeg",322,230,true],"mantranews-single-large":["https:\/\/blogopara.com.br\/wp-content\/uploads\/2021\/02\/IPVA09.02.jpeg",500,333,false]},"uagb_author_info":{"display_name":"Reda\u00e7\u00e3o geral","author_link":"https:\/\/blogopara.com.br\/index.php\/author\/blogopara"},"uagb_comment_info":0,"uagb_excerpt":"Os contribuintes do Imposto sobre Propriedade de Ve\u00edculos Automotores (IPVA) que possuem autom\u00f3veis com placas de finais 9 e 0 devem ficar atentos ao calend\u00e1rio de pagamento do tributo em novembro. Os prazos que terminam neste m\u00eas s\u00e3o v\u00e1lidos para os donos de ve\u00edculos que optaram pelo parcelamento em cinco cotas e para quem vai&hellip;","jetpack_sharing_enabled":true,"jetpack_likes_enabled":true,"_links":{"self":[{"href":"https:\/\/blogopara.com.br\/index.php\/wp-json\/wp\/v2\/posts\/58827","targetHints":{"allow":["GET"]}}],"collection":[{"href":"https:\/\/blogopara.com.br\/index.php\/wp-json\/wp\/v2\/posts"}],"about":[{"href":"https:\/\/blogopara.com.br\/index.php\/wp-json\/wp\/v2\/types\/post"}],"author":[{"embeddable":true,"href":"https:\/\/blogopara.com.br\/index.php\/wp-json\/wp\/v2\/users\/1"}],"replies":[{"embeddable":true,"href":"https:\/\/blogopara.com.br\/index.php\/wp-json\/wp\/v2\/comments?post=58827"}],"version-history":[{"count":1,"href":"https:\/\/blogopara.com.br\/index.php\/wp-json\/wp\/v2\/posts\/58827\/revisions"}],"predecessor-version":[{"id":58829,"href":"https:\/\/blogopara.com.br\/index.php\/wp-json\/wp\/v2\/posts\/58827\/revisions\/58829"}],"wp:featuredmedia":[{"embeddable":true,"href":"https:\/\/blogopara.com.br\/index.php\/wp-json\/wp\/v2\/media\/19298"}],"wp:attachment":[{"href":"https:\/\/blogopara.com.br\/index.php\/wp-json\/wp\/v2\/media?parent=58827"}],"wp:term":[{"taxonomy":"category","embeddable":true,"href":"https:\/\/blogopara.com.br\/index.php\/wp-json\/wp\/v2\/categories?post=58827"},{"taxonomy":"post_tag","embeddable":true,"href":"https:\/\/blogopara.com.br\/index.php\/wp-json\/wp\/v2\/tags?post=58827"}],"curies":[{"name":"wp","href":"https:\/\/api.w.org\/{rel}","templated":true}]}}