{"id":58886,"date":"2023-11-05T14:39:00","date_gmt":"2023-11-05T17:39:00","guid":{"rendered":"https:\/\/blogopara.com.br\/?p=58886"},"modified":"2023-11-05T09:27:17","modified_gmt":"2023-11-05T12:27:17","slug":"feira-de-santana-volta-a-registrar-aumento-de-casos-de-covid-19-secretaria-reforca-importancia-da-testagem","status":"publish","type":"post","link":"https:\/\/blogopara.com.br\/index.php\/2023\/11\/05\/feira-de-santana-volta-a-registrar-aumento-de-casos-de-covid-19-secretaria-reforca-importancia-da-testagem","title":{"rendered":"Feira de Santana volta a registrar aumento de casos de Covid-19; secretaria refor\u00e7a import\u00e2ncia da testagem"},"content":{"rendered":"<p style=\"text-align: justify;\">A Princesinha do Sert\u00e3o voltou a registrar aumento dos casos de Covid-19. Conforme a Secretaria de Sa\u00fade, o n\u00famero de diagn\u00f3sticos confirmados saltou de seis, em setembro, para 24, no m\u00eas de outubro. Os casos foram detectados pelo Laborat\u00f3rio Central da Bahia (Lacen).<\/p>\n<p dir=\"ltr\" style=\"text-align: justify;\">De acordo com a coordenadora da Vigil\u00e2ncia Epidemiol\u00f3gica (Viep) do munic\u00edpio, Carlita Correia, este n\u00famero pode ser muito maior, j\u00e1 que o pr\u00f3prio paciente pode comprar o autoexame, e fazer em casa, ou at\u00e9 mesmo achar que se trata de uma gripe e n\u00e3o fazer teste nenhum.<\/p>\n<p dir=\"ltr\" style=\"text-align: justify;\">\u201cN\u00f3s j\u00e1 conseguimos notar um aumento de casos de Covid confirmados no munic\u00edpio de Feira de Santana. A nossa conta est\u00e1 relacionada aos exames via Lacen, ent\u00e3o n\u00f3s tivemos no m\u00eas de setembro confirmados via Lacen, seis casos registrados, claro que a gente fala via Lacen, pois Feira de Santana n\u00e3o teve apenas seis casos em setembro\u201d, afirmou em entrevista ao\u00a0<strong>Acorda Cidade.<\/strong><\/p>\n<p dir=\"ltr\" style=\"text-align: justify;\">\u201cN\u00f3s temos a\u00ed o teste liberado o autoteste, onde a popula\u00e7\u00e3o pode comprar o teste e fazer em casa, e este resultado n\u00e3o \u00e9 registrado, n\u00e3o \u00e9 comunicado no munic\u00edpio. Dessa forma, a gente n\u00e3o tem esta quantidade fidedigna, mas a gente entende que o v\u00edrus est\u00e1 circulando em uma propor\u00e7\u00e3o maior por conta de termos neste m\u00eas de outubro 24 casos registrados via Lacen\u201d, pontuou.<\/p>\n<p dir=\"ltr\" style=\"text-align: justify;\">Carlita Correia ainda lembrou que os sintomas da Covid-19 s\u00e3o similares as outras doen\u00e7as, como H1N1, dengue, gripes e resfriados, por isso ela defende a import\u00e2ncia da testagem para que o munic\u00edpio tenha um retrato mais fiel da doen\u00e7a.<\/p>\n<p dir=\"ltr\" style=\"text-align: justify;\">\u201cPor isso que pedimos tanto, que os pacientes possam comparecer nas unidades de sa\u00fade. Queremos lembrar que os testes s\u00e3o realizados nas 104 unidades do munic\u00edpio, al\u00e9m das sete policl\u00ednicas e as duas UPAs\u201d, explicou.<\/p>\n<p dir=\"ltr\" style=\"text-align: justify;\">Pessoas com sintomas gripais podem fazer o teste de ant\u00edgeno para diagn\u00f3stico da doen\u00e7a de segunda a sexta-feira, em todas as Unidades de Sa\u00fade da Fam\u00edlia (USFs) e Unidades B\u00e1sicas de Sa\u00fade (UBSs). O atendimento \u00e9 por ordem de chegada.<\/p>\n<p dir=\"ltr\" style=\"text-align: justify;\">Nas Unidades de Pronto Atendimento (UPAs) e policl\u00ednicas municipais s\u00e3o feitos o exame RT-PCR e o teste de ant\u00edgeno. O servi\u00e7o \u00e9 disponibilizado gratuitamente todos os dias, das 7h \u00e0s 19h.<\/p>\n<p dir=\"ltr\" style=\"text-align: justify;\">Sobre a vacina\u00e7\u00e3o, a Secretaria Municipal de Sa\u00fade disponibiliza o imunizante em 104 salas de vacina de postos de sa\u00fade localizados na zona urbana e rural.<\/p>\n<p dir=\"ltr\">Fonte: Acorda Cidade<\/p>\n","protected":false},"excerpt":{"rendered":"<p>A Princesinha do Sert\u00e3o voltou a registrar aumento dos casos de Covid-19. Conforme a Secretaria de Sa\u00fade, o n\u00famero de diagn\u00f3sticos confirmados saltou de seis, em setembro, para 24, no m\u00eas de outubro. Os casos foram detectados pelo Laborat\u00f3rio Central da Bahia (Lacen). De acordo com a coordenadora da Vigil\u00e2ncia Epidemiol\u00f3gica (Viep) do munic\u00edpio, Carlita [&hellip;]<\/p>\n","protected":false},"author":1,"featured_media":37864,"comment_status":"closed","ping_status":"open","sticky":false,"template":"","format":"standard","meta":{"_uag_custom_page_level_css":"","_monsterinsights_skip_tracking":false,"_monsterinsights_sitenote_active":false,"_monsterinsights_sitenote_note":"","_monsterinsights_sitenote_category":0,"jetpack_post_was_ever_published":false,"_jetpack_newsletter_access":"","_jetpack_dont_email_post_to_subs":false,"_jetpack_newsletter_tier_id":0,"_jetpack_memberships_contains_paywalled_content":false,"_jetpack_memberships_contains_paid_content":false,"footnotes":"","jetpack_publicize_message":"","jetpack_publicize_feature_enabled":true,"jetpack_social_post_already_shared":true,"jetpack_social_options":{"image_generator_settings":{"template":"highway","default_image_id":0,"font":"","enabled":false},"version":2}},"categories":[199],"tags":[1179,1484,815],"class_list":["post-58886","post","type-post","status-publish","format-standard","has-post-thumbnail","hentry","category-bahia","tag-crise","tag-pandemia","tag-saude-publica"],"jetpack_publicize_connections":[],"jetpack_featured_media_url":"https:\/\/blogopara.com.br\/wp-content\/uploads\/2022\/06\/covid_widelg_widelg_widelg.jpeg","uagb_featured_image_src":{"full":["https:\/\/blogopara.com.br\/wp-content\/uploads\/2022\/06\/covid_widelg_widelg_widelg.jpeg",500,281,false],"thumbnail":["https:\/\/blogopara.com.br\/wp-content\/uploads\/2022\/06\/covid_widelg_widelg_widelg-150x150.jpeg",150,150,true],"medium":["https:\/\/blogopara.com.br\/wp-content\/uploads\/2022\/06\/covid_widelg_widelg_widelg-300x169.jpeg",300,169,true],"medium_large":["https:\/\/blogopara.com.br\/wp-content\/uploads\/2022\/06\/covid_widelg_widelg_widelg.jpeg",500,281,false],"large":["https:\/\/blogopara.com.br\/wp-content\/uploads\/2022\/06\/covid_widelg_widelg_widelg.jpeg",500,281,false],"1536x1536":["https:\/\/blogopara.com.br\/wp-content\/uploads\/2022\/06\/covid_widelg_widelg_widelg.jpeg",500,281,false],"2048x2048":["https:\/\/blogopara.com.br\/wp-content\/uploads\/2022\/06\/covid_widelg_widelg_widelg.jpeg",500,281,false],"mantranews-slider-large":["https:\/\/blogopara.com.br\/wp-content\/uploads\/2022\/06\/covid_widelg_widelg_widelg.jpeg",500,281,false],"mantranews-featured-medium":["https:\/\/blogopara.com.br\/wp-content\/uploads\/2022\/06\/covid_widelg_widelg_widelg-420x281.jpeg",420,281,true],"mantranews-featured-long":["https:\/\/blogopara.com.br\/wp-content\/uploads\/2022\/06\/covid_widelg_widelg_widelg-300x281.jpeg",300,281,true],"mantranews-block-medium":["https:\/\/blogopara.com.br\/wp-content\/uploads\/2022\/06\/covid_widelg_widelg_widelg-464x281.jpeg",464,281,true],"mantranews-carousel-image":["https:\/\/blogopara.com.br\/wp-content\/uploads\/2022\/06\/covid_widelg_widelg_widelg.jpeg",500,281,false],"mantranews-block-thumb":["https:\/\/blogopara.com.br\/wp-content\/uploads\/2022\/06\/covid_widelg_widelg_widelg-322x230.jpeg",322,230,true],"mantranews-single-large":["https:\/\/blogopara.com.br\/wp-content\/uploads\/2022\/06\/covid_widelg_widelg_widelg.jpeg",500,281,false]},"uagb_author_info":{"display_name":"Reda\u00e7\u00e3o geral","author_link":"https:\/\/blogopara.com.br\/index.php\/author\/blogopara"},"uagb_comment_info":0,"uagb_excerpt":"A Princesinha do Sert\u00e3o voltou a registrar aumento dos casos de Covid-19. Conforme a Secretaria de Sa\u00fade, o n\u00famero de diagn\u00f3sticos confirmados saltou de seis, em setembro, para 24, no m\u00eas de outubro. Os casos foram detectados pelo Laborat\u00f3rio Central da Bahia (Lacen). De acordo com a coordenadora da Vigil\u00e2ncia Epidemiol\u00f3gica (Viep) do munic\u00edpio, Carlita&hellip;","jetpack_sharing_enabled":true,"jetpack_likes_enabled":true,"_links":{"self":[{"href":"https:\/\/blogopara.com.br\/index.php\/wp-json\/wp\/v2\/posts\/58886","targetHints":{"allow":["GET"]}}],"collection":[{"href":"https:\/\/blogopara.com.br\/index.php\/wp-json\/wp\/v2\/posts"}],"about":[{"href":"https:\/\/blogopara.com.br\/index.php\/wp-json\/wp\/v2\/types\/post"}],"author":[{"embeddable":true,"href":"https:\/\/blogopara.com.br\/index.php\/wp-json\/wp\/v2\/users\/1"}],"replies":[{"embeddable":true,"href":"https:\/\/blogopara.com.br\/index.php\/wp-json\/wp\/v2\/comments?post=58886"}],"version-history":[{"count":1,"href":"https:\/\/blogopara.com.br\/index.php\/wp-json\/wp\/v2\/posts\/58886\/revisions"}],"predecessor-version":[{"id":58887,"href":"https:\/\/blogopara.com.br\/index.php\/wp-json\/wp\/v2\/posts\/58886\/revisions\/58887"}],"wp:featuredmedia":[{"embeddable":true,"href":"https:\/\/blogopara.com.br\/index.php\/wp-json\/wp\/v2\/media\/37864"}],"wp:attachment":[{"href":"https:\/\/blogopara.com.br\/index.php\/wp-json\/wp\/v2\/media?parent=58886"}],"wp:term":[{"taxonomy":"category","embeddable":true,"href":"https:\/\/blogopara.com.br\/index.php\/wp-json\/wp\/v2\/categories?post=58886"},{"taxonomy":"post_tag","embeddable":true,"href":"https:\/\/blogopara.com.br\/index.php\/wp-json\/wp\/v2\/tags?post=58886"}],"curies":[{"name":"wp","href":"https:\/\/api.w.org\/{rel}","templated":true}]}}