{"id":58894,"date":"2023-11-05T12:01:56","date_gmt":"2023-11-05T15:01:56","guid":{"rendered":"https:\/\/blogopara.com.br\/?p=58894"},"modified":"2023-11-05T12:01:59","modified_gmt":"2023-11-05T15:01:59","slug":"fluminense-comemora-titulo-da-libertadores-em-festa-de-madrugada-no-rio","status":"publish","type":"post","link":"https:\/\/blogopara.com.br\/index.php\/2023\/11\/05\/fluminense-comemora-titulo-da-libertadores-em-festa-de-madrugada-no-rio","title":{"rendered":"Fluminense comemora t\u00edtulo da Libertadores em festa de madrugada no Rio"},"content":{"rendered":"<div id=\"chunk-447qq\">\n<div class=\"mc-column content-text active-extra-styles active-capital-letter\" data-block-type=\"unstyled\" data-block-weight=\"58\" data-block-id=\"2\">\n<p class=\" content-text__container theme-color-primary-first-letter\" style=\"text-align: justify;\" data-track-category=\"Link no Texto\" data-track-links=\"\">Campe\u00e3o in\u00e9dito da Conmebol Libertadores ap\u00f3s vencer o Boca Juniors, da Argentina, por 2 a 1, o\u00a0Fluminense\u00a0estendeu a festa que come\u00e7ou no Maracan\u00e3 e n\u00e3o tem hora para terminar. Jogadores e dirigentes sa\u00edram do est\u00e1dio j\u00e1 no fim da noite direto para o Jockey Club na Lagoa Rodrigo de Freitas, Zona Sul do Rio de Janeiro.<\/p>\n<div id=\"chunk-2eklk\" style=\"text-align: justify;\">\n<div class=\"mc-column content-text active-extra-styles \" data-block-type=\"unstyled\" data-block-weight=\"74\" data-block-id=\"4\">\n<p class=\" content-text__container \" data-track-category=\"Link no Texto\" data-track-links=\"\">Em um restaurante com m\u00fasica ao vivo e o trof\u00e9u da Conmebol Libertadores presente, a festa entrou madrugada adentro. E todos os jogadores participaram. Inclusive Marcelo, que \u00e9 mais reservado e n\u00e3o esteve na festa do t\u00edtulo carioca no in\u00edcio do ano. Desta vez ele foi acompanhado da esposa e dos filhos, mas saiu pouco depois de meia-noite porque o ca\u00e7ula, Liam, tem jogo na manh\u00e3 deste domingo (ele joga futsal no pr\u00f3prio\u00a0Fluminense).<\/p>\n<\/div>\n<\/div>\n<div id=\"chunk-4dmg3\" style=\"text-align: justify;\">\n<div class=\"content-ads content-ads--reveal\" data-block-type=\"ads\" data-block-id=\"5\">\n<div id=\"banner_materia2\" class=\"tag-manager-publicidade-container mc-has-reveal mc-has-ad-lazyload tag-manager-publicidade-banner_materia2 tag-manager-publicidade-container--carregado tag-manager-publicidade-container--visivel\" data-id=\"banner_materia2\" data-google-query-id=\"CJCSodmPrYIDFV6flQIddtEEfQ\">\n<div id=\"chunk-7iks1\">\n<div class=\"mc-column content-text active-extra-styles \" data-block-type=\"unstyled\" data-block-weight=\"93\" data-block-id=\"7\">\n<p class=\" content-text__container \" data-track-category=\"Link no Texto\" data-track-links=\"\">&#8211; Cara, eu sou muito feliz porque eu tive uma d\u00edvida com o\u00a0Fluminense, n\u00e9? Eu tive que mostrar para torcida um agradecimento. Acho que isso \u00e9 gratid\u00e3o, a gente est\u00e1 muito feliz por poder ver a alegria na cara dos torcedores. Esse \u00e9 nosso, esse \u00e9 nosso. O que eu fiz no passado j\u00e1 passou, ent\u00e3o eu s\u00f3 pensava no momento. E o momento \u00e9 maravilhoso, conseguir ganhar uma Libertadores com o meu clube de cora\u00e7\u00e3o, que \u00e9 o\u00a0Fluminense. Amanh\u00e3 esse cara tem jogo meio-dia&#8230; &#8211; declarou, sendo interrompido por Liam:<\/p>\n<\/div>\n<\/div>\n<div id=\"chunk-2a69f\">\n<div class=\"mc-column content-text active-extra-styles \" data-block-type=\"unstyled\" data-block-weight=\"4\" data-block-id=\"8\"><\/div>\n<\/div>\n<\/div>\n<\/div>\n<\/div>\n<\/div>\n<\/div>\n<div class=\"wall protected-content\">\n<div id=\"chunk-13l17\">\n<div class=\"bs-video-block mc-column  content-media content-video\" data-block-type=\"backstage-video\" data-block-id=\"3\">\n<div class=\"content-media__container\">\n<div class=\"content-video__bigger-player-description-fixer\">\n<article class=\"content-video\">\n<section class=\"content-video__video-container\">\n<div class=\"content-video__video\">\n<div id=\"wp3-player-2\" class=\"clappr-player\" tabindex=\"9999\" data-player=\"\">\n<div class=\"dfp-ad-overlay dfp-ad-overlay--poster-mode\" style=\"text-align: justify;\"><\/div>\n<div class=\"media-control media-control-hide h720 w960\">\n<div class=\"media-control-panel\">\n<div class=\"media-control-panel__middle\" style=\"text-align: justify;\">\n<div class=\"media-control-position__right\"><\/div>\n<\/div>\n<div class=\"media-control-panel__between\" style=\"text-align: justify;\">\n<div class=\"media-control-position__left\"><\/div>\n<\/div>\n<div class=\"media-control-panel__lower\" style=\"text-align: justify;\" data-controls=\"\">\n<div class=\"opposites-container\">\n<div class=\"media-control-position__right\"><\/div>\n<\/div>\n<\/div>\n<div class=\"media-control-panel__front-layer\" style=\"text-align: justify;\">\n<div class=\"media-control-position__left\"><\/div>\n<div class=\"media-control-position__center\"><\/div>\n<div class=\"media-control-position__right\"><\/div>\n<\/div>\n<div class=\"media-control-panel__modal\" style=\"text-align: justify;\"><\/div>\n<\/div>\n<\/div>\n<\/div>\n<\/div>\n<\/section>\n<\/article>\n<\/div>\n<\/div>\n<\/div>\n<\/div>\n<\/div>\n","protected":false},"excerpt":{"rendered":"<p>Campe\u00e3o in\u00e9dito da Conmebol Libertadores ap\u00f3s vencer o Boca Juniors, da Argentina, por 2 a 1, o\u00a0Fluminense\u00a0estendeu a festa que come\u00e7ou no Maracan\u00e3 e n\u00e3o tem hora para terminar. Jogadores e dirigentes sa\u00edram do est\u00e1dio j\u00e1 no fim da noite direto para o Jockey Club na Lagoa Rodrigo de Freitas, Zona Sul do Rio de [&hellip;]<\/p>\n","protected":false},"author":1,"featured_media":58895,"comment_status":"closed","ping_status":"open","sticky":false,"template":"","format":"standard","meta":{"_uag_custom_page_level_css":"","_monsterinsights_skip_tracking":false,"_monsterinsights_sitenote_active":false,"_monsterinsights_sitenote_note":"","_monsterinsights_sitenote_category":0,"jetpack_post_was_ever_published":false,"_jetpack_newsletter_access":"","_jetpack_dont_email_post_to_subs":false,"_jetpack_newsletter_tier_id":0,"_jetpack_memberships_contains_paywalled_content":false,"_jetpack_memberships_contains_paid_content":false,"footnotes":"","jetpack_publicize_message":"","jetpack_publicize_feature_enabled":true,"jetpack_social_post_already_shared":true,"jetpack_social_options":{"image_generator_settings":{"template":"highway","default_image_id":0,"font":"","enabled":false},"version":2}},"categories":[200],"tags":[348],"class_list":["post-58894","post","type-post","status-publish","format-standard","has-post-thumbnail","hentry","category-brasil","tag-esporte"],"jetpack_publicize_connections":[],"jetpack_featured_media_url":"https:\/\/blogopara.com.br\/wp-content\/uploads\/2023\/11\/jogadores-do-fluminense-erguem-a-taca-da-libertadores-apos-titulo-sobre-o-boca-juniors-1699140120771_v2_450x600.jpg","uagb_featured_image_src":{"full":["https:\/\/blogopara.com.br\/wp-content\/uploads\/2023\/11\/jogadores-do-fluminense-erguem-a-taca-da-libertadores-apos-titulo-sobre-o-boca-juniors-1699140120771_v2_450x600.jpg",450,600,false],"thumbnail":["https:\/\/blogopara.com.br\/wp-content\/uploads\/2023\/11\/jogadores-do-fluminense-erguem-a-taca-da-libertadores-apos-titulo-sobre-o-boca-juniors-1699140120771_v2_450x600-150x150.jpg",150,150,true],"medium":["https:\/\/blogopara.com.br\/wp-content\/uploads\/2023\/11\/jogadores-do-fluminense-erguem-a-taca-da-libertadores-apos-titulo-sobre-o-boca-juniors-1699140120771_v2_450x600-225x300.jpg",225,300,true],"medium_large":["https:\/\/blogopara.com.br\/wp-content\/uploads\/2023\/11\/jogadores-do-fluminense-erguem-a-taca-da-libertadores-apos-titulo-sobre-o-boca-juniors-1699140120771_v2_450x600.jpg",450,600,false],"large":["https:\/\/blogopara.com.br\/wp-content\/uploads\/2023\/11\/jogadores-do-fluminense-erguem-a-taca-da-libertadores-apos-titulo-sobre-o-boca-juniors-1699140120771_v2_450x600.jpg",450,600,false],"1536x1536":["https:\/\/blogopara.com.br\/wp-content\/uploads\/2023\/11\/jogadores-do-fluminense-erguem-a-taca-da-libertadores-apos-titulo-sobre-o-boca-juniors-1699140120771_v2_450x600.jpg",450,600,false],"2048x2048":["https:\/\/blogopara.com.br\/wp-content\/uploads\/2023\/11\/jogadores-do-fluminense-erguem-a-taca-da-libertadores-apos-titulo-sobre-o-boca-juniors-1699140120771_v2_450x600.jpg",450,600,false],"mantranews-slider-large":["https:\/\/blogopara.com.br\/wp-content\/uploads\/2023\/11\/jogadores-do-fluminense-erguem-a-taca-da-libertadores-apos-titulo-sobre-o-boca-juniors-1699140120771_v2_450x600.jpg",450,600,false],"mantranews-featured-medium":["https:\/\/blogopara.com.br\/wp-content\/uploads\/2023\/11\/jogadores-do-fluminense-erguem-a-taca-da-libertadores-apos-titulo-sobre-o-boca-juniors-1699140120771_v2_450x600-420x307.jpg",420,307,true],"mantranews-featured-long":["https:\/\/blogopara.com.br\/wp-content\/uploads\/2023\/11\/jogadores-do-fluminense-erguem-a-taca-da-libertadores-apos-titulo-sobre-o-boca-juniors-1699140120771_v2_450x600-300x443.jpg",300,443,true],"mantranews-block-medium":["https:\/\/blogopara.com.br\/wp-content\/uploads\/2023\/11\/jogadores-do-fluminense-erguem-a-taca-da-libertadores-apos-titulo-sobre-o-boca-juniors-1699140120771_v2_450x600-450x290.jpg",450,290,true],"mantranews-carousel-image":["https:\/\/blogopara.com.br\/wp-content\/uploads\/2023\/11\/jogadores-do-fluminense-erguem-a-taca-da-libertadores-apos-titulo-sobre-o-boca-juniors-1699140120771_v2_450x600-450x500.jpg",450,500,true],"mantranews-block-thumb":["https:\/\/blogopara.com.br\/wp-content\/uploads\/2023\/11\/jogadores-do-fluminense-erguem-a-taca-da-libertadores-apos-titulo-sobre-o-boca-juniors-1699140120771_v2_450x600-322x230.jpg",322,230,true],"mantranews-single-large":["https:\/\/blogopara.com.br\/wp-content\/uploads\/2023\/11\/jogadores-do-fluminense-erguem-a-taca-da-libertadores-apos-titulo-sobre-o-boca-juniors-1699140120771_v2_450x600.jpg",450,600,false]},"uagb_author_info":{"display_name":"Reda\u00e7\u00e3o geral","author_link":"https:\/\/blogopara.com.br\/index.php\/author\/blogopara"},"uagb_comment_info":0,"uagb_excerpt":"Campe\u00e3o in\u00e9dito da Conmebol Libertadores ap\u00f3s vencer o Boca Juniors, da Argentina, por 2 a 1, o\u00a0Fluminense\u00a0estendeu a festa que come\u00e7ou no Maracan\u00e3 e n\u00e3o tem hora para terminar. Jogadores e dirigentes sa\u00edram do est\u00e1dio j\u00e1 no fim da noite direto para o Jockey Club na Lagoa Rodrigo de Freitas, Zona Sul do Rio de&hellip;","jetpack_sharing_enabled":true,"jetpack_likes_enabled":true,"_links":{"self":[{"href":"https:\/\/blogopara.com.br\/index.php\/wp-json\/wp\/v2\/posts\/58894","targetHints":{"allow":["GET"]}}],"collection":[{"href":"https:\/\/blogopara.com.br\/index.php\/wp-json\/wp\/v2\/posts"}],"about":[{"href":"https:\/\/blogopara.com.br\/index.php\/wp-json\/wp\/v2\/types\/post"}],"author":[{"embeddable":true,"href":"https:\/\/blogopara.com.br\/index.php\/wp-json\/wp\/v2\/users\/1"}],"replies":[{"embeddable":true,"href":"https:\/\/blogopara.com.br\/index.php\/wp-json\/wp\/v2\/comments?post=58894"}],"version-history":[{"count":1,"href":"https:\/\/blogopara.com.br\/index.php\/wp-json\/wp\/v2\/posts\/58894\/revisions"}],"predecessor-version":[{"id":58896,"href":"https:\/\/blogopara.com.br\/index.php\/wp-json\/wp\/v2\/posts\/58894\/revisions\/58896"}],"wp:featuredmedia":[{"embeddable":true,"href":"https:\/\/blogopara.com.br\/index.php\/wp-json\/wp\/v2\/media\/58895"}],"wp:attachment":[{"href":"https:\/\/blogopara.com.br\/index.php\/wp-json\/wp\/v2\/media?parent=58894"}],"wp:term":[{"taxonomy":"category","embeddable":true,"href":"https:\/\/blogopara.com.br\/index.php\/wp-json\/wp\/v2\/categories?post=58894"},{"taxonomy":"post_tag","embeddable":true,"href":"https:\/\/blogopara.com.br\/index.php\/wp-json\/wp\/v2\/tags?post=58894"}],"curies":[{"name":"wp","href":"https:\/\/api.w.org\/{rel}","templated":true}]}}