{"id":58940,"date":"2023-11-06T19:25:00","date_gmt":"2023-11-06T22:25:00","guid":{"rendered":"https:\/\/blogopara.com.br\/?p=58940"},"modified":"2023-11-06T15:27:37","modified_gmt":"2023-11-06T18:27:37","slug":"prefeitura-e-sebrae-discutem-qualificacao-de-feiras-e-mercados-de-juazeiro","status":"publish","type":"post","link":"https:\/\/blogopara.com.br\/index.php\/2023\/11\/06\/prefeitura-e-sebrae-discutem-qualificacao-de-feiras-e-mercados-de-juazeiro","title":{"rendered":"Prefeitura e Sebrae discutem qualifica\u00e7\u00e3o de feiras e mercados de Juazeiro"},"content":{"rendered":"<div style=\"text-align: justify;\">Buscando levar maior organiza\u00e7\u00e3o na \u00e1rea de feiras e mercados de Juazeiro, a Prefeitura de Juazeiro, atrav\u00e9s da Autarquia Municipal de Abastecimento (AMA), reuniu-se nesta segunda-feira (6) de uma reuni\u00e3o com o gerente regional do SEBRAE, Carlos Cointeiro. Participaram o diretor-presidente da AMA, Daniel Mota, acompanhado do superintendente de Feiras e Mercados, \u00c1tila Sousa, e do diretor Alex da Silva.<br aria-hidden=\"true\" \/><br aria-hidden=\"true\" \/>Na pauta, foram discutidas a\u00e7\u00f5es para o fortalecimento da economia do munic\u00edpio atrav\u00e9s da qualifica\u00e7\u00e3o com cursos para feirantes e permission\u00e1rios do Mercado do Produtor e mercados do munic\u00edpio. Tamb\u00e9m foram propostas medidas para o aumento do fluxo de pessoas nestes locais e as possibilidades de cr\u00e9ditos para os empreendedores.<br aria-hidden=\"true\" \/><br aria-hidden=\"true\" \/>De acordo com o diretor-presidente, Daniel Mota, a parceria com o Sebrae impulsiona o empreendedorismo e o desenvolvimento de Juazeiro. \u201cBuscamos este contato com o Sebrae que \u00e9 sempre um parceiro do munic\u00edpio para alinharmos a\u00e7\u00f5es e medidas que ir\u00e3o qualificar os feirantes e permission\u00e1rios para que possam, cada vez mais, estarem alinhados com um aumento em seus lucros e, consequentemente auxiliando no desenvolvimento de Juazeiro\u201d, destacou.<br aria-hidden=\"true\" \/><br aria-hidden=\"true\" \/>O gerente regional do SEBRAE, Carlos Cointeiro, tamb\u00e9m comentou sobre a parceria entre poder p\u00fablico e o \u00f3rg\u00e3o. \u201c\u00b4\u00c9 importante saber que o poder p\u00fablico, atrav\u00e9s da AMA, tem essa preocupa\u00e7\u00e3o de buscar entender o fluxo de neg\u00f3cios \u00a0dentro \u00a0das feiras e mercado municipal, entendendo o que se passa nestes ambientes e os pontos de melhoria e como institui\u00e7\u00f5es parceiras, como o Sebrae, podem apoiar os empreendedores a prosperar dentro destes espa\u00e7os\u201d, salientou Cointeiro.<\/div>\n<div><\/div>\n","protected":false},"excerpt":{"rendered":"<p>Buscando levar maior organiza\u00e7\u00e3o na \u00e1rea de feiras e mercados de Juazeiro, a Prefeitura de Juazeiro, atrav\u00e9s da Autarquia Municipal de Abastecimento (AMA), reuniu-se nesta segunda-feira (6) de uma reuni\u00e3o com o gerente regional do SEBRAE, Carlos Cointeiro. Participaram o diretor-presidente da AMA, Daniel Mota, acompanhado do superintendente de Feiras e Mercados, \u00c1tila Sousa, e [&hellip;]<\/p>\n","protected":false},"author":1,"featured_media":58941,"comment_status":"closed","ping_status":"open","sticky":false,"template":"","format":"standard","meta":{"_uag_custom_page_level_css":"","_monsterinsights_skip_tracking":false,"_monsterinsights_sitenote_active":false,"_monsterinsights_sitenote_note":"","_monsterinsights_sitenote_category":0,"jetpack_post_was_ever_published":false,"_jetpack_newsletter_access":"","_jetpack_dont_email_post_to_subs":false,"_jetpack_newsletter_tier_id":0,"_jetpack_memberships_contains_paywalled_content":false,"_jetpack_memberships_contains_paid_content":false,"footnotes":"","jetpack_publicize_message":"","jetpack_publicize_feature_enabled":true,"jetpack_social_post_already_shared":true,"jetpack_social_options":{"image_generator_settings":{"template":"highway","default_image_id":0,"font":"","enabled":false},"version":2}},"categories":[203],"tags":[],"class_list":["post-58940","post","type-post","status-publish","format-standard","has-post-thumbnail","hentry","category-juazeiro"],"jetpack_publicize_connections":[],"jetpack_featured_media_url":"https:\/\/blogopara.com.br\/wp-content\/uploads\/2023\/11\/thumbnail_Reuniao-AMA-e-Sebrae-1.jpg","uagb_featured_image_src":{"full":["https:\/\/blogopara.com.br\/wp-content\/uploads\/2023\/11\/thumbnail_Reuniao-AMA-e-Sebrae-1.jpg",500,333,false],"thumbnail":["https:\/\/blogopara.com.br\/wp-content\/uploads\/2023\/11\/thumbnail_Reuniao-AMA-e-Sebrae-1-150x150.jpg",150,150,true],"medium":["https:\/\/blogopara.com.br\/wp-content\/uploads\/2023\/11\/thumbnail_Reuniao-AMA-e-Sebrae-1-300x200.jpg",300,200,true],"medium_large":["https:\/\/blogopara.com.br\/wp-content\/uploads\/2023\/11\/thumbnail_Reuniao-AMA-e-Sebrae-1.jpg",500,333,false],"large":["https:\/\/blogopara.com.br\/wp-content\/uploads\/2023\/11\/thumbnail_Reuniao-AMA-e-Sebrae-1.jpg",500,333,false],"1536x1536":["https:\/\/blogopara.com.br\/wp-content\/uploads\/2023\/11\/thumbnail_Reuniao-AMA-e-Sebrae-1.jpg",500,333,false],"2048x2048":["https:\/\/blogopara.com.br\/wp-content\/uploads\/2023\/11\/thumbnail_Reuniao-AMA-e-Sebrae-1.jpg",500,333,false],"mantranews-slider-large":["https:\/\/blogopara.com.br\/wp-content\/uploads\/2023\/11\/thumbnail_Reuniao-AMA-e-Sebrae-1.jpg",500,333,false],"mantranews-featured-medium":["https:\/\/blogopara.com.br\/wp-content\/uploads\/2023\/11\/thumbnail_Reuniao-AMA-e-Sebrae-1-420x307.jpg",420,307,true],"mantranews-featured-long":["https:\/\/blogopara.com.br\/wp-content\/uploads\/2023\/11\/thumbnail_Reuniao-AMA-e-Sebrae-1-300x333.jpg",300,333,true],"mantranews-block-medium":["https:\/\/blogopara.com.br\/wp-content\/uploads\/2023\/11\/thumbnail_Reuniao-AMA-e-Sebrae-1-464x290.jpg",464,290,true],"mantranews-carousel-image":["https:\/\/blogopara.com.br\/wp-content\/uploads\/2023\/11\/thumbnail_Reuniao-AMA-e-Sebrae-1.jpg",500,333,false],"mantranews-block-thumb":["https:\/\/blogopara.com.br\/wp-content\/uploads\/2023\/11\/thumbnail_Reuniao-AMA-e-Sebrae-1-322x230.jpg",322,230,true],"mantranews-single-large":["https:\/\/blogopara.com.br\/wp-content\/uploads\/2023\/11\/thumbnail_Reuniao-AMA-e-Sebrae-1.jpg",500,333,false]},"uagb_author_info":{"display_name":"Reda\u00e7\u00e3o geral","author_link":"https:\/\/blogopara.com.br\/index.php\/author\/blogopara"},"uagb_comment_info":0,"uagb_excerpt":"Buscando levar maior organiza\u00e7\u00e3o na \u00e1rea de feiras e mercados de Juazeiro, a Prefeitura de Juazeiro, atrav\u00e9s da Autarquia Municipal de Abastecimento (AMA), reuniu-se nesta segunda-feira (6) de uma reuni\u00e3o com o gerente regional do SEBRAE, Carlos Cointeiro. Participaram o diretor-presidente da AMA, Daniel Mota, acompanhado do superintendente de Feiras e Mercados, \u00c1tila Sousa, e&hellip;","jetpack_sharing_enabled":true,"jetpack_likes_enabled":true,"_links":{"self":[{"href":"https:\/\/blogopara.com.br\/index.php\/wp-json\/wp\/v2\/posts\/58940","targetHints":{"allow":["GET"]}}],"collection":[{"href":"https:\/\/blogopara.com.br\/index.php\/wp-json\/wp\/v2\/posts"}],"about":[{"href":"https:\/\/blogopara.com.br\/index.php\/wp-json\/wp\/v2\/types\/post"}],"author":[{"embeddable":true,"href":"https:\/\/blogopara.com.br\/index.php\/wp-json\/wp\/v2\/users\/1"}],"replies":[{"embeddable":true,"href":"https:\/\/blogopara.com.br\/index.php\/wp-json\/wp\/v2\/comments?post=58940"}],"version-history":[{"count":1,"href":"https:\/\/blogopara.com.br\/index.php\/wp-json\/wp\/v2\/posts\/58940\/revisions"}],"predecessor-version":[{"id":58942,"href":"https:\/\/blogopara.com.br\/index.php\/wp-json\/wp\/v2\/posts\/58940\/revisions\/58942"}],"wp:featuredmedia":[{"embeddable":true,"href":"https:\/\/blogopara.com.br\/index.php\/wp-json\/wp\/v2\/media\/58941"}],"wp:attachment":[{"href":"https:\/\/blogopara.com.br\/index.php\/wp-json\/wp\/v2\/media?parent=58940"}],"wp:term":[{"taxonomy":"category","embeddable":true,"href":"https:\/\/blogopara.com.br\/index.php\/wp-json\/wp\/v2\/categories?post=58940"},{"taxonomy":"post_tag","embeddable":true,"href":"https:\/\/blogopara.com.br\/index.php\/wp-json\/wp\/v2\/tags?post=58940"}],"curies":[{"name":"wp","href":"https:\/\/api.w.org\/{rel}","templated":true}]}}