{"id":58967,"date":"2023-11-07T15:57:00","date_gmt":"2023-11-07T18:57:00","guid":{"rendered":"https:\/\/blogopara.com.br\/?p=58967"},"modified":"2023-11-06T21:59:10","modified_gmt":"2023-11-07T00:59:10","slug":"petrolina-esta-entre-as-cidades-que-mais-geram-emprego-no-nordeste","status":"publish","type":"post","link":"https:\/\/blogopara.com.br\/index.php\/2023\/11\/07\/petrolina-esta-entre-as-cidades-que-mais-geram-emprego-no-nordeste","title":{"rendered":"Petrolina est\u00e1 entre as cidades que mais geram emprego no Nordeste"},"content":{"rendered":"<p style=\"text-align: justify;\">Petrolina, no Sert\u00e3o do S\u00e3o Francisco, continua sendo destaque na gera\u00e7\u00e3o de empregos no Nordeste e em Pernambuco. A cidade, que segue em um crescente desenvolvimento alavancado pelo agroneg\u00f3cio, fechou o m\u00eas de outubro com mais de 4 mil empregos criados com rela\u00e7\u00e3o ao ano passado. Com isso, o munic\u00edpio ocupa atualmente o primeiro lugar na gera\u00e7\u00e3o de empregos no interior do estado e o segundo de Pernambuco, ficando atr\u00e1s apenas de Recife. Os dados foram divulgados por meio do Cadastro Geral de Empregados e Desempregados, \u00f3rg\u00e3o vinculado ao Minist\u00e9rio do Trabalho (MT).<\/p>\n<p style=\"text-align: justify;\">Segundo o levantamento, no comparativo de todas as cidades do Nordeste, a cidade sertaneja ocupa a 12\u00ba coloca\u00e7\u00e3o. J\u00e1 na lista de cidades que n\u00e3o s\u00e3o capitais, a posi\u00e7\u00e3o sobe para quarto lugar, atr\u00e1s, apenas, de Lauro de Freitas, Mossor\u00f3 e Feira de Santana. Em pujante desenvolvimento, um ter\u00e7o dos postos de trabalho gerados em Petrolina foram no agroneg\u00f3cio. Os setores de servi\u00e7os e de com\u00e9rcio, tamb\u00e9m foram contribuintes para esse resultado positivo. Atualmente, a cidade possui mais de 77 mil empregos formais.<\/p>\n<p style=\"text-align: justify;\">De acordo com o prefeito Sim\u00e3o Durando os n\u00fameros refletem o momento positivo e de crescimento que a cidade vive nos \u00faltimos anos. \u201cPetrolina est\u00e1 se desenvolvendo, crescendo, muitas obras em andamento, e isso gera emprego, renda e oportunidades. O IBGE j\u00e1 havia divulgado que nossa cidade tinha o segundo maior crescimento populacional no Nordeste. Agora, o Minist\u00e9rio do Trabalho volta a grande gera\u00e7\u00e3o de empregos. \u00c9 um ritmo intenso e consistente que vem desde 2017, com pol\u00edticas de incentivo ao emprego e atra\u00e7\u00e3o de novos neg\u00f3cios. Petrolina continua sendo orgulho de Pernambuco e vem muito mais por a\u00ed porque os investimentos e o trabalho n\u00e3o para na \u2018Terra dos Imposs\u00edveis\u2019\u201d, destacou o prefeito.<\/p>\n","protected":false},"excerpt":{"rendered":"<p>Petrolina, no Sert\u00e3o do S\u00e3o Francisco, continua sendo destaque na gera\u00e7\u00e3o de empregos no Nordeste e em Pernambuco. A cidade, que segue em um crescente desenvolvimento alavancado pelo agroneg\u00f3cio, fechou o m\u00eas de outubro com mais de 4 mil empregos criados com rela\u00e7\u00e3o ao ano passado. Com isso, o munic\u00edpio ocupa atualmente o primeiro lugar [&hellip;]<\/p>\n","protected":false},"author":1,"featured_media":21992,"comment_status":"closed","ping_status":"open","sticky":false,"template":"","format":"standard","meta":{"_uag_custom_page_level_css":"","_monsterinsights_skip_tracking":false,"_monsterinsights_sitenote_active":false,"_monsterinsights_sitenote_note":"","_monsterinsights_sitenote_category":0,"jetpack_post_was_ever_published":false,"_jetpack_newsletter_access":"","_jetpack_dont_email_post_to_subs":false,"_jetpack_newsletter_tier_id":0,"_jetpack_memberships_contains_paywalled_content":false,"_jetpack_memberships_contains_paid_content":false,"footnotes":"","jetpack_publicize_message":"","jetpack_publicize_feature_enabled":true,"jetpack_social_post_already_shared":true,"jetpack_social_options":{"image_generator_settings":{"template":"highway","default_image_id":0,"font":"","enabled":false},"version":2}},"categories":[1505],"tags":[1405,589,720],"class_list":["post-58967","post","type-post","status-publish","format-standard","has-post-thumbnail","hentry","category-oportunidade","tag-desenvolvimento","tag-empregos","tag-vale-do-sao-francisco"],"jetpack_publicize_connections":[],"jetpack_featured_media_url":"https:\/\/blogopara.com.br\/wp-content\/uploads\/2021\/04\/Prefeitura-de-Petrolina-300x200-1.jpg","uagb_featured_image_src":{"full":["https:\/\/blogopara.com.br\/wp-content\/uploads\/2021\/04\/Prefeitura-de-Petrolina-300x200-1.jpg",500,333,false],"thumbnail":["https:\/\/blogopara.com.br\/wp-content\/uploads\/2021\/04\/Prefeitura-de-Petrolina-300x200-1-150x150.jpg",150,150,true],"medium":["https:\/\/blogopara.com.br\/wp-content\/uploads\/2021\/04\/Prefeitura-de-Petrolina-300x200-1-300x200.jpg",300,200,true],"medium_large":["https:\/\/blogopara.com.br\/wp-content\/uploads\/2021\/04\/Prefeitura-de-Petrolina-300x200-1.jpg",500,333,false],"large":["https:\/\/blogopara.com.br\/wp-content\/uploads\/2021\/04\/Prefeitura-de-Petrolina-300x200-1.jpg",500,333,false],"1536x1536":["https:\/\/blogopara.com.br\/wp-content\/uploads\/2021\/04\/Prefeitura-de-Petrolina-300x200-1.jpg",500,333,false],"2048x2048":["https:\/\/blogopara.com.br\/wp-content\/uploads\/2021\/04\/Prefeitura-de-Petrolina-300x200-1.jpg",500,333,false],"mantranews-slider-large":["https:\/\/blogopara.com.br\/wp-content\/uploads\/2021\/04\/Prefeitura-de-Petrolina-300x200-1.jpg",500,333,false],"mantranews-featured-medium":["https:\/\/blogopara.com.br\/wp-content\/uploads\/2021\/04\/Prefeitura-de-Petrolina-300x200-1-420x307.jpg",420,307,true],"mantranews-featured-long":["https:\/\/blogopara.com.br\/wp-content\/uploads\/2021\/04\/Prefeitura-de-Petrolina-300x200-1-300x333.jpg",300,333,true],"mantranews-block-medium":["https:\/\/blogopara.com.br\/wp-content\/uploads\/2021\/04\/Prefeitura-de-Petrolina-300x200-1-464x290.jpg",464,290,true],"mantranews-carousel-image":["https:\/\/blogopara.com.br\/wp-content\/uploads\/2021\/04\/Prefeitura-de-Petrolina-300x200-1.jpg",500,333,false],"mantranews-block-thumb":["https:\/\/blogopara.com.br\/wp-content\/uploads\/2021\/04\/Prefeitura-de-Petrolina-300x200-1-322x230.jpg",322,230,true],"mantranews-single-large":["https:\/\/blogopara.com.br\/wp-content\/uploads\/2021\/04\/Prefeitura-de-Petrolina-300x200-1.jpg",500,333,false]},"uagb_author_info":{"display_name":"Reda\u00e7\u00e3o geral","author_link":"https:\/\/blogopara.com.br\/index.php\/author\/blogopara"},"uagb_comment_info":0,"uagb_excerpt":"Petrolina, no Sert\u00e3o do S\u00e3o Francisco, continua sendo destaque na gera\u00e7\u00e3o de empregos no Nordeste e em Pernambuco. A cidade, que segue em um crescente desenvolvimento alavancado pelo agroneg\u00f3cio, fechou o m\u00eas de outubro com mais de 4 mil empregos criados com rela\u00e7\u00e3o ao ano passado. Com isso, o munic\u00edpio ocupa atualmente o primeiro lugar&hellip;","jetpack_sharing_enabled":true,"jetpack_likes_enabled":true,"_links":{"self":[{"href":"https:\/\/blogopara.com.br\/index.php\/wp-json\/wp\/v2\/posts\/58967","targetHints":{"allow":["GET"]}}],"collection":[{"href":"https:\/\/blogopara.com.br\/index.php\/wp-json\/wp\/v2\/posts"}],"about":[{"href":"https:\/\/blogopara.com.br\/index.php\/wp-json\/wp\/v2\/types\/post"}],"author":[{"embeddable":true,"href":"https:\/\/blogopara.com.br\/index.php\/wp-json\/wp\/v2\/users\/1"}],"replies":[{"embeddable":true,"href":"https:\/\/blogopara.com.br\/index.php\/wp-json\/wp\/v2\/comments?post=58967"}],"version-history":[{"count":1,"href":"https:\/\/blogopara.com.br\/index.php\/wp-json\/wp\/v2\/posts\/58967\/revisions"}],"predecessor-version":[{"id":58968,"href":"https:\/\/blogopara.com.br\/index.php\/wp-json\/wp\/v2\/posts\/58967\/revisions\/58968"}],"wp:featuredmedia":[{"embeddable":true,"href":"https:\/\/blogopara.com.br\/index.php\/wp-json\/wp\/v2\/media\/21992"}],"wp:attachment":[{"href":"https:\/\/blogopara.com.br\/index.php\/wp-json\/wp\/v2\/media?parent=58967"}],"wp:term":[{"taxonomy":"category","embeddable":true,"href":"https:\/\/blogopara.com.br\/index.php\/wp-json\/wp\/v2\/categories?post=58967"},{"taxonomy":"post_tag","embeddable":true,"href":"https:\/\/blogopara.com.br\/index.php\/wp-json\/wp\/v2\/tags?post=58967"}],"curies":[{"name":"wp","href":"https:\/\/api.w.org\/{rel}","templated":true}]}}