{"id":58969,"date":"2023-11-07T13:34:00","date_gmt":"2023-11-07T16:34:00","guid":{"rendered":"https:\/\/blogopara.com.br\/?p=58969"},"modified":"2023-11-06T22:05:23","modified_gmt":"2023-11-07T01:05:23","slug":"festa-de-uaua-e-encerrada-com-distribuicao-de-livros-e-cortejo","status":"publish","type":"post","link":"https:\/\/blogopara.com.br\/index.php\/2023\/11\/07\/festa-de-uaua-e-encerrada-com-distribuicao-de-livros-e-cortejo","title":{"rendered":"Festa de Uau\u00e1 \u00e9 encerrada com distribui\u00e7\u00e3o de livros e cortejo"},"content":{"rendered":"<p style=\"text-align: justify;\">O \u00faltimo dia da quarta edi\u00e7\u00e3o da Feira Liter\u00e1ria de Uau\u00e1 (Fliu), neste s\u00e1bado, 4, teve distribui\u00e7\u00e3o de livros, cortejo com vaqueiros, discuss\u00f5es sobre a import\u00e2ncia do futebol na sociedade, a independ\u00eancia do Brasil e da Bahia, apresenta\u00e7\u00f5es para o p\u00fablico infantil e v\u00e1rios shows na cidade que fica a 420 quil\u00f4metros de Salvador.<\/p>\n<p style=\"text-align: justify;\">O evento, que teve mais de 50 atra\u00e7\u00f5es durante os tr\u00eas dias, movimentou a cidade que tem cerca de 24 mil habitantes. Entre as mesas de discuss\u00f5es pela manh\u00e3, os jornalistas Nestor Mendes e Danilo Ribeiro falaram sobre o futebol como uma paix\u00e3o nacional, convidando Nelson Rodrigues e Lamartine Babo para falar da import\u00e2ncia do esporte no dia a dia da popula\u00e7\u00e3o.<\/p>\n<p style=\"text-align: justify;\">No per\u00edodo da tarde, o historiador, pesquisador, diretor e ator Ricardo Carvalho e o jornalista Z\u00e9 Raimundo falaram sobre a import\u00e2ncia dos vaqueiros de Pedr\u00e3o na luta pela independ\u00eancia do Brasil na Bahia, que aconteceu em 2 de julho de 1823.<\/p>\n<p style=\"text-align: justify;\">Ap\u00f3s a \u00faltima mesa de discuss\u00e3o, houve cortejo liter\u00e1rio com os vaqueiros e distribui\u00e7\u00e3o de livros pelas ruas da cidade do sert\u00e3o baiano. Para encerrar a Flui 2023, o palco Espa\u00e7o A Casa dos Budas Ditosos recebeu as apresenta\u00e7\u00f5es de D\u00e9bora, Lulu e Jo\u00e3o de Ademar, Semi\u00e1ridas, Ana Barroso, Fatel e o Encanto e a Poesia.<\/p>\n<p style=\"text-align: justify;\">\n","protected":false},"excerpt":{"rendered":"<p>O \u00faltimo dia da quarta edi\u00e7\u00e3o da Feira Liter\u00e1ria de Uau\u00e1 (Fliu), neste s\u00e1bado, 4, teve distribui\u00e7\u00e3o de livros, cortejo com vaqueiros, discuss\u00f5es sobre a import\u00e2ncia do futebol na sociedade, a independ\u00eancia do Brasil e da Bahia, apresenta\u00e7\u00f5es para o p\u00fablico infantil e v\u00e1rios shows na cidade que fica a 420 quil\u00f4metros de Salvador. O [&hellip;]<\/p>\n","protected":false},"author":1,"featured_media":58970,"comment_status":"closed","ping_status":"open","sticky":false,"template":"","format":"standard","meta":{"_uag_custom_page_level_css":"","_monsterinsights_skip_tracking":false,"_monsterinsights_sitenote_active":false,"_monsterinsights_sitenote_note":"","_monsterinsights_sitenote_category":0,"jetpack_post_was_ever_published":false,"_jetpack_newsletter_access":"","_jetpack_dont_email_post_to_subs":false,"_jetpack_newsletter_tier_id":0,"_jetpack_memberships_contains_paywalled_content":false,"_jetpack_memberships_contains_paid_content":false,"footnotes":"","jetpack_publicize_message":"","jetpack_publicize_feature_enabled":true,"jetpack_social_post_already_shared":true,"jetpack_social_options":{"image_generator_settings":{"template":"highway","default_image_id":0,"font":"","enabled":false},"version":2}},"categories":[199],"tags":[134,2757,1745],"class_list":["post-58969","post","type-post","status-publish","format-standard","has-post-thumbnail","hentry","category-bahia","tag-cultura","tag-educacao","tag-sertao"],"jetpack_publicize_connections":[],"jetpack_featured_media_url":"https:\/\/blogopara.com.br\/wp-content\/uploads\/2023\/11\/1504312023110665492aaf5070b.jpeg","uagb_featured_image_src":{"full":["https:\/\/blogopara.com.br\/wp-content\/uploads\/2023\/11\/1504312023110665492aaf5070b.jpeg",500,281,false],"thumbnail":["https:\/\/blogopara.com.br\/wp-content\/uploads\/2023\/11\/1504312023110665492aaf5070b-150x150.jpeg",150,150,true],"medium":["https:\/\/blogopara.com.br\/wp-content\/uploads\/2023\/11\/1504312023110665492aaf5070b-300x169.jpeg",300,169,true],"medium_large":["https:\/\/blogopara.com.br\/wp-content\/uploads\/2023\/11\/1504312023110665492aaf5070b.jpeg",500,281,false],"large":["https:\/\/blogopara.com.br\/wp-content\/uploads\/2023\/11\/1504312023110665492aaf5070b.jpeg",500,281,false],"1536x1536":["https:\/\/blogopara.com.br\/wp-content\/uploads\/2023\/11\/1504312023110665492aaf5070b.jpeg",500,281,false],"2048x2048":["https:\/\/blogopara.com.br\/wp-content\/uploads\/2023\/11\/1504312023110665492aaf5070b.jpeg",500,281,false],"mantranews-slider-large":["https:\/\/blogopara.com.br\/wp-content\/uploads\/2023\/11\/1504312023110665492aaf5070b.jpeg",500,281,false],"mantranews-featured-medium":["https:\/\/blogopara.com.br\/wp-content\/uploads\/2023\/11\/1504312023110665492aaf5070b-420x281.jpeg",420,281,true],"mantranews-featured-long":["https:\/\/blogopara.com.br\/wp-content\/uploads\/2023\/11\/1504312023110665492aaf5070b-300x281.jpeg",300,281,true],"mantranews-block-medium":["https:\/\/blogopara.com.br\/wp-content\/uploads\/2023\/11\/1504312023110665492aaf5070b-464x281.jpeg",464,281,true],"mantranews-carousel-image":["https:\/\/blogopara.com.br\/wp-content\/uploads\/2023\/11\/1504312023110665492aaf5070b.jpeg",500,281,false],"mantranews-block-thumb":["https:\/\/blogopara.com.br\/wp-content\/uploads\/2023\/11\/1504312023110665492aaf5070b-322x230.jpeg",322,230,true],"mantranews-single-large":["https:\/\/blogopara.com.br\/wp-content\/uploads\/2023\/11\/1504312023110665492aaf5070b.jpeg",500,281,false]},"uagb_author_info":{"display_name":"Reda\u00e7\u00e3o geral","author_link":"https:\/\/blogopara.com.br\/index.php\/author\/blogopara"},"uagb_comment_info":0,"uagb_excerpt":"O \u00faltimo dia da quarta edi\u00e7\u00e3o da Feira Liter\u00e1ria de Uau\u00e1 (Fliu), neste s\u00e1bado, 4, teve distribui\u00e7\u00e3o de livros, cortejo com vaqueiros, discuss\u00f5es sobre a import\u00e2ncia do futebol na sociedade, a independ\u00eancia do Brasil e da Bahia, apresenta\u00e7\u00f5es para o p\u00fablico infantil e v\u00e1rios shows na cidade que fica a 420 quil\u00f4metros de Salvador. O&hellip;","jetpack_sharing_enabled":true,"jetpack_likes_enabled":true,"_links":{"self":[{"href":"https:\/\/blogopara.com.br\/index.php\/wp-json\/wp\/v2\/posts\/58969","targetHints":{"allow":["GET"]}}],"collection":[{"href":"https:\/\/blogopara.com.br\/index.php\/wp-json\/wp\/v2\/posts"}],"about":[{"href":"https:\/\/blogopara.com.br\/index.php\/wp-json\/wp\/v2\/types\/post"}],"author":[{"embeddable":true,"href":"https:\/\/blogopara.com.br\/index.php\/wp-json\/wp\/v2\/users\/1"}],"replies":[{"embeddable":true,"href":"https:\/\/blogopara.com.br\/index.php\/wp-json\/wp\/v2\/comments?post=58969"}],"version-history":[{"count":1,"href":"https:\/\/blogopara.com.br\/index.php\/wp-json\/wp\/v2\/posts\/58969\/revisions"}],"predecessor-version":[{"id":58971,"href":"https:\/\/blogopara.com.br\/index.php\/wp-json\/wp\/v2\/posts\/58969\/revisions\/58971"}],"wp:featuredmedia":[{"embeddable":true,"href":"https:\/\/blogopara.com.br\/index.php\/wp-json\/wp\/v2\/media\/58970"}],"wp:attachment":[{"href":"https:\/\/blogopara.com.br\/index.php\/wp-json\/wp\/v2\/media?parent=58969"}],"wp:term":[{"taxonomy":"category","embeddable":true,"href":"https:\/\/blogopara.com.br\/index.php\/wp-json\/wp\/v2\/categories?post=58969"},{"taxonomy":"post_tag","embeddable":true,"href":"https:\/\/blogopara.com.br\/index.php\/wp-json\/wp\/v2\/tags?post=58969"}],"curies":[{"name":"wp","href":"https:\/\/api.w.org\/{rel}","templated":true}]}}