{"id":59008,"date":"2023-11-09T08:34:00","date_gmt":"2023-11-09T11:34:00","guid":{"rendered":"https:\/\/blogopara.com.br\/?p=59008"},"modified":"2023-11-08T16:36:01","modified_gmt":"2023-11-08T19:36:01","slug":"prefeita-suzana-ramos-recebe-ambulancia-nova-adquirida-com-emenda-do-deputado-jordavio-ramos","status":"publish","type":"post","link":"https:\/\/blogopara.com.br\/index.php\/2023\/11\/09\/prefeita-suzana-ramos-recebe-ambulancia-nova-adquirida-com-emenda-do-deputado-jordavio-ramos","title":{"rendered":"Prefeita Suzana Ramos recebe ambul\u00e2ncia nova adquirida com emenda do deputado Jord\u00e1vio Ramos"},"content":{"rendered":"<p class=\"x_MsoNormal\" style=\"text-align: justify;\">A prefeita Suzana Ramos recebeu nesta quarta-feira (8) em Salvador uma ambul\u00e2ncia nova, fruto de uma emenda do deputado estadual Jord\u00e1vio Ramos. A emenda, no valor de R$ 280 mil, vai garantir mais assist\u00eancia \u00e0 popula\u00e7\u00e3o de Juazeiro.<\/p>\n<p class=\"x_MsoNormal\" style=\"text-align: justify;\">A cerim\u00f4nia foi realizada em Salvador, onde o governador da Bahia, Jer\u00f4nimo Rodrigues, realizou a entrega de ve\u00edculos para mais de 80 munic\u00edpios do estado. \u201cEstamos muito felizes em receber mais esta ambul\u00e2ncia para a nossa Juazeiro, proporcionando que o nosso povo tenha mais qualidade no atendimento de sa\u00fade. Quero agradecer ao deputado estadual Jord\u00e1vio Ramos, por esta emenda que ajuda muito a nossa popula\u00e7\u00e3o\u201d, destacou a prefeita Suzana Ramos.<\/p>\n<p class=\"x_MsoNormal\" style=\"text-align: justify;\">O deputado Jord\u00e1vio Ramos esteve presente no ato de entrega da ambul\u00e2ncia. \u201cSempre me comprometi a buscar investimentos para a sa\u00fade do nosso povo, pois sei que \u00e9 uma \u00e1rea sens\u00edvel\u201d, disse o deputado Jord\u00e1vio Ramos. Desde que assumiu como deputado estadual, Jord\u00e1vio Ramos vem investindo na sa\u00fade com emendas para a aquisi\u00e7\u00e3o de 10 camas hospitalares, kit odontol\u00f3gico e R$ 3 milh\u00f5es para custeio com a sa\u00fade.<\/p>\n","protected":false},"excerpt":{"rendered":"<p>A prefeita Suzana Ramos recebeu nesta quarta-feira (8) em Salvador uma ambul\u00e2ncia nova, fruto de uma emenda do deputado estadual Jord\u00e1vio Ramos. A emenda, no valor de R$ 280 mil, vai garantir mais assist\u00eancia \u00e0 popula\u00e7\u00e3o de Juazeiro. A cerim\u00f4nia foi realizada em Salvador, onde o governador da Bahia, Jer\u00f4nimo Rodrigues, realizou a entrega de [&hellip;]<\/p>\n","protected":false},"author":1,"featured_media":59009,"comment_status":"closed","ping_status":"open","sticky":false,"template":"","format":"standard","meta":{"_uag_custom_page_level_css":"","_monsterinsights_skip_tracking":false,"_monsterinsights_sitenote_active":false,"_monsterinsights_sitenote_note":"","_monsterinsights_sitenote_category":0,"jetpack_post_was_ever_published":false,"_jetpack_newsletter_access":"","_jetpack_dont_email_post_to_subs":false,"_jetpack_newsletter_tier_id":0,"_jetpack_memberships_contains_paywalled_content":false,"_jetpack_memberships_contains_paid_content":false,"footnotes":"","jetpack_publicize_message":"","jetpack_publicize_feature_enabled":true,"jetpack_social_post_already_shared":true,"jetpack_social_options":{"image_generator_settings":{"template":"highway","default_image_id":0,"font":"","enabled":false},"version":2}},"categories":[203],"tags":[3138,5195],"class_list":["post-59008","post","type-post","status-publish","format-standard","has-post-thumbnail","hentry","category-juazeiro","tag-mais-saude","tag-prefeita-suzana-ramos"],"jetpack_publicize_connections":[],"jetpack_featured_media_url":"https:\/\/blogopara.com.br\/wp-content\/uploads\/2023\/11\/thumbnail_entrega-ambulancia-2.jpg","uagb_featured_image_src":{"full":["https:\/\/blogopara.com.br\/wp-content\/uploads\/2023\/11\/thumbnail_entrega-ambulancia-2.jpg",500,375,false],"thumbnail":["https:\/\/blogopara.com.br\/wp-content\/uploads\/2023\/11\/thumbnail_entrega-ambulancia-2-150x150.jpg",150,150,true],"medium":["https:\/\/blogopara.com.br\/wp-content\/uploads\/2023\/11\/thumbnail_entrega-ambulancia-2-300x225.jpg",300,225,true],"medium_large":["https:\/\/blogopara.com.br\/wp-content\/uploads\/2023\/11\/thumbnail_entrega-ambulancia-2.jpg",500,375,false],"large":["https:\/\/blogopara.com.br\/wp-content\/uploads\/2023\/11\/thumbnail_entrega-ambulancia-2.jpg",500,375,false],"1536x1536":["https:\/\/blogopara.com.br\/wp-content\/uploads\/2023\/11\/thumbnail_entrega-ambulancia-2.jpg",500,375,false],"2048x2048":["https:\/\/blogopara.com.br\/wp-content\/uploads\/2023\/11\/thumbnail_entrega-ambulancia-2.jpg",500,375,false],"mantranews-slider-large":["https:\/\/blogopara.com.br\/wp-content\/uploads\/2023\/11\/thumbnail_entrega-ambulancia-2.jpg",500,375,false],"mantranews-featured-medium":["https:\/\/blogopara.com.br\/wp-content\/uploads\/2023\/11\/thumbnail_entrega-ambulancia-2-420x307.jpg",420,307,true],"mantranews-featured-long":["https:\/\/blogopara.com.br\/wp-content\/uploads\/2023\/11\/thumbnail_entrega-ambulancia-2-300x375.jpg",300,375,true],"mantranews-block-medium":["https:\/\/blogopara.com.br\/wp-content\/uploads\/2023\/11\/thumbnail_entrega-ambulancia-2-464x290.jpg",464,290,true],"mantranews-carousel-image":["https:\/\/blogopara.com.br\/wp-content\/uploads\/2023\/11\/thumbnail_entrega-ambulancia-2.jpg",500,375,false],"mantranews-block-thumb":["https:\/\/blogopara.com.br\/wp-content\/uploads\/2023\/11\/thumbnail_entrega-ambulancia-2-322x230.jpg",322,230,true],"mantranews-single-large":["https:\/\/blogopara.com.br\/wp-content\/uploads\/2023\/11\/thumbnail_entrega-ambulancia-2.jpg",500,375,false]},"uagb_author_info":{"display_name":"Reda\u00e7\u00e3o geral","author_link":"https:\/\/blogopara.com.br\/index.php\/author\/blogopara"},"uagb_comment_info":0,"uagb_excerpt":"A prefeita Suzana Ramos recebeu nesta quarta-feira (8) em Salvador uma ambul\u00e2ncia nova, fruto de uma emenda do deputado estadual Jord\u00e1vio Ramos. A emenda, no valor de R$ 280 mil, vai garantir mais assist\u00eancia \u00e0 popula\u00e7\u00e3o de Juazeiro. A cerim\u00f4nia foi realizada em Salvador, onde o governador da Bahia, Jer\u00f4nimo Rodrigues, realizou a entrega de&hellip;","jetpack_sharing_enabled":true,"jetpack_likes_enabled":true,"_links":{"self":[{"href":"https:\/\/blogopara.com.br\/index.php\/wp-json\/wp\/v2\/posts\/59008","targetHints":{"allow":["GET"]}}],"collection":[{"href":"https:\/\/blogopara.com.br\/index.php\/wp-json\/wp\/v2\/posts"}],"about":[{"href":"https:\/\/blogopara.com.br\/index.php\/wp-json\/wp\/v2\/types\/post"}],"author":[{"embeddable":true,"href":"https:\/\/blogopara.com.br\/index.php\/wp-json\/wp\/v2\/users\/1"}],"replies":[{"embeddable":true,"href":"https:\/\/blogopara.com.br\/index.php\/wp-json\/wp\/v2\/comments?post=59008"}],"version-history":[{"count":1,"href":"https:\/\/blogopara.com.br\/index.php\/wp-json\/wp\/v2\/posts\/59008\/revisions"}],"predecessor-version":[{"id":59010,"href":"https:\/\/blogopara.com.br\/index.php\/wp-json\/wp\/v2\/posts\/59008\/revisions\/59010"}],"wp:featuredmedia":[{"embeddable":true,"href":"https:\/\/blogopara.com.br\/index.php\/wp-json\/wp\/v2\/media\/59009"}],"wp:attachment":[{"href":"https:\/\/blogopara.com.br\/index.php\/wp-json\/wp\/v2\/media?parent=59008"}],"wp:term":[{"taxonomy":"category","embeddable":true,"href":"https:\/\/blogopara.com.br\/index.php\/wp-json\/wp\/v2\/categories?post=59008"},{"taxonomy":"post_tag","embeddable":true,"href":"https:\/\/blogopara.com.br\/index.php\/wp-json\/wp\/v2\/tags?post=59008"}],"curies":[{"name":"wp","href":"https:\/\/api.w.org\/{rel}","templated":true}]}}