{"id":59040,"date":"2023-11-09T09:25:00","date_gmt":"2023-11-09T12:25:00","guid":{"rendered":"https:\/\/blogopara.com.br\/?p=59040"},"modified":"2023-11-08T20:38:08","modified_gmt":"2023-11-08T23:38:08","slug":"vereadores-de-juazeiro-sugerem-audiencia-publica-para-discutir-causas-da-morte-de-peixes-no-rio-sao-francisco","status":"publish","type":"post","link":"https:\/\/blogopara.com.br\/index.php\/2023\/11\/09\/vereadores-de-juazeiro-sugerem-audiencia-publica-para-discutir-causas-da-morte-de-peixes-no-rio-sao-francisco","title":{"rendered":"Vereadores de Juazeiro sugerem Audi\u00eancia P\u00fablica para discutir causas da morte de peixes no Rio S\u00e3o Francisco"},"content":{"rendered":"<p style=\"text-align: justify;\">Na sess\u00e3o desta quarta-feira, 08\/11, a C\u00e2mara de Vereadores de Juazeiro, no norte da Bahia, debateu diversos temas de interesse da sociedade, entre os temas foi sugerido a proposi\u00e7\u00e3o de uma Audi\u00eancia P\u00fablica para discutir os motivos que causaram a morte de dezenas de peixes no leito do Rio S\u00e3o Francisco, na altura dos distritos de Itamotinga, no Riacho do Boqueir\u00e3o, entre outros pontos do rio.<\/p>\n<p style=\"text-align: justify;\">As mortes dos peixes aconteceram ap\u00f3s as chuvas do \u00faltimo final de semana na regi\u00e3o e supostamente foram causadas pela polui\u00e7\u00e3o das \u00e1guas do Velho Chico, o Poder Executivo de Juazeiro, segue com uma equipe de qu\u00edmicos do SAAE analisando amostras da \u00e1gua para descobrir os reais motivos da polui\u00e7\u00e3o.<\/p>\n<p style=\"text-align: justify;\">\u201cDado a import\u00e2ncia deste tema precisamos debater o assunto da polui\u00e7\u00e3o das \u00e1guas do Velho Chico que causou a mortandade de peixes nos \u00faltimos dias. E a C\u00e2mara como caixa de resson\u00e2ncia da sociedade vai buscar mecanismos para uma solu\u00e7\u00e3o junto \u00e0s autoridades competentes em curto espa\u00e7o de tempo\u201d, pontua o vereador e presidente da C\u00e2mara de Vereadores de Juazeiro, Berg da Carna\u00edba.<\/p>\n<p style=\"text-align: justify;\">Para a Audi\u00eancia P\u00fablica, a C\u00e2mara vai convidar autoridades e empresas como a Agrovale, Prefeitura, Minist\u00e9rio P\u00fablico, engenheiros qu\u00edmicos, SAAE, UNEB, Univasf, Ibama, entre outros representantes das cidades afetadas com a morte dos peixes. A data da audi\u00eancia ainda ser\u00e1 marcada.<\/p>\n<p style=\"text-align: justify;\">&#8212;<br \/>\nPor: Jean Brito, Assessor de Imprensa<\/p>\n<p style=\"text-align: justify;\">Foto: F\u00e1bio Martins.<\/p>\n","protected":false},"excerpt":{"rendered":"<p>Na sess\u00e3o desta quarta-feira, 08\/11, a C\u00e2mara de Vereadores de Juazeiro, no norte da Bahia, debateu diversos temas de interesse da sociedade, entre os temas foi sugerido a proposi\u00e7\u00e3o de uma Audi\u00eancia P\u00fablica para discutir os motivos que causaram a morte de dezenas de peixes no leito do Rio S\u00e3o Francisco, na altura dos distritos [&hellip;]<\/p>\n","protected":false},"author":1,"featured_media":21657,"comment_status":"closed","ping_status":"open","sticky":false,"template":"","format":"standard","meta":{"_uag_custom_page_level_css":"","_monsterinsights_skip_tracking":false,"_monsterinsights_sitenote_active":false,"_monsterinsights_sitenote_note":"","_monsterinsights_sitenote_category":0,"jetpack_post_was_ever_published":false,"_jetpack_newsletter_access":"","_jetpack_dont_email_post_to_subs":false,"_jetpack_newsletter_tier_id":0,"_jetpack_memberships_contains_paywalled_content":false,"_jetpack_memberships_contains_paid_content":false,"footnotes":"","jetpack_publicize_message":"","jetpack_publicize_feature_enabled":true,"jetpack_social_post_already_shared":true,"jetpack_social_options":{"image_generator_settings":{"template":"highway","default_image_id":0,"font":"","enabled":false},"version":2}},"categories":[10328],"tags":[1320,2532,11136,908],"class_list":["post-59040","post","type-post","status-publish","format-standard","has-post-thumbnail","hentry","category-agua-potavel","tag-agrovale","tag-meio-ambiente","tag-mortandade-de-peixes","tag-poluicao"],"jetpack_publicize_connections":[],"jetpack_featured_media_url":"https:\/\/blogopara.com.br\/wp-content\/uploads\/2021\/04\/CamaraVereadoresJuazeiro-1210x642-1.jpg","uagb_featured_image_src":{"full":["https:\/\/blogopara.com.br\/wp-content\/uploads\/2021\/04\/CamaraVereadoresJuazeiro-1210x642-1.jpg",500,265,false],"thumbnail":["https:\/\/blogopara.com.br\/wp-content\/uploads\/2021\/04\/CamaraVereadoresJuazeiro-1210x642-1-150x150.jpg",150,150,true],"medium":["https:\/\/blogopara.com.br\/wp-content\/uploads\/2021\/04\/CamaraVereadoresJuazeiro-1210x642-1-300x159.jpg",300,159,true],"medium_large":["https:\/\/blogopara.com.br\/wp-content\/uploads\/2021\/04\/CamaraVereadoresJuazeiro-1210x642-1.jpg",500,265,false],"large":["https:\/\/blogopara.com.br\/wp-content\/uploads\/2021\/04\/CamaraVereadoresJuazeiro-1210x642-1.jpg",500,265,false],"1536x1536":["https:\/\/blogopara.com.br\/wp-content\/uploads\/2021\/04\/CamaraVereadoresJuazeiro-1210x642-1.jpg",500,265,false],"2048x2048":["https:\/\/blogopara.com.br\/wp-content\/uploads\/2021\/04\/CamaraVereadoresJuazeiro-1210x642-1.jpg",500,265,false],"mantranews-slider-large":["https:\/\/blogopara.com.br\/wp-content\/uploads\/2021\/04\/CamaraVereadoresJuazeiro-1210x642-1.jpg",500,265,false],"mantranews-featured-medium":["https:\/\/blogopara.com.br\/wp-content\/uploads\/2021\/04\/CamaraVereadoresJuazeiro-1210x642-1-420x265.jpg",420,265,true],"mantranews-featured-long":["https:\/\/blogopara.com.br\/wp-content\/uploads\/2021\/04\/CamaraVereadoresJuazeiro-1210x642-1-300x265.jpg",300,265,true],"mantranews-block-medium":["https:\/\/blogopara.com.br\/wp-content\/uploads\/2021\/04\/CamaraVereadoresJuazeiro-1210x642-1-464x265.jpg",464,265,true],"mantranews-carousel-image":["https:\/\/blogopara.com.br\/wp-content\/uploads\/2021\/04\/CamaraVereadoresJuazeiro-1210x642-1.jpg",500,265,false],"mantranews-block-thumb":["https:\/\/blogopara.com.br\/wp-content\/uploads\/2021\/04\/CamaraVereadoresJuazeiro-1210x642-1-322x230.jpg",322,230,true],"mantranews-single-large":["https:\/\/blogopara.com.br\/wp-content\/uploads\/2021\/04\/CamaraVereadoresJuazeiro-1210x642-1.jpg",500,265,false]},"uagb_author_info":{"display_name":"Reda\u00e7\u00e3o geral","author_link":"https:\/\/blogopara.com.br\/index.php\/author\/blogopara"},"uagb_comment_info":0,"uagb_excerpt":"Na sess\u00e3o desta quarta-feira, 08\/11, a C\u00e2mara de Vereadores de Juazeiro, no norte da Bahia, debateu diversos temas de interesse da sociedade, entre os temas foi sugerido a proposi\u00e7\u00e3o de uma Audi\u00eancia P\u00fablica para discutir os motivos que causaram a morte de dezenas de peixes no leito do Rio S\u00e3o Francisco, na altura dos distritos&hellip;","jetpack_sharing_enabled":true,"jetpack_likes_enabled":true,"_links":{"self":[{"href":"https:\/\/blogopara.com.br\/index.php\/wp-json\/wp\/v2\/posts\/59040","targetHints":{"allow":["GET"]}}],"collection":[{"href":"https:\/\/blogopara.com.br\/index.php\/wp-json\/wp\/v2\/posts"}],"about":[{"href":"https:\/\/blogopara.com.br\/index.php\/wp-json\/wp\/v2\/types\/post"}],"author":[{"embeddable":true,"href":"https:\/\/blogopara.com.br\/index.php\/wp-json\/wp\/v2\/users\/1"}],"replies":[{"embeddable":true,"href":"https:\/\/blogopara.com.br\/index.php\/wp-json\/wp\/v2\/comments?post=59040"}],"version-history":[{"count":1,"href":"https:\/\/blogopara.com.br\/index.php\/wp-json\/wp\/v2\/posts\/59040\/revisions"}],"predecessor-version":[{"id":59043,"href":"https:\/\/blogopara.com.br\/index.php\/wp-json\/wp\/v2\/posts\/59040\/revisions\/59043"}],"wp:featuredmedia":[{"embeddable":true,"href":"https:\/\/blogopara.com.br\/index.php\/wp-json\/wp\/v2\/media\/21657"}],"wp:attachment":[{"href":"https:\/\/blogopara.com.br\/index.php\/wp-json\/wp\/v2\/media?parent=59040"}],"wp:term":[{"taxonomy":"category","embeddable":true,"href":"https:\/\/blogopara.com.br\/index.php\/wp-json\/wp\/v2\/categories?post=59040"},{"taxonomy":"post_tag","embeddable":true,"href":"https:\/\/blogopara.com.br\/index.php\/wp-json\/wp\/v2\/tags?post=59040"}],"curies":[{"name":"wp","href":"https:\/\/api.w.org\/{rel}","templated":true}]}}