{"id":59057,"date":"2023-11-10T12:07:00","date_gmt":"2023-11-10T15:07:00","guid":{"rendered":"https:\/\/blogopara.com.br\/?p=59057"},"modified":"2023-11-09T11:09:11","modified_gmt":"2023-11-09T14:09:11","slug":"educacao-prisional-prefeitura-de-juazeiro-leva-educacao-para-conjunto-penal-e-incentiva-novas-trajetorias-de-vida","status":"publish","type":"post","link":"https:\/\/blogopara.com.br\/index.php\/2023\/11\/10\/educacao-prisional-prefeitura-de-juazeiro-leva-educacao-para-conjunto-penal-e-incentiva-novas-trajetorias-de-vida","title":{"rendered":"Educa\u00e7\u00e3o Prisional: Prefeitura de Juazeiro leva educa\u00e7\u00e3o para conjunto penal e incentiva novas trajet\u00f3rias de vida"},"content":{"rendered":"<p class=\"x_MsoNormal\" style=\"text-align: justify;\">No Conjunto Penal de Juazeiro, a educa\u00e7\u00e3o vem modificando a vida de 228 alunos internos. A a\u00e7\u00e3o \u00e9 poss\u00edvel com a parceria da Prefeitura de Juazeiro, atrav\u00e9s da Secretaria de Educa\u00e7\u00e3o e Juventude (Seduc), que leva para o Conjunto Prisional, os professores da Escola Municipal Professora Maria Franca Pires e a Educa\u00e7\u00e3o de Jovens e Adultos (EJA), com o objetivo de atender os indiv\u00edduos privados de liberdade, oferecendo-lhes oportunidades para a constru\u00e7\u00e3o de uma nova vida.<\/p>\n<p class=\"x_MsoNormal\" style=\"text-align: justify;\">\u201cA educa\u00e7\u00e3o prisional tem como objetivo a ressocializa\u00e7\u00e3o dos alunos internos, por meio da promo\u00e7\u00e3o da aprendizagem, segundo a qual os reeducandos s\u00e3o assistidos em seu desenvolvimento intelectual e social. Al\u00e9m disso, a afetividade tamb\u00e9m \u00e9 outro pilar levado em considera\u00e7\u00e3o, visto que esse p\u00fablico encontra-se em vulnerabilidade emocional\u201d, pontua a gestora da Escola Municipal Professora Maria Franca Pires, Eil\u00e2nia Cristina Medrado de Lima.<\/p>\n<p class=\"x_MsoNormal\" style=\"text-align: justify;\">No projeto pedag\u00f3gico aplicado com os estudantes s\u00e3o realizados v\u00e1rios projetos de inclus\u00e3o, que preveem a alfabetiza\u00e7\u00e3o, o aprimoramento da leitura, da oralidade, din\u00e2micas, projetos de leitura e o incentivo \u00e0 esperan\u00e7a de recome\u00e7ar e atuar na sociedade como cidad\u00e3os cr\u00edticos e conscientes do seu papel. \u201cCostumamos receber muitos relatos e reflex\u00f5es dos estudantes sobre como a leitura, as conversas e as rela\u00e7\u00f5es estabelecidas no contexto educacional, dentro do Conjunto Penal, fazem a diferen\u00e7a na vis\u00e3o de mundo de muitos reeducandos\u201d, acrescenta Eil\u00e2nia Cristina.<\/p>\n<p class=\"x_MsoNormal\" style=\"text-align: justify;\" aria-hidden=\"true\">\n<p class=\"x_MsoNormal\" style=\"text-align: justify;\"><b>Conquistas<\/b><\/p>\n<p class=\"x_MsoNormal\" style=\"text-align: justify;\">Em 2023, dois estudantes internos foram premiados no Concurso L\u00e1pis na M\u00e3o, promovido pela TV S\u00e3o Francisco, e oito se classificaram para a segunda fase da Olimp\u00edada Brasileira de Matem\u00e1tica das Escolas P\u00fablicas (OBMEP).<\/p>\n","protected":false},"excerpt":{"rendered":"<p>No Conjunto Penal de Juazeiro, a educa\u00e7\u00e3o vem modificando a vida de 228 alunos internos. A a\u00e7\u00e3o \u00e9 poss\u00edvel com a parceria da Prefeitura de Juazeiro, atrav\u00e9s da Secretaria de Educa\u00e7\u00e3o e Juventude (Seduc), que leva para o Conjunto Prisional, os professores da Escola Municipal Professora Maria Franca Pires e a Educa\u00e7\u00e3o de Jovens e [&hellip;]<\/p>\n","protected":false},"author":1,"featured_media":59058,"comment_status":"closed","ping_status":"open","sticky":false,"template":"","format":"standard","meta":{"_uag_custom_page_level_css":"","_monsterinsights_skip_tracking":false,"_monsterinsights_sitenote_active":false,"_monsterinsights_sitenote_note":"","_monsterinsights_sitenote_category":0,"jetpack_post_was_ever_published":false,"_jetpack_newsletter_access":"","_jetpack_dont_email_post_to_subs":false,"_jetpack_newsletter_tier_id":0,"_jetpack_memberships_contains_paywalled_content":false,"_jetpack_memberships_contains_paid_content":false,"footnotes":"","jetpack_publicize_message":"","jetpack_publicize_feature_enabled":true,"jetpack_social_post_already_shared":true,"jetpack_social_options":{"image_generator_settings":{"template":"highway","default_image_id":0,"font":"","enabled":false},"version":2}},"categories":[209],"tags":[11138,11139,11137,227],"class_list":["post-59057","post","type-post","status-publish","format-standard","has-post-thumbnail","hentry","category-educacao","tag-educacao-em-prisoes","tag-ressocializacao","tag-seap","tag-sistema-prisional"],"jetpack_publicize_connections":[],"jetpack_featured_media_url":"https:\/\/blogopara.com.br\/wp-content\/uploads\/2023\/11\/4564E9D0-3856-44E9-9773-49C8C3682E8F-1024x682-1.jpeg","uagb_featured_image_src":{"full":["https:\/\/blogopara.com.br\/wp-content\/uploads\/2023\/11\/4564E9D0-3856-44E9-9773-49C8C3682E8F-1024x682-1.jpeg",500,333,false],"thumbnail":["https:\/\/blogopara.com.br\/wp-content\/uploads\/2023\/11\/4564E9D0-3856-44E9-9773-49C8C3682E8F-1024x682-1-150x150.jpeg",150,150,true],"medium":["https:\/\/blogopara.com.br\/wp-content\/uploads\/2023\/11\/4564E9D0-3856-44E9-9773-49C8C3682E8F-1024x682-1-300x200.jpeg",300,200,true],"medium_large":["https:\/\/blogopara.com.br\/wp-content\/uploads\/2023\/11\/4564E9D0-3856-44E9-9773-49C8C3682E8F-1024x682-1.jpeg",500,333,false],"large":["https:\/\/blogopara.com.br\/wp-content\/uploads\/2023\/11\/4564E9D0-3856-44E9-9773-49C8C3682E8F-1024x682-1.jpeg",500,333,false],"1536x1536":["https:\/\/blogopara.com.br\/wp-content\/uploads\/2023\/11\/4564E9D0-3856-44E9-9773-49C8C3682E8F-1024x682-1.jpeg",500,333,false],"2048x2048":["https:\/\/blogopara.com.br\/wp-content\/uploads\/2023\/11\/4564E9D0-3856-44E9-9773-49C8C3682E8F-1024x682-1.jpeg",500,333,false],"mantranews-slider-large":["https:\/\/blogopara.com.br\/wp-content\/uploads\/2023\/11\/4564E9D0-3856-44E9-9773-49C8C3682E8F-1024x682-1.jpeg",500,333,false],"mantranews-featured-medium":["https:\/\/blogopara.com.br\/wp-content\/uploads\/2023\/11\/4564E9D0-3856-44E9-9773-49C8C3682E8F-1024x682-1-420x307.jpeg",420,307,true],"mantranews-featured-long":["https:\/\/blogopara.com.br\/wp-content\/uploads\/2023\/11\/4564E9D0-3856-44E9-9773-49C8C3682E8F-1024x682-1-300x333.jpeg",300,333,true],"mantranews-block-medium":["https:\/\/blogopara.com.br\/wp-content\/uploads\/2023\/11\/4564E9D0-3856-44E9-9773-49C8C3682E8F-1024x682-1-464x290.jpeg",464,290,true],"mantranews-carousel-image":["https:\/\/blogopara.com.br\/wp-content\/uploads\/2023\/11\/4564E9D0-3856-44E9-9773-49C8C3682E8F-1024x682-1.jpeg",500,333,false],"mantranews-block-thumb":["https:\/\/blogopara.com.br\/wp-content\/uploads\/2023\/11\/4564E9D0-3856-44E9-9773-49C8C3682E8F-1024x682-1-322x230.jpeg",322,230,true],"mantranews-single-large":["https:\/\/blogopara.com.br\/wp-content\/uploads\/2023\/11\/4564E9D0-3856-44E9-9773-49C8C3682E8F-1024x682-1.jpeg",500,333,false]},"uagb_author_info":{"display_name":"Reda\u00e7\u00e3o geral","author_link":"https:\/\/blogopara.com.br\/index.php\/author\/blogopara"},"uagb_comment_info":0,"uagb_excerpt":"No Conjunto Penal de Juazeiro, a educa\u00e7\u00e3o vem modificando a vida de 228 alunos internos. A a\u00e7\u00e3o \u00e9 poss\u00edvel com a parceria da Prefeitura de Juazeiro, atrav\u00e9s da Secretaria de Educa\u00e7\u00e3o e Juventude (Seduc), que leva para o Conjunto Prisional, os professores da Escola Municipal Professora Maria Franca Pires e a Educa\u00e7\u00e3o de Jovens e&hellip;","jetpack_sharing_enabled":true,"jetpack_likes_enabled":true,"_links":{"self":[{"href":"https:\/\/blogopara.com.br\/index.php\/wp-json\/wp\/v2\/posts\/59057","targetHints":{"allow":["GET"]}}],"collection":[{"href":"https:\/\/blogopara.com.br\/index.php\/wp-json\/wp\/v2\/posts"}],"about":[{"href":"https:\/\/blogopara.com.br\/index.php\/wp-json\/wp\/v2\/types\/post"}],"author":[{"embeddable":true,"href":"https:\/\/blogopara.com.br\/index.php\/wp-json\/wp\/v2\/users\/1"}],"replies":[{"embeddable":true,"href":"https:\/\/blogopara.com.br\/index.php\/wp-json\/wp\/v2\/comments?post=59057"}],"version-history":[{"count":1,"href":"https:\/\/blogopara.com.br\/index.php\/wp-json\/wp\/v2\/posts\/59057\/revisions"}],"predecessor-version":[{"id":59059,"href":"https:\/\/blogopara.com.br\/index.php\/wp-json\/wp\/v2\/posts\/59057\/revisions\/59059"}],"wp:featuredmedia":[{"embeddable":true,"href":"https:\/\/blogopara.com.br\/index.php\/wp-json\/wp\/v2\/media\/59058"}],"wp:attachment":[{"href":"https:\/\/blogopara.com.br\/index.php\/wp-json\/wp\/v2\/media?parent=59057"}],"wp:term":[{"taxonomy":"category","embeddable":true,"href":"https:\/\/blogopara.com.br\/index.php\/wp-json\/wp\/v2\/categories?post=59057"},{"taxonomy":"post_tag","embeddable":true,"href":"https:\/\/blogopara.com.br\/index.php\/wp-json\/wp\/v2\/tags?post=59057"}],"curies":[{"name":"wp","href":"https:\/\/api.w.org\/{rel}","templated":true}]}}