{"id":59103,"date":"2023-11-11T15:19:00","date_gmt":"2023-11-11T18:19:00","guid":{"rendered":"https:\/\/blogopara.com.br\/?p=59103"},"modified":"2023-11-10T21:30:03","modified_gmt":"2023-11-11T00:30:03","slug":"jeronimo-encaminha-a-alba-alteracao-organizacional-da-policia-militar","status":"publish","type":"post","link":"https:\/\/blogopara.com.br\/index.php\/2023\/11\/11\/jeronimo-encaminha-a-alba-alteracao-organizacional-da-policia-militar","title":{"rendered":"Jer\u00f4nimo encaminha \u00e0 ALBA altera\u00e7\u00e3o organizacional da Pol\u00edcia Militar"},"content":{"rendered":"<p style=\"text-align: justify;\">O governador Jer\u00f4nimo Rodrigues (PT) encaminhou nesta quarta-feira, 8, \u00e0 Assembleia Legislativa da Bahia (ALBA) um novo projeto de lei que altera a estrutura organizacional da Pol\u00edcia Militar da Bahia (PM-BA). De acordo com o petista, a proposta reitera \u201co constante comprometimento do Governo com o aprimoramento da presta\u00e7\u00e3o dos servi\u00e7os de Seguran\u00e7a P\u00fablica em todo o Estado\u201d.<\/p>\n<p style=\"text-align: justify;\">Entre as mudan\u00e7as, est\u00e1 a cria\u00e7\u00e3o da Companhia Independente de Media\u00e7\u00e3o de Conflitos Agr\u00e1rios e Urbanos, definida como um dos oito comandos de policiamento de apoio operacional.<\/p>\n<p style=\"text-align: justify;\">A proposta de cria\u00e7\u00e3o desse novo agrupamento surge em um ano em que o governo da Bahia foi bastante cobrado por propriet\u00e1rios de grandes latif\u00fandios no interior do estado, devido a uma s\u00e9rie de ocupa\u00e7\u00f5es realizadas pelo MST (Movimento dos Trabalhadores Rurais Sem Terra) durante o primeiro semestre.<\/p>\n<p style=\"text-align: justify;\">A nova companhia tamb\u00e9m poder\u00e1 atuar nos conflitos recorrentes entre latifundi\u00e1rios e representantes dos povos origin\u00e1rios, especialmente no Sul da Bahia. O tema \u00e9 caro ao governador, que se declara ind\u00edgena.<\/p>\n<p style=\"text-align: justify;\">De acordo com o projeto de lei proposto por Jer\u00f4nimo, a Companhia Independente de Media\u00e7\u00e3o de Conflitos Agr\u00e1rios e Urbanos ter\u00e1 \u201ca finalidade de planejar, coordenar e executar as a\u00e7\u00f5es de seguran\u00e7a p\u00fablica quando do cumprimento de mandados judiciais de manuten\u00e7\u00e3o e\/ou de reintegra\u00e7\u00e3o de posse e em outras situa\u00e7\u00f5es de conflitos pela posse de terras urbanas e rurais, bem como nas medidas de desfor\u00e7o imediato em bens p\u00fablicos envolvendo povos origin\u00e1rios, comunidades tradicionais, movimentos sociais ou grande coletividade de pessoas\u201d.<\/p>\n<p style=\"text-align: justify;\">Jer\u00f4nimo tamb\u00e9m prop\u00f5e criar outras duas unidades: a Companhia Independente de Policiamento Especializado, que seria subordinada diretamente ao Comando de Policiamento em Miss\u00f5es Especiais; e o Esquadr\u00e3o de Motociclistas, respons\u00e1vel pela execu\u00e7\u00e3o das atividades de policiamento de tr\u00e2nsito, de escolta de dignit\u00e1rios e de apoio \u00e0s demais Unidades Operacionais.<\/p>\n<p style=\"text-align: justify;\">COMBATE AO CRIME<\/p>\n<p style=\"text-align: justify;\">Em seu novo projeto, Jer\u00f4nimo altera ainda a compet\u00eancia do Batalh\u00e3o Especializado de Patrulhamento T\u00e1tico M\u00f3vel, que passa a ser definido como \u201crespons\u00e1vel pelo apoio t\u00e1tico ao policiamento ostensivo, em atendimento a situa\u00e7\u00f5es que requeiram atua\u00e7\u00e3o espec\u00edfica, especialmente na repress\u00e3o qualificada contra o crime organizado\u201d.<\/p>\n<p style=\"text-align: justify;\">No texto anterior da Lei 13.201\/2014, o batalh\u00e3o em quest\u00e3o tinha uma defini\u00e7\u00e3o menos espec\u00edfica, sem men\u00e7\u00e3o ao combate ao crime organizado: \u201crespons\u00e1vel pela execu\u00e7\u00e3o de miss\u00f5es de policiamento ostensivo para atua\u00e7\u00e3o em situa\u00e7\u00f5es de alto risco, utilizando t\u00e1ticas especiais\u201d.<\/p>\n<p style=\"text-align: justify;\">Essa altera\u00e7\u00e3o, especificamente, sinaliza para uma preocupa\u00e7\u00e3o maior do governo Jer\u00f4nimo com o enfrentamento do crime organizado, no momento em que o tema ganha holofotes nacionais.<\/p>\n<p style=\"text-align: justify;\">UNIDADES EXTINTAS<\/p>\n<p style=\"text-align: justify;\">Ao mesmo tempo em que cria novos agrupamentos, o projeto de lei prev\u00ea o encerramento das atividades em tr\u00eas unidades da PM-BA. S\u00e3o os casos da 3\u00aa (no bairro de Cajazeiras, em Salvador), da 5\u00aa (munic\u00edpio de Vera Cruz, na Ilha de Itaparica) e da 34\u00aa (munic\u00edpio de Brumado, no sudoeste do estado) Companhias Independentes de Pol\u00edcia Militar da Bahia (CIPM).<\/p>\n<p style=\"text-align: justify;\">Procurado para falar sobre o assunto, o governo do estado n\u00e3o respondeu at\u00e9 o momento da publica\u00e7\u00e3o desta mat\u00e9ria. O comandante da Pol\u00edcia Militar da Bahia, coronel Paulo Coutinho, afirmou que o momento ideal para se manifestar sobre o tema seria ap\u00f3s a an\u00e1lise do projeto pela ALBA.<\/p>\n<p style=\"text-align: justify;\">\u201c\u00c9 uma proposta de complementa\u00e7\u00e3o, porque a grande reestrutura\u00e7\u00e3o j\u00e1 foi feita [na Lei 14.567\/2023, aprovada em maio]. Eu vou aguardar o projeto de lei tramitar no parlamento e, posteriormente, eu me manifesto sobre o tema\u201d, disse Coutinho.<\/p>\n<p style=\"text-align: justify;\">\n","protected":false},"excerpt":{"rendered":"<p>O governador Jer\u00f4nimo Rodrigues (PT) encaminhou nesta quarta-feira, 8, \u00e0 Assembleia Legislativa da Bahia (ALBA) um novo projeto de lei que altera a estrutura organizacional da Pol\u00edcia Militar da Bahia (PM-BA). De acordo com o petista, a proposta reitera \u201co constante comprometimento do Governo com o aprimoramento da presta\u00e7\u00e3o dos servi\u00e7os de Seguran\u00e7a P\u00fablica em [&hellip;]<\/p>\n","protected":false},"author":1,"featured_media":24245,"comment_status":"closed","ping_status":"open","sticky":false,"template":"","format":"standard","meta":{"_uag_custom_page_level_css":"","_monsterinsights_skip_tracking":false,"_monsterinsights_sitenote_active":false,"_monsterinsights_sitenote_note":"","_monsterinsights_sitenote_category":0,"jetpack_post_was_ever_published":false,"_jetpack_newsletter_access":"","_jetpack_dont_email_post_to_subs":false,"_jetpack_newsletter_tier_id":0,"_jetpack_memberships_contains_paywalled_content":false,"_jetpack_memberships_contains_paid_content":false,"footnotes":"","jetpack_publicize_message":"","jetpack_publicize_feature_enabled":true,"jetpack_social_post_already_shared":true,"jetpack_social_options":{"image_generator_settings":{"template":"highway","default_image_id":0,"font":"","enabled":false},"version":2}},"categories":[199],"tags":[966,1352,182,4889],"class_list":["post-59103","post","type-post","status-publish","format-standard","has-post-thumbnail","hentry","category-bahia","tag-lei","tag-mudanca","tag-pmba","tag-ssp-ba"],"jetpack_publicize_connections":[],"jetpack_featured_media_url":"https:\/\/blogopara.com.br\/wp-content\/uploads\/2021\/06\/Policia-Militar-Bahia-696x464-1.jpeg","uagb_featured_image_src":{"full":["https:\/\/blogopara.com.br\/wp-content\/uploads\/2021\/06\/Policia-Militar-Bahia-696x464-1.jpeg",500,333,false],"thumbnail":["https:\/\/blogopara.com.br\/wp-content\/uploads\/2021\/06\/Policia-Militar-Bahia-696x464-1-150x150.jpeg",150,150,true],"medium":["https:\/\/blogopara.com.br\/wp-content\/uploads\/2021\/06\/Policia-Militar-Bahia-696x464-1-300x200.jpeg",300,200,true],"medium_large":["https:\/\/blogopara.com.br\/wp-content\/uploads\/2021\/06\/Policia-Militar-Bahia-696x464-1.jpeg",500,333,false],"large":["https:\/\/blogopara.com.br\/wp-content\/uploads\/2021\/06\/Policia-Militar-Bahia-696x464-1.jpeg",500,333,false],"1536x1536":["https:\/\/blogopara.com.br\/wp-content\/uploads\/2021\/06\/Policia-Militar-Bahia-696x464-1.jpeg",500,333,false],"2048x2048":["https:\/\/blogopara.com.br\/wp-content\/uploads\/2021\/06\/Policia-Militar-Bahia-696x464-1.jpeg",500,333,false],"mantranews-slider-large":["https:\/\/blogopara.com.br\/wp-content\/uploads\/2021\/06\/Policia-Militar-Bahia-696x464-1.jpeg",500,333,false],"mantranews-featured-medium":["https:\/\/blogopara.com.br\/wp-content\/uploads\/2021\/06\/Policia-Militar-Bahia-696x464-1-420x307.jpeg",420,307,true],"mantranews-featured-long":["https:\/\/blogopara.com.br\/wp-content\/uploads\/2021\/06\/Policia-Militar-Bahia-696x464-1-300x333.jpeg",300,333,true],"mantranews-block-medium":["https:\/\/blogopara.com.br\/wp-content\/uploads\/2021\/06\/Policia-Militar-Bahia-696x464-1-464x290.jpeg",464,290,true],"mantranews-carousel-image":["https:\/\/blogopara.com.br\/wp-content\/uploads\/2021\/06\/Policia-Militar-Bahia-696x464-1.jpeg",500,333,false],"mantranews-block-thumb":["https:\/\/blogopara.com.br\/wp-content\/uploads\/2021\/06\/Policia-Militar-Bahia-696x464-1-322x230.jpeg",322,230,true],"mantranews-single-large":["https:\/\/blogopara.com.br\/wp-content\/uploads\/2021\/06\/Policia-Militar-Bahia-696x464-1.jpeg",500,333,false]},"uagb_author_info":{"display_name":"Reda\u00e7\u00e3o geral","author_link":"https:\/\/blogopara.com.br\/index.php\/author\/blogopara"},"uagb_comment_info":0,"uagb_excerpt":"O governador Jer\u00f4nimo Rodrigues (PT) encaminhou nesta quarta-feira, 8, \u00e0 Assembleia Legislativa da Bahia (ALBA) um novo projeto de lei que altera a estrutura organizacional da Pol\u00edcia Militar da Bahia (PM-BA). De acordo com o petista, a proposta reitera \u201co constante comprometimento do Governo com o aprimoramento da presta\u00e7\u00e3o dos servi\u00e7os de Seguran\u00e7a P\u00fablica em&hellip;","jetpack_sharing_enabled":true,"jetpack_likes_enabled":true,"_links":{"self":[{"href":"https:\/\/blogopara.com.br\/index.php\/wp-json\/wp\/v2\/posts\/59103","targetHints":{"allow":["GET"]}}],"collection":[{"href":"https:\/\/blogopara.com.br\/index.php\/wp-json\/wp\/v2\/posts"}],"about":[{"href":"https:\/\/blogopara.com.br\/index.php\/wp-json\/wp\/v2\/types\/post"}],"author":[{"embeddable":true,"href":"https:\/\/blogopara.com.br\/index.php\/wp-json\/wp\/v2\/users\/1"}],"replies":[{"embeddable":true,"href":"https:\/\/blogopara.com.br\/index.php\/wp-json\/wp\/v2\/comments?post=59103"}],"version-history":[{"count":1,"href":"https:\/\/blogopara.com.br\/index.php\/wp-json\/wp\/v2\/posts\/59103\/revisions"}],"predecessor-version":[{"id":59104,"href":"https:\/\/blogopara.com.br\/index.php\/wp-json\/wp\/v2\/posts\/59103\/revisions\/59104"}],"wp:featuredmedia":[{"embeddable":true,"href":"https:\/\/blogopara.com.br\/index.php\/wp-json\/wp\/v2\/media\/24245"}],"wp:attachment":[{"href":"https:\/\/blogopara.com.br\/index.php\/wp-json\/wp\/v2\/media?parent=59103"}],"wp:term":[{"taxonomy":"category","embeddable":true,"href":"https:\/\/blogopara.com.br\/index.php\/wp-json\/wp\/v2\/categories?post=59103"},{"taxonomy":"post_tag","embeddable":true,"href":"https:\/\/blogopara.com.br\/index.php\/wp-json\/wp\/v2\/tags?post=59103"}],"curies":[{"name":"wp","href":"https:\/\/api.w.org\/{rel}","templated":true}]}}