{"id":59125,"date":"2023-11-12T09:17:00","date_gmt":"2023-11-12T12:17:00","guid":{"rendered":"https:\/\/blogopara.com.br\/?p=59125"},"modified":"2023-11-11T16:20:05","modified_gmt":"2023-11-11T19:20:05","slug":"vereadora-renuncia-apos-chamar-jovem-com-deficiencia-de-castigo","status":"publish","type":"post","link":"https:\/\/blogopara.com.br\/index.php\/2023\/11\/12\/vereadora-renuncia-apos-chamar-jovem-com-deficiencia-de-castigo","title":{"rendered":"Vereadora renuncia ap\u00f3s chamar jovem com defici\u00eancia de castigo"},"content":{"rendered":"<p style=\"text-align: justify;\">A vereadora de Arcoverde, em Pernambuco, que chamou um jovem com autismo e com uma s\u00edndrome rara de \u201ccastigo de Deus\u201d, pediu a ren\u00fancia do cargo nesta sexta-feira, 10.<\/p>\n<p style=\"text-align: justify;\">Zirleide Monteiro (PTB) fez a declara\u00e7\u00e3o em uma sess\u00e3o da C\u00e2mara Municipal, em 30 de outubro. O jovem ofendido \u00e9 filho de um desafeto da vereadora.<\/p>\n<p style=\"text-align: justify;\">\u201cN\u00e3o preciso citar o nome da cidad\u00e3, que o castigo de Deus, ele d\u00e1 aqui em vida. Quando ela veio com um filho deficiente, \u00e9 porque ela tinha alguma conta a pagar l\u00e1 com aquele l\u00e1 de cima. Ela j\u00e1 veio para sofrer\u201d, disse Zirleide na ocasi\u00e3o.<\/p>\n<p style=\"text-align: justify;\">Na pr\u00f3pria sess\u00e3o, a fala foi repudiada pelo presidente da C\u00e2mara, Weverton Siqueira (Podemos). Nesta sexta-feira, 10, dia em que Zirleide anunciou a ren\u00fancia, uma comiss\u00e3o aprovou den\u00fancia contra a vereadora do PTB.<\/p>\n<p style=\"text-align: justify;\">O presidente da C\u00e2mara ainda n\u00e3o recebeu o of\u00edcio com a comunica\u00e7\u00e3o da ren\u00fancia e acredita que a documenta\u00e7\u00e3o deve ser entregue nesta segunda-feira, 13. No comunicado sobre a ren\u00fancia, Zirleide disse que se sente &#8220;com consci\u00eancia tranquila&#8221; e que &#8220;cumpriu seu papel&#8221;.<\/p>\n<p style=\"text-align: justify;\">Com informa\u00e7\u00f5es do UOL.<\/p>\n","protected":false},"excerpt":{"rendered":"<p>A vereadora de Arcoverde, em Pernambuco, que chamou um jovem com autismo e com uma s\u00edndrome rara de \u201ccastigo de Deus\u201d, pediu a ren\u00fancia do cargo nesta sexta-feira, 10. Zirleide Monteiro (PTB) fez a declara\u00e7\u00e3o em uma sess\u00e3o da C\u00e2mara Municipal, em 30 de outubro. O jovem ofendido \u00e9 filho de um desafeto da vereadora. [&hellip;]<\/p>\n","protected":false},"author":1,"featured_media":59126,"comment_status":"closed","ping_status":"open","sticky":false,"template":"","format":"standard","meta":{"_uag_custom_page_level_css":"","_monsterinsights_skip_tracking":false,"_monsterinsights_sitenote_active":false,"_monsterinsights_sitenote_note":"","_monsterinsights_sitenote_category":0,"jetpack_post_was_ever_published":false,"_jetpack_newsletter_access":"","_jetpack_dont_email_post_to_subs":false,"_jetpack_newsletter_tier_id":0,"_jetpack_memberships_contains_paywalled_content":false,"_jetpack_memberships_contains_paid_content":false,"footnotes":"","jetpack_publicize_message":"","jetpack_publicize_feature_enabled":true,"jetpack_social_post_already_shared":true,"jetpack_social_options":{"image_generator_settings":{"template":"highway","default_image_id":0,"font":"","enabled":false},"version":2}},"categories":[1507],"tags":[11126,683],"class_list":["post-59125","post","type-post","status-publish","format-standard","has-post-thumbnail","hentry","category-pernambuco","tag-atuacao-parlamentar","tag-autismo"],"jetpack_publicize_connections":[],"jetpack_featured_media_url":"https:\/\/blogopara.com.br\/wp-content\/uploads\/2023\/11\/vereadora-zirleide-monteiro-ptb-1698762111228_v2_1x1.jpg","uagb_featured_image_src":{"full":["https:\/\/blogopara.com.br\/wp-content\/uploads\/2023\/11\/vereadora-zirleide-monteiro-ptb-1698762111228_v2_1x1.jpg",500,500,false],"thumbnail":["https:\/\/blogopara.com.br\/wp-content\/uploads\/2023\/11\/vereadora-zirleide-monteiro-ptb-1698762111228_v2_1x1-150x150.jpg",150,150,true],"medium":["https:\/\/blogopara.com.br\/wp-content\/uploads\/2023\/11\/vereadora-zirleide-monteiro-ptb-1698762111228_v2_1x1-300x300.jpg",300,300,true],"medium_large":["https:\/\/blogopara.com.br\/wp-content\/uploads\/2023\/11\/vereadora-zirleide-monteiro-ptb-1698762111228_v2_1x1.jpg",500,500,false],"large":["https:\/\/blogopara.com.br\/wp-content\/uploads\/2023\/11\/vereadora-zirleide-monteiro-ptb-1698762111228_v2_1x1.jpg",500,500,false],"1536x1536":["https:\/\/blogopara.com.br\/wp-content\/uploads\/2023\/11\/vereadora-zirleide-monteiro-ptb-1698762111228_v2_1x1.jpg",500,500,false],"2048x2048":["https:\/\/blogopara.com.br\/wp-content\/uploads\/2023\/11\/vereadora-zirleide-monteiro-ptb-1698762111228_v2_1x1.jpg",500,500,false],"mantranews-slider-large":["https:\/\/blogopara.com.br\/wp-content\/uploads\/2023\/11\/vereadora-zirleide-monteiro-ptb-1698762111228_v2_1x1.jpg",500,500,false],"mantranews-featured-medium":["https:\/\/blogopara.com.br\/wp-content\/uploads\/2023\/11\/vereadora-zirleide-monteiro-ptb-1698762111228_v2_1x1-420x307.jpg",420,307,true],"mantranews-featured-long":["https:\/\/blogopara.com.br\/wp-content\/uploads\/2023\/11\/vereadora-zirleide-monteiro-ptb-1698762111228_v2_1x1-300x443.jpg",300,443,true],"mantranews-block-medium":["https:\/\/blogopara.com.br\/wp-content\/uploads\/2023\/11\/vereadora-zirleide-monteiro-ptb-1698762111228_v2_1x1-464x290.jpg",464,290,true],"mantranews-carousel-image":["https:\/\/blogopara.com.br\/wp-content\/uploads\/2023\/11\/vereadora-zirleide-monteiro-ptb-1698762111228_v2_1x1.jpg",500,500,false],"mantranews-block-thumb":["https:\/\/blogopara.com.br\/wp-content\/uploads\/2023\/11\/vereadora-zirleide-monteiro-ptb-1698762111228_v2_1x1-322x230.jpg",322,230,true],"mantranews-single-large":["https:\/\/blogopara.com.br\/wp-content\/uploads\/2023\/11\/vereadora-zirleide-monteiro-ptb-1698762111228_v2_1x1.jpg",500,500,false]},"uagb_author_info":{"display_name":"Reda\u00e7\u00e3o geral","author_link":"https:\/\/blogopara.com.br\/index.php\/author\/blogopara"},"uagb_comment_info":0,"uagb_excerpt":"A vereadora de Arcoverde, em Pernambuco, que chamou um jovem com autismo e com uma s\u00edndrome rara de \u201ccastigo de Deus\u201d, pediu a ren\u00fancia do cargo nesta sexta-feira, 10. Zirleide Monteiro (PTB) fez a declara\u00e7\u00e3o em uma sess\u00e3o da C\u00e2mara Municipal, em 30 de outubro. O jovem ofendido \u00e9 filho de um desafeto da vereadora.&hellip;","jetpack_sharing_enabled":true,"jetpack_likes_enabled":true,"_links":{"self":[{"href":"https:\/\/blogopara.com.br\/index.php\/wp-json\/wp\/v2\/posts\/59125","targetHints":{"allow":["GET"]}}],"collection":[{"href":"https:\/\/blogopara.com.br\/index.php\/wp-json\/wp\/v2\/posts"}],"about":[{"href":"https:\/\/blogopara.com.br\/index.php\/wp-json\/wp\/v2\/types\/post"}],"author":[{"embeddable":true,"href":"https:\/\/blogopara.com.br\/index.php\/wp-json\/wp\/v2\/users\/1"}],"replies":[{"embeddable":true,"href":"https:\/\/blogopara.com.br\/index.php\/wp-json\/wp\/v2\/comments?post=59125"}],"version-history":[{"count":1,"href":"https:\/\/blogopara.com.br\/index.php\/wp-json\/wp\/v2\/posts\/59125\/revisions"}],"predecessor-version":[{"id":59127,"href":"https:\/\/blogopara.com.br\/index.php\/wp-json\/wp\/v2\/posts\/59125\/revisions\/59127"}],"wp:featuredmedia":[{"embeddable":true,"href":"https:\/\/blogopara.com.br\/index.php\/wp-json\/wp\/v2\/media\/59126"}],"wp:attachment":[{"href":"https:\/\/blogopara.com.br\/index.php\/wp-json\/wp\/v2\/media?parent=59125"}],"wp:term":[{"taxonomy":"category","embeddable":true,"href":"https:\/\/blogopara.com.br\/index.php\/wp-json\/wp\/v2\/categories?post=59125"},{"taxonomy":"post_tag","embeddable":true,"href":"https:\/\/blogopara.com.br\/index.php\/wp-json\/wp\/v2\/tags?post=59125"}],"curies":[{"name":"wp","href":"https:\/\/api.w.org\/{rel}","templated":true}]}}