{"id":59263,"date":"2023-11-16T07:00:00","date_gmt":"2023-11-16T10:00:00","guid":{"rendered":"https:\/\/blogopara.com.br\/?p=59263"},"modified":"2023-11-15T22:36:30","modified_gmt":"2023-11-16T01:36:30","slug":"bispo-e-motorista-por-app-sao-presos-suspeitos-de-envolvimento-na-morte-da-cantora-gospel-sara-mariano","status":"publish","type":"post","link":"https:\/\/blogopara.com.br\/index.php\/2023\/11\/16\/bispo-e-motorista-por-app-sao-presos-suspeitos-de-envolvimento-na-morte-da-cantora-gospel-sara-mariano","title":{"rendered":"Bispo e motorista por app s\u00e3o presos suspeitos de envolvimento na morte da cantora gospel Sara Mariano"},"content":{"rendered":"<div id=\"chunk-csdn1\">\n<div class=\"mc-column content-text active-extra-styles \" data-block-type=\"unstyled\" data-block-weight=\"49\" data-block-id=\"3\">\n<p class=\" content-text__container \" style=\"text-align: justify;\" data-track-category=\"Link no Texto\" data-track-links=\"\">O terceiro suspeito de envolvimento na\u00a0morte da cantora gospel\u00a0<strong>Sara Mariano<\/strong>\u00a0foi preso nesta quarta-feira (15), em\u00a0Cama\u00e7ari, na Regi\u00e3o Metropolitana de\u00a0Salvador\u00a0(RMS). O homem foi identificado Gide\u00e3o Duarte, e teria dirigido o carro em que a v\u00edtima estava momentos antes de\u00a0desaparecer, em 24 de outubro.<\/p>\n<\/div>\n<\/div>\n<div class=\"wall protected-content\">\n<div id=\"chunk-c81ok\" style=\"text-align: justify;\">\n<div class=\"mc-column content-text active-extra-styles \" data-block-type=\"unstyled\" data-block-weight=\"58\" data-block-id=\"6\">\n<p class=\" content-text__container \" data-track-category=\"Link no Texto\" data-track-links=\"\">Gide\u00e3o foi encontrado por policiais na casa onde mora, por voltadas 7h. Durante a investiga\u00e7\u00e3o do caso, ele foi apontado como um motorista por aplicativo que teria feito uma corrida para Sara. O\u00a0carro dirigido na ocasi\u00e3o n\u00e3o era dele, mas sim de um vizinho, o empres\u00e1rio Hugo Ricardo Cora, tamb\u00e9m conhecido na comunidade religiosa como &#8220;Ap\u00f3stolo Hugo&#8221;.<\/p>\n<\/div>\n<\/div>\n<div id=\"chunk-5k2pt\" style=\"text-align: justify;\">\n<div class=\"mc-column content-text active-extra-styles \" data-block-type=\"unstyled\" data-block-weight=\"31\" data-block-id=\"8\">\n<p class=\" content-text__container \" data-track-category=\"Link no Texto\" data-track-links=\"\">Quando soube que o ve\u00edculo estava envolvido no crime, o empres\u00e1rio foi at\u00e9 a delegacia e explicou que havia emprestado o carro. Na ocasi\u00e3o, Gide\u00e3o foi ouvido na delegacia e liberado.<\/p>\n<\/div>\n<\/div>\n<div id=\"chunk-4arn0\" style=\"text-align: justify;\">\n<div class=\"mc-column content-text active-extra-styles\" data-block-type=\"raw\" data-block-weight=\"2\" data-block-id=\"10\">\n<div class=\"content-intertitle\">\n<h4>Outras pris\u00f5es<\/h4>\n<\/div>\n<\/div>\n<\/div>\n<div id=\"chunk-24m8a\" style=\"text-align: justify;\">\n<div class=\"mc-column content-text active-extra-styles \" data-block-type=\"unstyled\" data-block-weight=\"51\" data-block-id=\"11\">\n<p class=\" content-text__container \" data-track-category=\"Link no Texto\" data-track-links=\"\">A pris\u00e3o de Gide\u00e3o \u00e9 a terceira do caso Sara Mariano. A\u00a0segunda pris\u00e3o referente ao caso ocorreu na noite de ter\u00e7a-feira (14), na Ilha de Itaparica.\u00a0O homem foi identificado como\u00a0<strong>Bispo Zadoque<\/strong>, que tem atua\u00e7\u00e3o em igrejas evang\u00e9licas na Regi\u00e3o Metropolitana de Salvador (RMS).\u00a0<strong><em>[Veja a foto dele abaixo]<\/em><\/strong><\/p>\n<p class=\" content-text__container \" data-track-category=\"Link no Texto\" data-track-links=\"\"><span style=\"color: initial;\">\u201cConforme as investiga\u00e7\u00f5es, o suposto l\u00edder religioso e o motorista de aplicativo s\u00e3o suspeitos de participa\u00e7\u00e3o na log\u00edstica e execu\u00e7\u00e3o, bem como no ato de incendiar o corpo e na tentativa de omitir provas\u201d, afirmou o delegado Euvaldo Costa, titular da 25\u00aa Delegacia Territorial de\u00a0<\/span>Dias D&#8217;\u00c1vila<span style=\"color: initial;\">, respons\u00e1vel pelas investiga\u00e7\u00f5es.<\/span><\/p>\n<\/div>\n<\/div>\n<div id=\"chunk-9igqo\" style=\"text-align: justify;\">\n<div class=\"mc-column content-text active-extra-styles \" data-block-type=\"unstyled\" data-block-weight=\"51\" data-block-id=\"14\">\n<p class=\" content-text__container \" data-track-category=\"Link no Texto\" data-track-links=\"\">Segundo a Pol\u00edcia Civil, a dupla foi identificada ap\u00f3s diversas dilig\u00eancias investigativas, a exemplo da coleta de depoimentos de testemunhas, an\u00e1lises de imagens de c\u00e2meras de videomonitoramento da Secretaria da Seguran\u00e7a P\u00fablica e de c\u00e2meras particulares, que auxiliaram nas investiga\u00e7\u00f5es. Laudos periciais s\u00e3o aguardados para complementar a apura\u00e7\u00e3o do caso.<\/p>\n<\/div>\n<\/div>\n<div id=\"chunk-6q12l\" style=\"text-align: justify;\">\n<div class=\"row medium-uncollapsed content-media content-photo\" data-block-type=\"backstage-photo\" data-block-id=\"15\">\n<div class=\" mc-column  content-media__container\">\n<div class=\"content-media-container glb-skeleton-box\">\n<figure class=\"content-media-figure\">\n<p><figure style=\"width: 647px\" class=\"wp-caption aligncenter\"><img loading=\"lazy\" decoding=\"async\" class=\"i-amphtml-fill-content i-amphtml-replaced-content\" src=\"https:\/\/s2-g1.glbimg.com\/jd1DbJ7BPQ_gPvZVBbD2q-6Bb68=\/0x0:646x639\/984x0\/smart\/filters:strip_icc()\/i.s3.glbimg.com\/v1\/AUTH_59edd422c0c84a879bd37670ae4f538a\/internal_photos\/bs\/2023\/E\/t\/rBlvNzSBeY4k0myY5XlA\/whatsapp-image-2023-11-15-at-10.48.31.jpeg\" sizes=\"auto, (max-width: 1366px) 648px, 100vw\" srcset=\"https:\/\/s2-g1.glbimg.com\/Y1Wk1z3SseyR97fFpRSX0fUETqY=\/0x0:646x639\/1000x0\/smart\/filters:strip_icc()\/i.s3.glbimg.com\/v1\/AUTH_59edd422c0c84a879bd37670ae4f538a\/internal_photos\/bs\/2023\/E\/t\/rBlvNzSBeY4k0myY5XlA\/whatsapp-image-2023-11-15-at-10.48.31.jpeg 1000w, https:\/\/s2-g1.glbimg.com\/jd1DbJ7BPQ_gPvZVBbD2q-6Bb68=\/0x0:646x639\/984x0\/smart\/filters:strip_icc()\/i.s3.glbimg.com\/v1\/AUTH_59edd422c0c84a879bd37670ae4f538a\/internal_photos\/bs\/2023\/E\/t\/rBlvNzSBeY4k0myY5XlA\/whatsapp-image-2023-11-15-at-10.48.31.jpeg 984w, https:\/\/s2-g1.glbimg.com\/b8nN7rFSKi6uHpDZUXcRViJbwXk=\/0x0:646x639\/640x0\/smart\/filters:strip_icc()\/i.s3.glbimg.com\/v1\/AUTH_59edd422c0c84a879bd37670ae4f538a\/internal_photos\/bs\/2023\/E\/t\/rBlvNzSBeY4k0myY5XlA\/whatsapp-image-2023-11-15-at-10.48.31.jpeg 640w, https:\/\/s2-g1.glbimg.com\/vAAi1-_jfNlcaK9WjezmFUIrF4w=\/0x0:646x639\/600x0\/smart\/filters:strip_icc()\/i.s3.glbimg.com\/v1\/AUTH_59edd422c0c84a879bd37670ae4f538a\/internal_photos\/bs\/2023\/E\/t\/rBlvNzSBeY4k0myY5XlA\/whatsapp-image-2023-11-15-at-10.48.31.jpeg 600w\" alt=\"Bispo Zadoque foi preso por suspeita de envolvimento na morte da cantora gospel Sara Mariano \u2014 Foto: Redes sociais\" width=\"647\" height=\"640\" \/><figcaption class=\"wp-caption-text\">Bispo Zadoque foi preso por suspeita de envolvimento na morte da cantora gospel Sara Mariano \u2014 Foto: Redes sociais<\/figcaption><\/figure><\/figure>\n<\/div>\n<\/div>\n<\/div>\n<\/div>\n<div id=\"chunk-3ce3c\" style=\"text-align: justify;\">\n<div class=\"mc-column content-text active-extra-styles \" data-block-type=\"unstyled\" data-block-weight=\"58\" data-block-id=\"16\">\n<p class=\" content-text__container \" data-track-category=\"Link no Texto\" data-track-links=\"\">Ainda de acordo com o delegado, o ex-marido de Sara, Ederlan Santos Mariano, figura como mandante do crime. \u201cAs investiga\u00e7\u00f5es apontam que o ex-marido da v\u00edtima deu valores em dinheiro para os autores e promo\u00e7\u00f5es art\u00edsticas para o suposto l\u00edder religioso. As investiga\u00e7\u00f5es continuam, para individualizar as condutas dos envolvidos e identificar a possibilidade de mais participa\u00e7\u00f5es\u201d.<\/p>\n<\/div>\n<\/div>\n<div id=\"chunk-dndd3\" style=\"text-align: justify;\">\n<div class=\"mc-column content-text active-extra-styles \" data-block-type=\"unstyled\" data-block-weight=\"37\" data-block-id=\"18\">\n<p class=\" content-text__container \" data-track-category=\"Link no Texto\" data-track-links=\"\">Ederlan\u00a0foi detido no dia 28 de outubro, quatro dias ap\u00f3s o desaparecimento da v\u00edtima. Os delegados que atuam no caso afirmam que ele admitiu o crime. No entanto, a defesa de Ederlan nega a confiss\u00e3o.<\/p>\n<\/div>\n<\/div>\n<div id=\"chunk-4i6h0\" style=\"text-align: justify;\">\n<div class=\"row medium-uncollapsed content-media content-photo\" data-block-type=\"backstage-photo\" data-block-id=\"19\">\n<div class=\" mc-column  content-media__container\">\n<div class=\"content-media-container glb-skeleton-box\">\n<figure class=\"content-media-figure\">\n<p><figure style=\"width: 647px\" class=\"wp-caption aligncenter\"><img loading=\"lazy\" decoding=\"async\" class=\"i-amphtml-fill-content i-amphtml-replaced-content\" src=\"https:\/\/s2-g1.glbimg.com\/HdPCtjSxdBhyQImxnQcjFf2hWuU=\/0x0:1036x1280\/984x0\/smart\/filters:strip_icc()\/i.s3.glbimg.com\/v1\/AUTH_59edd422c0c84a879bd37670ae4f538a\/internal_photos\/bs\/2023\/V\/i\/YO4JNWSOOfL0nJqRMwqA\/whatsapp-image-2023-10-26-at-13.16.03-1-.jpeg\" sizes=\"auto, (max-width: 1366px) 648px, 100vw\" srcset=\"https:\/\/s2-g1.glbimg.com\/Mlv5bpoU19X_shbGEz_jZcW6830=\/0x0:1036x1280\/1000x0\/smart\/filters:strip_icc()\/i.s3.glbimg.com\/v1\/AUTH_59edd422c0c84a879bd37670ae4f538a\/internal_photos\/bs\/2023\/V\/i\/YO4JNWSOOfL0nJqRMwqA\/whatsapp-image-2023-10-26-at-13.16.03-1-.jpeg 1000w, https:\/\/s2-g1.glbimg.com\/HdPCtjSxdBhyQImxnQcjFf2hWuU=\/0x0:1036x1280\/984x0\/smart\/filters:strip_icc()\/i.s3.glbimg.com\/v1\/AUTH_59edd422c0c84a879bd37670ae4f538a\/internal_photos\/bs\/2023\/V\/i\/YO4JNWSOOfL0nJqRMwqA\/whatsapp-image-2023-10-26-at-13.16.03-1-.jpeg 984w, https:\/\/s2-g1.glbimg.com\/xmcV0qnRt9SwHgHIxxKF0mQI-NY=\/0x0:1036x1280\/640x0\/smart\/filters:strip_icc()\/i.s3.glbimg.com\/v1\/AUTH_59edd422c0c84a879bd37670ae4f538a\/internal_photos\/bs\/2023\/V\/i\/YO4JNWSOOfL0nJqRMwqA\/whatsapp-image-2023-10-26-at-13.16.03-1-.jpeg 640w, https:\/\/s2-g1.glbimg.com\/FFu-SFAsbAk8mbkqoOUYGs4dv20=\/0x0:1036x1280\/600x0\/smart\/filters:strip_icc()\/i.s3.glbimg.com\/v1\/AUTH_59edd422c0c84a879bd37670ae4f538a\/internal_photos\/bs\/2023\/V\/i\/YO4JNWSOOfL0nJqRMwqA\/whatsapp-image-2023-10-26-at-13.16.03-1-.jpeg 600w\" alt=\"Sara Mariano e o Ederlan Santos Mariano \u2014 Foto: Reprodu\u00e7\u00e3o\/Redes Sociais\" width=\"647\" height=\"800\" \/><figcaption class=\"wp-caption-text\">Sara Mariano e o Ederlan Santos Mariano \u2014 Foto: Reprodu\u00e7\u00e3o\/Redes Sociais<\/figcaption><\/figure><\/figure>\n<\/div>\n<\/div>\n<\/div>\n<\/div>\n<div id=\"chunk-5got3\" style=\"text-align: justify;\">\n<div class=\"mc-column content-text active-extra-styles \" data-block-type=\"unstyled\" data-block-weight=\"33\" data-block-id=\"20\">\n<p class=\" content-text__container \" data-track-category=\"Link no Texto\" data-track-links=\"\">J\u00e1 o advogado de defesa de Gide\u00e3o, Carlos Augusto Vaz, afirma que o cliente \u00e9 inocente. Ele era o motorista de confian\u00e7a de Sara e era acostumado a lev\u00e1-la para diversos eventos.<\/p>\n<\/div>\n<\/div>\n<div id=\"chunk-eb4bt\" style=\"text-align: justify;\">\n<div class=\"mc-column content-text active-extra-styles \" data-block-type=\"unstyled\" data-block-weight=\"53\" data-block-id=\"21\">\n<p class=\" content-text__container \" data-track-category=\"Link no Texto\" data-track-links=\"\">No dia do crime, o advogado diz que o cliente teria sido convidado pelo Bispo a levar Sara a mais um evento. &#8220;Ele a levou at\u00e9 o local, a entregou para o Bispo e depois disso n\u00e3o tem mais ci\u00eancia do que ocorreu\u201d, alegou. A reportagem tenta localizar a defesa do Bispo Zadoque.<\/p>\n<\/div>\n<\/div>\n<div id=\"chunk-fvhaj\" style=\"text-align: justify;\">\n<div class=\"mc-column content-text active-extra-styles\" data-block-type=\"raw\" data-block-weight=\"3\" data-block-id=\"23\">\n<div class=\"content-intertitle\">\n<h2>Relembre o caso<\/h2>\n<\/div>\n<\/div>\n<\/div>\n<div id=\"chunk-94oe0\" style=\"text-align: justify;\">\n<div class=\"mc-column content-text active-extra-styles \" data-block-type=\"unstyled\" data-block-weight=\"50\" data-block-id=\"25\">\n<p class=\" content-text__container \" data-track-category=\"Link no Texto\" data-track-links=\"\">Sara Mariano foi vista pela \u00faltima vez com vida na noite do dia 24 de outubro, ao deixar a casa da fam\u00edlia. Na ocasi\u00e3o, Ederlan Mariano registrou boletim de ocorr\u00eancia pelo desaparecimento da esposa, e afirmou que ela tinha sa\u00eddo com destino a eventos religiosos, mas alegou n\u00e3o saber quais.<\/p>\n<\/div>\n<\/div>\n<div id=\"chunk-e3hso\" style=\"text-align: justify;\">\n<div class=\"mc-column content-text active-extra-styles \" data-block-type=\"unstyled\" data-block-weight=\"73\" data-block-id=\"26\">\n<p class=\" content-text__container \" data-track-category=\"Link no Texto\" data-track-links=\"\">Ele disse ainda \u00e0 pol\u00edcia que uma c\u00e2mera de seguran\u00e7a flagrou o momento em que Sara deixou a resid\u00eancia e entrou em um carro, por\u00e9m, afirmou n\u00e3o saber quem era o motorista que a levou.Ederlan chegou a pedir, nas redes sociaisi e na imprensa, para que as pessoas o ajudassem a descobrir onde a esposa estava, e garantiu que n\u00e3o houve brigas entre eles. Juntos, o casal teve uma filha de 11 anos.<\/p>\n<\/div>\n<\/div>\n<div id=\"chunk-68kds\" style=\"text-align: justify;\">\n<div class=\"row medium-uncollapsed content-media content-photo\" data-block-type=\"backstage-photo\" data-block-id=\"28\">\n<div class=\" mc-column  content-media__container\">\n<div class=\"content-media-container glb-skeleton-box\">\n<figure class=\"content-media-figure\">\n<p><figure style=\"width: 647px\" class=\"wp-caption aligncenter\"><img loading=\"lazy\" decoding=\"async\" class=\"i-amphtml-fill-content i-amphtml-replaced-content\" src=\"https:\/\/s2-g1.glbimg.com\/d2dp5LtYnzFWFtsTCNhuLgSnzY0=\/0x86:1242x1055\/984x0\/smart\/filters:strip_icc()\/i.s3.glbimg.com\/v1\/AUTH_59edd422c0c84a879bd37670ae4f538a\/internal_photos\/bs\/2023\/z\/d\/SBtYCPSPeQa00YUAmLAA\/whatsapp-image-2023-10-26-at-13.16.04.jpeg\" sizes=\"auto, (max-width: 1366px) 648px, 100vw\" srcset=\"https:\/\/s2-g1.glbimg.com\/K7bsvF9HH1FBErOmuNjYtNkSqV4=\/0x86:1242x1055\/1000x0\/smart\/filters:strip_icc()\/i.s3.glbimg.com\/v1\/AUTH_59edd422c0c84a879bd37670ae4f538a\/internal_photos\/bs\/2023\/z\/d\/SBtYCPSPeQa00YUAmLAA\/whatsapp-image-2023-10-26-at-13.16.04.jpeg 1000w, https:\/\/s2-g1.glbimg.com\/d2dp5LtYnzFWFtsTCNhuLgSnzY0=\/0x86:1242x1055\/984x0\/smart\/filters:strip_icc()\/i.s3.glbimg.com\/v1\/AUTH_59edd422c0c84a879bd37670ae4f538a\/internal_photos\/bs\/2023\/z\/d\/SBtYCPSPeQa00YUAmLAA\/whatsapp-image-2023-10-26-at-13.16.04.jpeg 984w, https:\/\/s2-g1.glbimg.com\/PlsiZacGhYZoY_CXwbUK_fpCvQo=\/0x86:1242x1055\/640x0\/smart\/filters:strip_icc()\/i.s3.glbimg.com\/v1\/AUTH_59edd422c0c84a879bd37670ae4f538a\/internal_photos\/bs\/2023\/z\/d\/SBtYCPSPeQa00YUAmLAA\/whatsapp-image-2023-10-26-at-13.16.04.jpeg 640w, https:\/\/s2-g1.glbimg.com\/NKYOHDrrM-CE0QtusNt15yCHA0Q=\/0x86:1242x1055\/600x0\/smart\/filters:strip_icc()\/i.s3.glbimg.com\/v1\/AUTH_59edd422c0c84a879bd37670ae4f538a\/internal_photos\/bs\/2023\/z\/d\/SBtYCPSPeQa00YUAmLAA\/whatsapp-image-2023-10-26-at-13.16.04.jpeg 600w\" alt=\"Sara Mariano desapareceu na noite de ter\u00e7a-feira \u2014 Foto: Reprodu\u00e7\u00e3o\/Redes Sociais\" width=\"647\" height=\"505\" \/><figcaption class=\"wp-caption-text\">Sara Mariano desapareceu na noite de ter\u00e7a-feira \u2014 Foto: Reprodu\u00e7\u00e3o\/Redes Sociais<\/figcaption><\/figure><\/figure>\n<\/div>\n<\/div>\n<\/div>\n<\/div>\n<div id=\"chunk-39dbt\" style=\"text-align: justify;\">\n<div class=\"mc-column content-text active-extra-styles \" data-block-type=\"unstyled\" data-block-weight=\"41\" data-block-id=\"29\">\n<p class=\" content-text__container \" data-track-category=\"Link no Texto\" data-track-links=\"\">Na tarde do dia 27 de outubro, tr\u00eas dias ap\u00f3s o\u00a0desaparecimento, o\u00a0corpo de uma mulher foi encontrado\u00a0parcialmente queimado, em uma \u00e1rea de mata \u00e0s margens da BA-093, na regi\u00e3o de Dias D&#8217;\u00c1vila, cidade da Regi\u00e3o Metropolitana de Salvador.<\/p>\n<\/div>\n<\/div>\n<div id=\"chunk-2n089\" style=\"text-align: justify;\">\n<div class=\"row medium-uncollapsed content-media content-photo\" data-block-type=\"backstage-photo\" data-block-id=\"30\">\n<div class=\" mc-column  content-media__container\">\n<div class=\"content-media-container glb-skeleton-box\">\n<figure class=\"content-media-figure\">\n<p><figure style=\"width: 647px\" class=\"wp-caption aligncenter\"><img loading=\"lazy\" decoding=\"async\" class=\"i-amphtml-fill-content i-amphtml-replaced-content\" src=\"https:\/\/s2-g1.glbimg.com\/PLDpn9AI0cipexKmbPUfXaJM1Vg=\/0x0:1345x738\/984x0\/smart\/filters:strip_icc()\/i.s3.glbimg.com\/v1\/AUTH_59edd422c0c84a879bd37670ae4f538a\/internal_photos\/bs\/2023\/w\/R\/jsLXNuQrGyp0Iy8cMBpA\/whatsapp-image-2023-10-27-at-19.14.44.png\" sizes=\"auto, (max-width: 1366px) 648px, 100vw\" srcset=\"https:\/\/s2-g1.glbimg.com\/50VwzvJGzWerAKTOGkfF-YsAIh4=\/0x0:1345x738\/1000x0\/smart\/filters:strip_icc()\/i.s3.glbimg.com\/v1\/AUTH_59edd422c0c84a879bd37670ae4f538a\/internal_photos\/bs\/2023\/w\/R\/jsLXNuQrGyp0Iy8cMBpA\/whatsapp-image-2023-10-27-at-19.14.44.png 1000w, https:\/\/s2-g1.glbimg.com\/PLDpn9AI0cipexKmbPUfXaJM1Vg=\/0x0:1345x738\/984x0\/smart\/filters:strip_icc()\/i.s3.glbimg.com\/v1\/AUTH_59edd422c0c84a879bd37670ae4f538a\/internal_photos\/bs\/2023\/w\/R\/jsLXNuQrGyp0Iy8cMBpA\/whatsapp-image-2023-10-27-at-19.14.44.png 984w, https:\/\/s2-g1.glbimg.com\/61Vw6qJ0KfnyA7_PCMJOxsB7s-4=\/0x0:1345x738\/640x0\/smart\/filters:strip_icc()\/i.s3.glbimg.com\/v1\/AUTH_59edd422c0c84a879bd37670ae4f538a\/internal_photos\/bs\/2023\/w\/R\/jsLXNuQrGyp0Iy8cMBpA\/whatsapp-image-2023-10-27-at-19.14.44.png 640w, https:\/\/s2-g1.glbimg.com\/iTRYh_nmMVXiYJtfZ5l1U9A_13s=\/0x0:1345x738\/600x0\/smart\/filters:strip_icc()\/i.s3.glbimg.com\/v1\/AUTH_59edd422c0c84a879bd37670ae4f538a\/internal_photos\/bs\/2023\/w\/R\/jsLXNuQrGyp0Iy8cMBpA\/whatsapp-image-2023-10-27-at-19.14.44.png 600w\" alt=\"Corpo de Sara Mariano foi encontrado em uma \u00e1rea de mata \u00e0s margens da BA-093, no trecho da cidade de Dias D'\u00c1vila \u2014 Foto: Reprodu\u00e7\u00e3o\/TV Bahia\" width=\"647\" height=\"355\" \/><figcaption class=\"wp-caption-text\">Corpo de Sara Mariano foi encontrado em uma \u00e1rea de mata \u00e0s margens da BA-093, no trecho da cidade de Dias D&#8217;\u00c1vila \u2014 Foto: Reprodu\u00e7\u00e3o\/TV Bahia<\/figcaption><\/figure><\/figure>\n<\/div>\n<\/div>\n<\/div>\n<\/div>\n<div id=\"chunk-1l22h\" style=\"text-align: justify;\">\n<div class=\"mc-column content-text active-extra-styles \" data-block-type=\"unstyled\" data-block-weight=\"44\" data-block-id=\"32\">\n<p class=\" content-text__container \" data-track-category=\"Link no Texto\" data-track-links=\"\">Para a Pol\u00edcia Civil, Ederlan reconheceu que se tratava de Sara, j\u00e1 que um anel e a sand\u00e1lia dela foram achados pr\u00f3ximos ao cad\u00e1ver. A vers\u00e3o de Ederlan sobre o suposto evento gospel\u00a0foi contestada por um pastor, amigo de Sara, no mesmo dia.<\/p>\n<\/div>\n<\/div>\n<div id=\"chunk-fdifc\" style=\"text-align: justify;\">\n<div class=\"mc-column content-text active-extra-styles \" data-block-type=\"unstyled\" data-block-weight=\"42\" data-block-id=\"33\">\n<p class=\" content-text__container \" data-track-category=\"Link no Texto\" data-track-links=\"\">Segundo o l\u00edder religioso Andr\u00e9 Santos,\u00a0n\u00e3o houve nenhum evento em igrejas do munic\u00edpio no dia e hor\u00e1rio relatado por Ederlan. Apesar disso, a pr\u00f3pria Sara havia publicado nas redes sociais que estava a caminho de Dias D&#8217;\u00c1vila, horas antes do desaparecimento.<\/p>\n<\/div>\n<\/div>\n<div id=\"chunk-etdo8\" style=\"text-align: justify;\">\n<div class=\"mc-column content-text active-extra-styles \" data-block-type=\"unstyled\" data-block-weight=\"51\" data-block-id=\"36\">\n<p class=\" content-text__container \" data-track-category=\"Link no Texto\" data-track-links=\"\">Soraya, irm\u00e3 de Sara, tamb\u00e9m questionou as informa\u00e7\u00f5es passadas pelo marido da v\u00edtima, e disse que n\u00e3o acreditava na vers\u00e3o dele. A m\u00e3e de Sara, Dolores Freitas, contou que a filha\u00a0havia dito que tomaria uma decis\u00e3o importante no dia que desapareceu, no entanto, n\u00e3o chegou a falar o que seria.<\/p>\n<\/div>\n<\/div>\n<div id=\"chunk-86u8v\" style=\"text-align: justify;\">\n<div class=\"mc-column content-text active-extra-styles \" data-block-type=\"unstyled\" data-block-weight=\"21\" data-block-id=\"37\">\n<p class=\" content-text__container \" data-track-category=\"Link no Texto\" data-track-links=\"\">O corpo de Sara Mariano foi sepultado no dia 30 de outubro, em Salvador, sob forte como\u00e7\u00e3o de amigos e familiares.<\/p>\n<p data-track-category=\"Link no Texto\" data-track-links=\"\"><em>Fonte: g1 Bahia<\/em><\/p>\n<\/div>\n<\/div>\n<\/div>\n","protected":false},"excerpt":{"rendered":"<p>O terceiro suspeito de envolvimento na\u00a0morte da cantora gospel\u00a0Sara Mariano\u00a0foi preso nesta quarta-feira (15), em\u00a0Cama\u00e7ari, na Regi\u00e3o Metropolitana de\u00a0Salvador\u00a0(RMS). O homem foi identificado Gide\u00e3o Duarte, e teria dirigido o carro em que a v\u00edtima estava momentos antes de\u00a0desaparecer, em 24 de outubro. Gide\u00e3o foi encontrado por policiais na casa onde mora, por voltadas 7h. Durante [&hellip;]<\/p>\n","protected":false},"author":1,"featured_media":59264,"comment_status":"closed","ping_status":"open","sticky":false,"template":"","format":"standard","meta":{"_uag_custom_page_level_css":"","_monsterinsights_skip_tracking":false,"_monsterinsights_sitenote_active":false,"_monsterinsights_sitenote_note":"","_monsterinsights_sitenote_category":0,"jetpack_post_was_ever_published":false,"_jetpack_newsletter_access":"","_jetpack_dont_email_post_to_subs":false,"_jetpack_newsletter_tier_id":0,"_jetpack_memberships_contains_paywalled_content":false,"_jetpack_memberships_contains_paid_content":false,"footnotes":"","jetpack_publicize_message":"","jetpack_publicize_feature_enabled":true,"jetpack_social_post_already_shared":true,"jetpack_social_options":{"image_generator_settings":{"template":"highway","default_image_id":0,"font":"","enabled":false},"version":2}},"categories":[199,202],"tags":[672,11,2928,11108],"class_list":["post-59263","post","type-post","status-publish","format-standard","has-post-thumbnail","hentry","category-bahia","category-policia","tag-assassinato","tag-bahia","tag-camacari","tag-sara-mariano"],"jetpack_publicize_connections":[],"jetpack_featured_media_url":"https:\/\/blogopara.com.br\/wp-content\/uploads\/2023\/11\/bispo-e1700098578315.png","uagb_featured_image_src":{"full":["https:\/\/blogopara.com.br\/wp-content\/uploads\/2023\/11\/bispo-e1700098578315.png",500,365,false],"thumbnail":["https:\/\/blogopara.com.br\/wp-content\/uploads\/2023\/11\/bispo-150x150.png",150,150,true],"medium":["https:\/\/blogopara.com.br\/wp-content\/uploads\/2023\/11\/bispo-300x219.png",300,219,true],"medium_large":["https:\/\/blogopara.com.br\/wp-content\/uploads\/2023\/11\/bispo-e1700098578315.png",500,365,false],"large":["https:\/\/blogopara.com.br\/wp-content\/uploads\/2023\/11\/bispo-e1700098578315.png",500,365,false],"1536x1536":["https:\/\/blogopara.com.br\/wp-content\/uploads\/2023\/11\/bispo-e1700098578315.png",500,365,false],"2048x2048":["https:\/\/blogopara.com.br\/wp-content\/uploads\/2023\/11\/bispo-e1700098578315.png",500,365,false],"mantranews-slider-large":["https:\/\/blogopara.com.br\/wp-content\/uploads\/2023\/11\/bispo-e1700098578315.png",500,365,false],"mantranews-featured-medium":["https:\/\/blogopara.com.br\/wp-content\/uploads\/2023\/11\/bispo-420x307.png",420,307,true],"mantranews-featured-long":["https:\/\/blogopara.com.br\/wp-content\/uploads\/2023\/11\/bispo-300x443.png",300,443,true],"mantranews-block-medium":["https:\/\/blogopara.com.br\/wp-content\/uploads\/2023\/11\/bispo-464x290.png",464,290,true],"mantranews-carousel-image":["https:\/\/blogopara.com.br\/wp-content\/uploads\/2023\/11\/bispo-600x479.png",600,479,true],"mantranews-block-thumb":["https:\/\/blogopara.com.br\/wp-content\/uploads\/2023\/11\/bispo-322x230.png",322,230,true],"mantranews-single-large":["https:\/\/blogopara.com.br\/wp-content\/uploads\/2023\/11\/bispo-e1700098578315.png",500,365,false]},"uagb_author_info":{"display_name":"Reda\u00e7\u00e3o geral","author_link":"https:\/\/blogopara.com.br\/index.php\/author\/blogopara"},"uagb_comment_info":0,"uagb_excerpt":"O terceiro suspeito de envolvimento na\u00a0morte da cantora gospel\u00a0Sara Mariano\u00a0foi preso nesta quarta-feira (15), em\u00a0Cama\u00e7ari, na Regi\u00e3o Metropolitana de\u00a0Salvador\u00a0(RMS). O homem foi identificado Gide\u00e3o Duarte, e teria dirigido o carro em que a v\u00edtima estava momentos antes de\u00a0desaparecer, em 24 de outubro. Gide\u00e3o foi encontrado por policiais na casa onde mora, por voltadas 7h. Durante&hellip;","jetpack_sharing_enabled":true,"jetpack_likes_enabled":true,"_links":{"self":[{"href":"https:\/\/blogopara.com.br\/index.php\/wp-json\/wp\/v2\/posts\/59263","targetHints":{"allow":["GET"]}}],"collection":[{"href":"https:\/\/blogopara.com.br\/index.php\/wp-json\/wp\/v2\/posts"}],"about":[{"href":"https:\/\/blogopara.com.br\/index.php\/wp-json\/wp\/v2\/types\/post"}],"author":[{"embeddable":true,"href":"https:\/\/blogopara.com.br\/index.php\/wp-json\/wp\/v2\/users\/1"}],"replies":[{"embeddable":true,"href":"https:\/\/blogopara.com.br\/index.php\/wp-json\/wp\/v2\/comments?post=59263"}],"version-history":[{"count":1,"href":"https:\/\/blogopara.com.br\/index.php\/wp-json\/wp\/v2\/posts\/59263\/revisions"}],"predecessor-version":[{"id":59265,"href":"https:\/\/blogopara.com.br\/index.php\/wp-json\/wp\/v2\/posts\/59263\/revisions\/59265"}],"wp:featuredmedia":[{"embeddable":true,"href":"https:\/\/blogopara.com.br\/index.php\/wp-json\/wp\/v2\/media\/59264"}],"wp:attachment":[{"href":"https:\/\/blogopara.com.br\/index.php\/wp-json\/wp\/v2\/media?parent=59263"}],"wp:term":[{"taxonomy":"category","embeddable":true,"href":"https:\/\/blogopara.com.br\/index.php\/wp-json\/wp\/v2\/categories?post=59263"},{"taxonomy":"post_tag","embeddable":true,"href":"https:\/\/blogopara.com.br\/index.php\/wp-json\/wp\/v2\/tags?post=59263"}],"curies":[{"name":"wp","href":"https:\/\/api.w.org\/{rel}","templated":true}]}}