{"id":59275,"date":"2023-11-16T11:21:10","date_gmt":"2023-11-16T14:21:10","guid":{"rendered":"https:\/\/blogopara.com.br\/?p=59275"},"modified":"2023-11-16T11:21:11","modified_gmt":"2023-11-16T14:21:11","slug":"juazeiro-sediara-festival-e-5-etapa-baiana-de-bandas-e-fanfarras","status":"publish","type":"post","link":"https:\/\/blogopara.com.br\/index.php\/2023\/11\/16\/juazeiro-sediara-festival-e-5-etapa-baiana-de-bandas-e-fanfarras","title":{"rendered":"Juazeiro sediar\u00e1 Festival e 5\u00b0 etapa baiana de Bandas e Fanfarras"},"content":{"rendered":"<p class=\"x_MsoNormal\" style=\"text-align: justify;\">A Orla II de Juazeiro ser\u00e1 o cen\u00e1rio da 5\u00b0 etapa baiana de Bandas e Fanfarras, que acontecer\u00e1 no dia 26 de novembro, a partir das 14h, com apresenta\u00e7\u00f5es de fanfarras das cidades baianas de Juazeiro, Cansan\u00e7\u00e3o, Salvador, Mutu\u00edpe e Jacobina. A iniciativa \u00e9 uma realiza\u00e7\u00e3o da Associa\u00e7\u00e3o Cultural de Bandas, Fanfarras e Filarm\u00f4nicas da Bahia (ACBFFB), em parceria com a Prefeitura de Juazeiro, por meio da Secretaria de Educa\u00e7\u00e3o e Juventude (Seduc).<\/p>\n<p class=\"x_MsoNormal\" style=\"text-align: justify;\">A programa\u00e7\u00e3o tamb\u00e9m contar\u00e1 com o \u2018Festival Fan Fest Jua 2023\u2019, que deve reunir 18 fanfarras. Neste evento, participar\u00e3o as cidades baianas de Juazeiro, Bonfim, Uau\u00e1, Casa Nova, Sa\u00fade, Jaguarari, Cura\u00e7\u00e1 e Remanso. Na ocasi\u00e3o, o p\u00fablico tamb\u00e9m poder\u00e1 prestigiar a Feira do Empreendedorismo, iniciativa pela gest\u00e3o municipal, atrav\u00e9s da Ag\u00eancia de Desenvolvimento Econ\u00f4mico, Agricultura e Pecu\u00e1ria (Adeap), e a Sala do Empreendedor, que re\u00fane empreendedores locais das \u00e1reas de artesanato e gastronomia.<\/p>\n<p class=\"x_MsoNormal\" style=\"text-align: justify;\">O coordenador geral do evento, Carlos Fabiano de Souza Santos, destacou a import\u00e2ncia de valorizar iniciativas tradicionais. \u201cO objetivo do evento \u00e9 levar arte e cultura para todos os espa\u00e7os, mais do que trabalhar a musicalidade, as fanfarras prop\u00f5em a constru\u00e7\u00e3o no processo sociocultural de todos os jovens, propagando a inclus\u00e3o social, despertado, na crian\u00e7a e no adolescente, o seu engajamento como agente transformador da sociedade\u201d, frisou.<\/p>\n<p class=\"x_MsoNormal\" style=\"text-align: justify;\">&#8212;<\/p>\n","protected":false},"excerpt":{"rendered":"<p>A Orla II de Juazeiro ser\u00e1 o cen\u00e1rio da 5\u00b0 etapa baiana de Bandas e Fanfarras, que acontecer\u00e1 no dia 26 de novembro, a partir das 14h, com apresenta\u00e7\u00f5es de fanfarras das cidades baianas de Juazeiro, Cansan\u00e7\u00e3o, Salvador, Mutu\u00edpe e Jacobina. A iniciativa \u00e9 uma realiza\u00e7\u00e3o da Associa\u00e7\u00e3o Cultural de Bandas, Fanfarras e Filarm\u00f4nicas da [&hellip;]<\/p>\n","protected":false},"author":1,"featured_media":59277,"comment_status":"closed","ping_status":"open","sticky":false,"template":"","format":"standard","meta":{"_uag_custom_page_level_css":"","_monsterinsights_skip_tracking":false,"_monsterinsights_sitenote_active":false,"_monsterinsights_sitenote_note":"","_monsterinsights_sitenote_category":0,"jetpack_post_was_ever_published":false,"_jetpack_newsletter_access":"","_jetpack_dont_email_post_to_subs":false,"_jetpack_newsletter_tier_id":0,"_jetpack_memberships_contains_paywalled_content":false,"_jetpack_memberships_contains_paid_content":false,"footnotes":"","jetpack_publicize_message":"","jetpack_publicize_feature_enabled":true,"jetpack_social_post_already_shared":true,"jetpack_social_options":{"image_generator_settings":{"template":"highway","default_image_id":0,"font":"","enabled":false},"version":2}},"categories":[203],"tags":[],"class_list":["post-59275","post","type-post","status-publish","format-standard","has-post-thumbnail","hentry","category-juazeiro"],"jetpack_publicize_connections":[],"jetpack_featured_media_url":"https:\/\/blogopara.com.br\/wp-content\/uploads\/2023\/11\/pre-weding.jpg","uagb_featured_image_src":{"full":["https:\/\/blogopara.com.br\/wp-content\/uploads\/2023\/11\/pre-weding.jpg",500,625,false],"thumbnail":["https:\/\/blogopara.com.br\/wp-content\/uploads\/2023\/11\/pre-weding-150x150.jpg",150,150,true],"medium":["https:\/\/blogopara.com.br\/wp-content\/uploads\/2023\/11\/pre-weding-240x300.jpg",240,300,true],"medium_large":["https:\/\/blogopara.com.br\/wp-content\/uploads\/2023\/11\/pre-weding.jpg",500,625,false],"large":["https:\/\/blogopara.com.br\/wp-content\/uploads\/2023\/11\/pre-weding.jpg",500,625,false],"1536x1536":["https:\/\/blogopara.com.br\/wp-content\/uploads\/2023\/11\/pre-weding.jpg",500,625,false],"2048x2048":["https:\/\/blogopara.com.br\/wp-content\/uploads\/2023\/11\/pre-weding.jpg",500,625,false],"mantranews-slider-large":["https:\/\/blogopara.com.br\/wp-content\/uploads\/2023\/11\/pre-weding.jpg",500,625,false],"mantranews-featured-medium":["https:\/\/blogopara.com.br\/wp-content\/uploads\/2023\/11\/pre-weding-420x307.jpg",420,307,true],"mantranews-featured-long":["https:\/\/blogopara.com.br\/wp-content\/uploads\/2023\/11\/pre-weding-300x443.jpg",300,443,true],"mantranews-block-medium":["https:\/\/blogopara.com.br\/wp-content\/uploads\/2023\/11\/pre-weding-464x290.jpg",464,290,true],"mantranews-carousel-image":["https:\/\/blogopara.com.br\/wp-content\/uploads\/2023\/11\/pre-weding-500x500.jpg",500,500,true],"mantranews-block-thumb":["https:\/\/blogopara.com.br\/wp-content\/uploads\/2023\/11\/pre-weding-322x230.jpg",322,230,true],"mantranews-single-large":["https:\/\/blogopara.com.br\/wp-content\/uploads\/2023\/11\/pre-weding.jpg",500,625,false]},"uagb_author_info":{"display_name":"Reda\u00e7\u00e3o geral","author_link":"https:\/\/blogopara.com.br\/index.php\/author\/blogopara"},"uagb_comment_info":0,"uagb_excerpt":"A Orla II de Juazeiro ser\u00e1 o cen\u00e1rio da 5\u00b0 etapa baiana de Bandas e Fanfarras, que acontecer\u00e1 no dia 26 de novembro, a partir das 14h, com apresenta\u00e7\u00f5es de fanfarras das cidades baianas de Juazeiro, Cansan\u00e7\u00e3o, Salvador, Mutu\u00edpe e Jacobina. A iniciativa \u00e9 uma realiza\u00e7\u00e3o da Associa\u00e7\u00e3o Cultural de Bandas, Fanfarras e Filarm\u00f4nicas da&hellip;","jetpack_sharing_enabled":true,"jetpack_likes_enabled":true,"_links":{"self":[{"href":"https:\/\/blogopara.com.br\/index.php\/wp-json\/wp\/v2\/posts\/59275","targetHints":{"allow":["GET"]}}],"collection":[{"href":"https:\/\/blogopara.com.br\/index.php\/wp-json\/wp\/v2\/posts"}],"about":[{"href":"https:\/\/blogopara.com.br\/index.php\/wp-json\/wp\/v2\/types\/post"}],"author":[{"embeddable":true,"href":"https:\/\/blogopara.com.br\/index.php\/wp-json\/wp\/v2\/users\/1"}],"replies":[{"embeddable":true,"href":"https:\/\/blogopara.com.br\/index.php\/wp-json\/wp\/v2\/comments?post=59275"}],"version-history":[{"count":1,"href":"https:\/\/blogopara.com.br\/index.php\/wp-json\/wp\/v2\/posts\/59275\/revisions"}],"predecessor-version":[{"id":59278,"href":"https:\/\/blogopara.com.br\/index.php\/wp-json\/wp\/v2\/posts\/59275\/revisions\/59278"}],"wp:featuredmedia":[{"embeddable":true,"href":"https:\/\/blogopara.com.br\/index.php\/wp-json\/wp\/v2\/media\/59277"}],"wp:attachment":[{"href":"https:\/\/blogopara.com.br\/index.php\/wp-json\/wp\/v2\/media?parent=59275"}],"wp:term":[{"taxonomy":"category","embeddable":true,"href":"https:\/\/blogopara.com.br\/index.php\/wp-json\/wp\/v2\/categories?post=59275"},{"taxonomy":"post_tag","embeddable":true,"href":"https:\/\/blogopara.com.br\/index.php\/wp-json\/wp\/v2\/tags?post=59275"}],"curies":[{"name":"wp","href":"https:\/\/api.w.org\/{rel}","templated":true}]}}