{"id":59322,"date":"2023-11-17T15:47:00","date_gmt":"2023-11-17T18:47:00","guid":{"rendered":"https:\/\/blogopara.com.br\/?p=59322"},"modified":"2023-11-17T00:50:36","modified_gmt":"2023-11-17T03:50:36","slug":"homem-recebe-descarga-eletrica-e-morre-ao-fazer-reparo-em-sistema-de-irrigacao-na-bahia","status":"publish","type":"post","link":"https:\/\/blogopara.com.br\/index.php\/2023\/11\/17\/homem-recebe-descarga-eletrica-e-morre-ao-fazer-reparo-em-sistema-de-irrigacao-na-bahia","title":{"rendered":"Homem recebe descarga el\u00e9trica e morre ao fazer reparo em sistema de irriga\u00e7\u00e3o na Bahia"},"content":{"rendered":"<div id=\"chunk-534al\">\n<div class=\"mc-column content-text active-extra-styles \" data-block-type=\"unstyled\" data-block-weight=\"28\" data-block-id=\"2\">\n<p class=\" content-text__container \" style=\"text-align: justify;\" data-track-category=\"Link no Texto\" data-track-links=\"\">Um homem de 46 anos morreu na quarta-feira (15), ap\u00f3s sofrer uma descarga el\u00e9trica no pr\u00f3prio s\u00edtio, na zona rural da cidade de\u00a0Uau\u00e1, no norte da Bahia.<\/p>\n<\/div>\n<\/div>\n<div class=\"wall protected-content\">\n<div id=\"chunk-5huoq\" style=\"text-align: justify;\">\n<div class=\"mc-column content-text active-extra-styles \" data-block-type=\"unstyled\" data-block-weight=\"58\" data-block-id=\"5\">\n<p class=\" content-text__container \" data-track-category=\"Link no Texto\" data-track-links=\"\">Conforme apura\u00e7\u00e3o da equipe da TV S\u00e3o Franscisco, afiliada da TV Bahia na regi\u00e3o, S\u00e9rgio M\u00e1rcio Trindade, que \u00e9 produtor rural, teria ido ao s\u00edtio para fazer reparos no sistema de irriga\u00e7\u00e3o quando foi eletrocutado. Os familiares do produtor rural acreditam que ele tenha sido eletrocutado porque a irriga\u00e7\u00e3o fica pr\u00f3xima de uma instala\u00e7\u00e3o el\u00e9trica do s\u00edtio.<\/p>\n<\/div>\n<\/div>\n<div id=\"chunk-1sc44\" style=\"text-align: justify;\">\n<div class=\"mc-column content-text active-extra-styles \" data-block-type=\"unstyled\" data-block-weight=\"46\" data-block-id=\"6\">\n<p class=\" content-text__container \" data-track-category=\"Link no Texto\" data-track-links=\"\">Ainda segundo informa\u00e7\u00f5es de fam\u00edliares da v\u00edtima, ela saiu de casa na madrugada de quarta-feira, por volta das 4h, e n\u00e3o retornou para casa. Diante da situa\u00e7\u00e3o, fam\u00edliares decidiram ir em busca de S\u00e9rgio M\u00e1rcio e quando chegaram no s\u00edtio, j\u00e1 encontraram ele sem vida.<\/p>\n<\/div>\n<\/div>\n<div id=\"chunk-3dob4\" style=\"text-align: justify;\">\n<div class=\"mc-column content-text active-extra-styles \" data-block-type=\"unstyled\" data-block-weight=\"29\" data-block-id=\"9\">\n<p class=\" content-text__container \" data-track-category=\"Link no Texto\" data-track-links=\"\">A fam\u00edlia chamou a Pol\u00edcia Militar, que foi ao local e acionou a equipe de per\u00edcia. Informa\u00e7\u00f5es iniciais da pol\u00edcia \u00e9 de que o caso foi um acidente.<\/p>\n<\/div>\n<\/div>\n<div id=\"chunk-af4m8\" style=\"text-align: justify;\">\n<div class=\"mc-column content-text active-extra-styles \" data-block-type=\"unstyled\" data-block-weight=\"27\" data-block-id=\"10\">\n<p class=\" content-text__container \" data-track-category=\"Link no Texto\" data-track-links=\"\">Segundo contou os familiares, o produtor rural teria feito a instala\u00e7\u00e3o el\u00e9trica para usar uma cerca na propriedade, por ser v\u00edtima constante de furtos no local.<\/p>\n<\/div>\n<\/div>\n<div id=\"chunk-29n1t\">\n<div class=\"mc-column content-text active-extra-styles \" data-block-type=\"unstyled\" data-block-weight=\"29\" data-block-id=\"11\">\n<p class=\" content-text__container \" style=\"text-align: justify;\" data-track-category=\"Link no Texto\" data-track-links=\"\">O corpo de S\u00e9rgio foi encaminhado para o Instituto M\u00e9dico Legal (IML) de\u00a0Juazeiro\u00a0e depois ser\u00e1 liberado para sepultamento, que ainda n\u00e3o tem data para ocorrer.<\/p>\n<div id=\"chunk-a8dpr\">\n<div class=\"row medium-uncollapsed content-media content-photo\" data-block-type=\"backstage-photo\" data-block-id=\"12\">\n<div class=\" mc-column  content-media__container\">\n<div class=\"content-media-container glb-skeleton-box\">\n<figure class=\"content-media-figure\">\n<p><figure style=\"width: 647px\" class=\"wp-caption alignnone\"><img loading=\"lazy\" decoding=\"async\" class=\"i-amphtml-fill-content i-amphtml-replaced-content\" src=\"https:\/\/s2-g1.glbimg.com\/o7g5byvcKwCYXIu2rKS-PjTe5s8=\/0x0:1058x576\/984x0\/smart\/filters:strip_icc()\/i.s3.glbimg.com\/v1\/AUTH_59edd422c0c84a879bd37670ae4f538a\/internal_photos\/bs\/2023\/J\/D\/c2eKEOTTeHTdqairF7Ew\/capturar.png\" sizes=\"auto, (max-width: 1366px) 648px, 100vw\" srcset=\"https:\/\/s2-g1.glbimg.com\/7N9XNDOsrv2JnB6pp9x-rgP4E7g=\/0x0:1058x576\/1000x0\/smart\/filters:strip_icc()\/i.s3.glbimg.com\/v1\/AUTH_59edd422c0c84a879bd37670ae4f538a\/internal_photos\/bs\/2023\/J\/D\/c2eKEOTTeHTdqairF7Ew\/capturar.png 1000w, https:\/\/s2-g1.glbimg.com\/o7g5byvcKwCYXIu2rKS-PjTe5s8=\/0x0:1058x576\/984x0\/smart\/filters:strip_icc()\/i.s3.glbimg.com\/v1\/AUTH_59edd422c0c84a879bd37670ae4f538a\/internal_photos\/bs\/2023\/J\/D\/c2eKEOTTeHTdqairF7Ew\/capturar.png 984w, https:\/\/s2-g1.glbimg.com\/7zuk6A6KWbcfFvqRj-GwVpxpRHA=\/0x0:1058x576\/640x0\/smart\/filters:strip_icc()\/i.s3.glbimg.com\/v1\/AUTH_59edd422c0c84a879bd37670ae4f538a\/internal_photos\/bs\/2023\/J\/D\/c2eKEOTTeHTdqairF7Ew\/capturar.png 640w, https:\/\/s2-g1.glbimg.com\/LI0sy-ZHpCVMG3tQ4B1YpPN8jSc=\/0x0:1058x576\/600x0\/smart\/filters:strip_icc()\/i.s3.glbimg.com\/v1\/AUTH_59edd422c0c84a879bd37670ae4f538a\/internal_photos\/bs\/2023\/J\/D\/c2eKEOTTeHTdqairF7Ew\/capturar.png 600w\" alt=\"Parte da rede el\u00e9trica do s\u00edtio do homem que recebeu descarga el\u00e9trica no norte da Bahia \u2014 Foto: Reprodu\u00e7\u00e3o\/TV S\u00e3o Francisco\" width=\"647\" height=\"352\" \/><figcaption class=\"wp-caption-text\">Parte da rede el\u00e9trica do s\u00edtio do homem que recebeu descarga el\u00e9trica no norte da Bahia \u2014 Foto: Reprodu\u00e7\u00e3o\/TV S\u00e3o Francisco<\/figcaption><\/figure><\/figure>\n<\/div>\n<\/div>\n<\/div>\n<\/div>\n<p style=\"text-align: justify;\" data-track-category=\"Link no Texto\" data-track-links=\"\"><em>Fonte: g1 Bahia<\/em><\/p>\n<\/div>\n<\/div>\n<\/div>\n","protected":false},"excerpt":{"rendered":"<p>Um homem de 46 anos morreu na quarta-feira (15), ap\u00f3s sofrer uma descarga el\u00e9trica no pr\u00f3prio s\u00edtio, na zona rural da cidade de\u00a0Uau\u00e1, no norte da Bahia. Conforme apura\u00e7\u00e3o da equipe da TV S\u00e3o Franscisco, afiliada da TV Bahia na regi\u00e3o, S\u00e9rgio M\u00e1rcio Trindade, que \u00e9 produtor rural, teria ido ao s\u00edtio para fazer reparos [&hellip;]<\/p>\n","protected":false},"author":1,"featured_media":59323,"comment_status":"closed","ping_status":"open","sticky":false,"template":"","format":"standard","meta":{"_uag_custom_page_level_css":"","_monsterinsights_skip_tracking":false,"_monsterinsights_sitenote_active":false,"_monsterinsights_sitenote_note":"","_monsterinsights_sitenote_category":0,"jetpack_post_was_ever_published":false,"_jetpack_newsletter_access":"","_jetpack_dont_email_post_to_subs":false,"_jetpack_newsletter_tier_id":0,"_jetpack_memberships_contains_paywalled_content":false,"_jetpack_memberships_contains_paid_content":false,"footnotes":"","jetpack_publicize_message":"","jetpack_publicize_feature_enabled":true,"jetpack_social_post_already_shared":true,"jetpack_social_options":{"image_generator_settings":{"template":"highway","default_image_id":0,"font":"","enabled":false},"version":2}},"categories":[199,203],"tags":[11,3464,3469,143,1000],"class_list":["post-59322","post","type-post","status-publish","format-standard","has-post-thumbnail","hentry","category-bahia","category-juazeiro","tag-bahia","tag-descarga-eletrica","tag-homem","tag-juazeiro-da-bahia","tag-uaua"],"jetpack_publicize_connections":[],"jetpack_featured_media_url":"https:\/\/blogopara.com.br\/wp-content\/uploads\/2023\/11\/Captura-de-tela-2023-11-17-004930-e1700192992735.png","uagb_featured_image_src":{"full":["https:\/\/blogopara.com.br\/wp-content\/uploads\/2023\/11\/Captura-de-tela-2023-11-17-004930-e1700192992735.png",500,300,false],"thumbnail":["https:\/\/blogopara.com.br\/wp-content\/uploads\/2023\/11\/Captura-de-tela-2023-11-17-004930-150x150.png",150,150,true],"medium":["https:\/\/blogopara.com.br\/wp-content\/uploads\/2023\/11\/Captura-de-tela-2023-11-17-004930-300x180.png",300,180,true],"medium_large":["https:\/\/blogopara.com.br\/wp-content\/uploads\/2023\/11\/Captura-de-tela-2023-11-17-004930-e1700192992735.png",500,300,false],"large":["https:\/\/blogopara.com.br\/wp-content\/uploads\/2023\/11\/Captura-de-tela-2023-11-17-004930-e1700192992735.png",500,300,false],"1536x1536":["https:\/\/blogopara.com.br\/wp-content\/uploads\/2023\/11\/Captura-de-tela-2023-11-17-004930-e1700192992735.png",500,300,false],"2048x2048":["https:\/\/blogopara.com.br\/wp-content\/uploads\/2023\/11\/Captura-de-tela-2023-11-17-004930-e1700192992735.png",500,300,false],"mantranews-slider-large":["https:\/\/blogopara.com.br\/wp-content\/uploads\/2023\/11\/Captura-de-tela-2023-11-17-004930-e1700192992735.png",500,300,false],"mantranews-featured-medium":["https:\/\/blogopara.com.br\/wp-content\/uploads\/2023\/11\/Captura-de-tela-2023-11-17-004930-420x307.png",420,307,true],"mantranews-featured-long":["https:\/\/blogopara.com.br\/wp-content\/uploads\/2023\/11\/Captura-de-tela-2023-11-17-004930-300x324.png",300,324,true],"mantranews-block-medium":["https:\/\/blogopara.com.br\/wp-content\/uploads\/2023\/11\/Captura-de-tela-2023-11-17-004930-464x290.png",464,290,true],"mantranews-carousel-image":["https:\/\/blogopara.com.br\/wp-content\/uploads\/2023\/11\/Captura-de-tela-2023-11-17-004930-e1700192992735.png",500,300,false],"mantranews-block-thumb":["https:\/\/blogopara.com.br\/wp-content\/uploads\/2023\/11\/Captura-de-tela-2023-11-17-004930-322x230.png",322,230,true],"mantranews-single-large":["https:\/\/blogopara.com.br\/wp-content\/uploads\/2023\/11\/Captura-de-tela-2023-11-17-004930-e1700192992735.png",500,300,false]},"uagb_author_info":{"display_name":"Reda\u00e7\u00e3o geral","author_link":"https:\/\/blogopara.com.br\/index.php\/author\/blogopara"},"uagb_comment_info":0,"uagb_excerpt":"Um homem de 46 anos morreu na quarta-feira (15), ap\u00f3s sofrer uma descarga el\u00e9trica no pr\u00f3prio s\u00edtio, na zona rural da cidade de\u00a0Uau\u00e1, no norte da Bahia. Conforme apura\u00e7\u00e3o da equipe da TV S\u00e3o Franscisco, afiliada da TV Bahia na regi\u00e3o, S\u00e9rgio M\u00e1rcio Trindade, que \u00e9 produtor rural, teria ido ao s\u00edtio para fazer reparos&hellip;","jetpack_sharing_enabled":true,"jetpack_likes_enabled":true,"_links":{"self":[{"href":"https:\/\/blogopara.com.br\/index.php\/wp-json\/wp\/v2\/posts\/59322","targetHints":{"allow":["GET"]}}],"collection":[{"href":"https:\/\/blogopara.com.br\/index.php\/wp-json\/wp\/v2\/posts"}],"about":[{"href":"https:\/\/blogopara.com.br\/index.php\/wp-json\/wp\/v2\/types\/post"}],"author":[{"embeddable":true,"href":"https:\/\/blogopara.com.br\/index.php\/wp-json\/wp\/v2\/users\/1"}],"replies":[{"embeddable":true,"href":"https:\/\/blogopara.com.br\/index.php\/wp-json\/wp\/v2\/comments?post=59322"}],"version-history":[{"count":2,"href":"https:\/\/blogopara.com.br\/index.php\/wp-json\/wp\/v2\/posts\/59322\/revisions"}],"predecessor-version":[{"id":59325,"href":"https:\/\/blogopara.com.br\/index.php\/wp-json\/wp\/v2\/posts\/59322\/revisions\/59325"}],"wp:featuredmedia":[{"embeddable":true,"href":"https:\/\/blogopara.com.br\/index.php\/wp-json\/wp\/v2\/media\/59323"}],"wp:attachment":[{"href":"https:\/\/blogopara.com.br\/index.php\/wp-json\/wp\/v2\/media?parent=59322"}],"wp:term":[{"taxonomy":"category","embeddable":true,"href":"https:\/\/blogopara.com.br\/index.php\/wp-json\/wp\/v2\/categories?post=59322"},{"taxonomy":"post_tag","embeddable":true,"href":"https:\/\/blogopara.com.br\/index.php\/wp-json\/wp\/v2\/tags?post=59322"}],"curies":[{"name":"wp","href":"https:\/\/api.w.org\/{rel}","templated":true}]}}