{"id":59365,"date":"2023-11-19T12:25:00","date_gmt":"2023-11-19T15:25:00","guid":{"rendered":"https:\/\/blogopara.com.br\/?p=59365"},"modified":"2023-11-19T00:37:53","modified_gmt":"2023-11-19T03:37:53","slug":"prefeita-suzana-ramos-e-vice-prefeito-leonardo-bandeira-se-reunem-com-equipe-da-secretaria-de-saude-para-discutir-estrategias-de-melhorias-na-pasta","status":"publish","type":"post","link":"https:\/\/blogopara.com.br\/index.php\/2023\/11\/19\/prefeita-suzana-ramos-e-vice-prefeito-leonardo-bandeira-se-reunem-com-equipe-da-secretaria-de-saude-para-discutir-estrategias-de-melhorias-na-pasta","title":{"rendered":"Prefeita Suzana Ramos e vice-prefeito Leonardo Bandeira se re\u00fanem com equipe da Secretaria de Sa\u00fade para discutir estrat\u00e9gias de melhorias na pasta"},"content":{"rendered":"<p style=\"text-align: justify;\">Na manh\u00e3 desta sexta-feira (17), a prefeita, Suzana Ramos, e o vice-prefeito, Leonardo Bandeira, estiveram reunidos com a equipe da Secretaria de Sa\u00fade de Juazeiro (Sesau). Foram discutidas estrat\u00e9gias e a\u00e7\u00f5es para potencializar a assist\u00eancia em sa\u00fade p\u00fablica e superar desafios.<\/p>\n<p style=\"text-align: justify;\">&#8220;Sabemos das dificuldades que envolvem a sa\u00fade p\u00fablica, sobretudo com o corte do repasse do FPM pelo governo federal, mas estamos trabalhando e avan\u00e7ando ao longo da nossa gest\u00e3o. Entregamos a Policl\u00ednica Municipal que oferece consultas e exames especializados, implementamos uma usina de oxig\u00eanio na UPA, adquirimos aparelhos de fototerapia para a Maternidade Municipal. Tamb\u00e9m melhoramos muito a Assist\u00eancia B\u00e1sica do munic\u00edpio. A prova foi a marca hist\u00f3rica no Previne Brasil de 7,7, nunca alcan\u00e7ado por Juazeiro&#8221;, exemplificou a prefeita Suzana Ramos.<\/p>\n<p style=\"text-align: justify;\">O secret\u00e1rio de Sa\u00fade, Wendel Batista, que assumiu a pasta interinamente na \u00faltima ter\u00e7a-feira (14), fez uma avalia\u00e7\u00e3o positiva da reuni\u00e3o. &#8220;Tivemos uma excelente conversa. Os superintendentes e representantes dos setores nos apresentaram os principais gargalos e discutimos medidas para melhorar a assist\u00eancia em sa\u00fade no munic\u00edpio&#8221;, disse.<\/p>\n<p style=\"text-align: justify;\"><em>Fonte: Ascom\/Sesau\/PMJ<\/em><\/p>\n\n\n<p><\/p>\n","protected":false},"excerpt":{"rendered":"<p>Na manh\u00e3 desta sexta-feira (17), a prefeita, Suzana Ramos, e o vice-prefeito, Leonardo Bandeira, estiveram reunidos com a equipe da Secretaria de Sa\u00fade de Juazeiro (Sesau). Foram discutidas estrat\u00e9gias e a\u00e7\u00f5es para potencializar a assist\u00eancia em sa\u00fade p\u00fablica e superar desafios. &#8220;Sabemos das dificuldades que envolvem a sa\u00fade p\u00fablica, sobretudo com o corte do repasse [&hellip;]<\/p>\n","protected":false},"author":1,"featured_media":59377,"comment_status":"closed","ping_status":"open","sticky":false,"template":"","format":"standard","meta":{"_uag_custom_page_level_css":"","_monsterinsights_skip_tracking":false,"_monsterinsights_sitenote_active":false,"_monsterinsights_sitenote_note":"","_monsterinsights_sitenote_category":0,"jetpack_post_was_ever_published":false,"_jetpack_newsletter_access":"","_jetpack_dont_email_post_to_subs":false,"_jetpack_newsletter_tier_id":0,"_jetpack_memberships_contains_paywalled_content":false,"_jetpack_memberships_contains_paid_content":false,"footnotes":"","jetpack_publicize_message":"","jetpack_publicize_feature_enabled":true,"jetpack_social_post_already_shared":true,"jetpack_social_options":{"image_generator_settings":{"template":"highway","default_image_id":0,"font":"","enabled":false},"version":2}},"categories":[203,205],"tags":[11,143,1855,5195,340],"class_list":["post-59365","post","type-post","status-publish","format-standard","has-post-thumbnail","hentry","category-juazeiro","category-saude","tag-bahia","tag-juazeiro-da-bahia","tag-leonardo-bandeira","tag-prefeita-suzana-ramos","tag-prefeitura-de-juazeiro"],"jetpack_publicize_connections":[],"jetpack_featured_media_url":"https:\/\/blogopara.com.br\/wp-content\/uploads\/2023\/11\/Reuniao.jpeg","uagb_featured_image_src":{"full":["https:\/\/blogopara.com.br\/wp-content\/uploads\/2023\/11\/Reuniao.jpeg",400,300,false],"thumbnail":["https:\/\/blogopara.com.br\/wp-content\/uploads\/2023\/11\/Reuniao-150x150.jpeg",150,150,true],"medium":["https:\/\/blogopara.com.br\/wp-content\/uploads\/2023\/11\/Reuniao-300x225.jpeg",300,225,true],"medium_large":["https:\/\/blogopara.com.br\/wp-content\/uploads\/2023\/11\/Reuniao.jpeg",400,300,false],"large":["https:\/\/blogopara.com.br\/wp-content\/uploads\/2023\/11\/Reuniao.jpeg",400,300,false],"1536x1536":["https:\/\/blogopara.com.br\/wp-content\/uploads\/2023\/11\/Reuniao.jpeg",400,300,false],"2048x2048":["https:\/\/blogopara.com.br\/wp-content\/uploads\/2023\/11\/Reuniao.jpeg",400,300,false],"mantranews-slider-large":["https:\/\/blogopara.com.br\/wp-content\/uploads\/2023\/11\/Reuniao.jpeg",400,300,false],"mantranews-featured-medium":["https:\/\/blogopara.com.br\/wp-content\/uploads\/2023\/11\/Reuniao.jpeg",400,300,false],"mantranews-featured-long":["https:\/\/blogopara.com.br\/wp-content\/uploads\/2023\/11\/Reuniao-300x300.jpeg",300,300,true],"mantranews-block-medium":["https:\/\/blogopara.com.br\/wp-content\/uploads\/2023\/11\/Reuniao-400x290.jpeg",400,290,true],"mantranews-carousel-image":["https:\/\/blogopara.com.br\/wp-content\/uploads\/2023\/11\/Reuniao.jpeg",400,300,false],"mantranews-block-thumb":["https:\/\/blogopara.com.br\/wp-content\/uploads\/2023\/11\/Reuniao-322x230.jpeg",322,230,true],"mantranews-single-large":["https:\/\/blogopara.com.br\/wp-content\/uploads\/2023\/11\/Reuniao.jpeg",400,300,false]},"uagb_author_info":{"display_name":"Reda\u00e7\u00e3o geral","author_link":"https:\/\/blogopara.com.br\/index.php\/author\/blogopara"},"uagb_comment_info":0,"uagb_excerpt":"Na manh\u00e3 desta sexta-feira (17), a prefeita, Suzana Ramos, e o vice-prefeito, Leonardo Bandeira, estiveram reunidos com a equipe da Secretaria de Sa\u00fade de Juazeiro (Sesau). Foram discutidas estrat\u00e9gias e a\u00e7\u00f5es para potencializar a assist\u00eancia em sa\u00fade p\u00fablica e superar desafios. &#8220;Sabemos das dificuldades que envolvem a sa\u00fade p\u00fablica, sobretudo com o corte do repasse&hellip;","jetpack_sharing_enabled":true,"jetpack_likes_enabled":true,"_links":{"self":[{"href":"https:\/\/blogopara.com.br\/index.php\/wp-json\/wp\/v2\/posts\/59365","targetHints":{"allow":["GET"]}}],"collection":[{"href":"https:\/\/blogopara.com.br\/index.php\/wp-json\/wp\/v2\/posts"}],"about":[{"href":"https:\/\/blogopara.com.br\/index.php\/wp-json\/wp\/v2\/types\/post"}],"author":[{"embeddable":true,"href":"https:\/\/blogopara.com.br\/index.php\/wp-json\/wp\/v2\/users\/1"}],"replies":[{"embeddable":true,"href":"https:\/\/blogopara.com.br\/index.php\/wp-json\/wp\/v2\/comments?post=59365"}],"version-history":[{"count":1,"href":"https:\/\/blogopara.com.br\/index.php\/wp-json\/wp\/v2\/posts\/59365\/revisions"}],"predecessor-version":[{"id":59366,"href":"https:\/\/blogopara.com.br\/index.php\/wp-json\/wp\/v2\/posts\/59365\/revisions\/59366"}],"wp:featuredmedia":[{"embeddable":true,"href":"https:\/\/blogopara.com.br\/index.php\/wp-json\/wp\/v2\/media\/59377"}],"wp:attachment":[{"href":"https:\/\/blogopara.com.br\/index.php\/wp-json\/wp\/v2\/media?parent=59365"}],"wp:term":[{"taxonomy":"category","embeddable":true,"href":"https:\/\/blogopara.com.br\/index.php\/wp-json\/wp\/v2\/categories?post=59365"},{"taxonomy":"post_tag","embeddable":true,"href":"https:\/\/blogopara.com.br\/index.php\/wp-json\/wp\/v2\/tags?post=59365"}],"curies":[{"name":"wp","href":"https:\/\/api.w.org\/{rel}","templated":true}]}}