{"id":59385,"date":"2023-11-19T13:48:00","date_gmt":"2023-11-19T16:48:00","guid":{"rendered":"https:\/\/blogopara.com.br\/?p=59385"},"modified":"2023-11-19T09:51:14","modified_gmt":"2023-11-19T12:51:14","slug":"prefeita-suzana-ramos-prestigia-evento-em-homenagem-aos-acs-e-ace","status":"publish","type":"post","link":"https:\/\/blogopara.com.br\/index.php\/2023\/11\/19\/prefeita-suzana-ramos-prestigia-evento-em-homenagem-aos-acs-e-ace","title":{"rendered":"Prefeita Suzana Ramos prestigia evento em homenagem aos ACS e ACE"},"content":{"rendered":"<p style=\"text-align: justify;\">A prefeita Suzana Ramos participou nesta sexta-feira (17) da uma celebra\u00e7\u00e3o e confraterniza\u00e7\u00e3o realizada pelo Sindicato dos Trabalhadores Agentes de Sa\u00fade e Endemias de Juazeiro (Sintase) para celebrar as duas categorias.<br aria-hidden=\"true\" \/><br aria-hidden=\"true\" \/>A gestora do munic\u00edpio ressaltou a import\u00e2ncia desses profissionais que atuam diretamente com a comunidade e destacou algumas conquistas da categoria durante a sua gest\u00e3o. \u201cEles s\u00e3o a ponte que liga a gest\u00e3o p\u00fablica em sa\u00fade com a popula\u00e7\u00e3o, pois est\u00e3o na ponta do atendimento ao cidad\u00e3o. Como reconhecimento, a nossa gest\u00e3o sancionou no ano passado, a lei que implementou o novo piso salarial desses servidores em regime de trabalho de 40h semanais, para R$ 2.424,00 (dois mil quatrocentos e vinte e quatro reais), al\u00e9m de pagar o retroativo da diferen\u00e7a na remunera\u00e7\u00e3o em dezembro de 2022. Em outubro desse ano, entregamos o fardamento a esses profissionais que esperavam h\u00e1 14 anos&#8221;, destacou Suzana Ramos.<br aria-hidden=\"true\" \/><br aria-hidden=\"true\" \/>O presidente do Sintase, Jorge Brand\u00e3o, agradeceu a presen\u00e7a da gestora municipal, pontuou algumas pautas j\u00e1 conquistadas pela categoria na gest\u00e3o da prefeita Suzana Ramos e tamb\u00e9m algumas reivindica\u00e7\u00f5es. &#8220;Agradecemos a prefeita pela institui\u00e7\u00e3o de nosso piso e entrega do fardamento e encaminhamos para o Gabinete algumas reivindica\u00e7\u00f5es: como o aumento no aux\u00edlio protetor solar, aux\u00edlio alimenta\u00e7\u00e3o que n\u00f3s t\u00ednhamos, mas perdemos porque ultrapassou o piso&#8221;, citou.<br aria-hidden=\"true\" \/><br aria-hidden=\"true\" \/>Atualmente, Juazeiro conta com 388 ACSs e 127 ACEs. O vereador Bebeto Matias tamb\u00e9m esteve presente no evento.<\/p>\n","protected":false},"excerpt":{"rendered":"<p>A prefeita Suzana Ramos participou nesta sexta-feira (17) da uma celebra\u00e7\u00e3o e confraterniza\u00e7\u00e3o realizada pelo Sindicato dos Trabalhadores Agentes de Sa\u00fade e Endemias de Juazeiro (Sintase) para celebrar as duas categorias.A gestora do munic\u00edpio ressaltou a import\u00e2ncia desses profissionais que atuam diretamente com a comunidade e destacou algumas conquistas da categoria durante a sua gest\u00e3o. [&hellip;]<\/p>\n","protected":false},"author":1,"featured_media":59387,"comment_status":"closed","ping_status":"open","sticky":false,"template":"","format":"standard","meta":{"_uag_custom_page_level_css":"","_monsterinsights_skip_tracking":false,"_monsterinsights_sitenote_active":false,"_monsterinsights_sitenote_note":"","_monsterinsights_sitenote_category":0,"jetpack_post_was_ever_published":false,"_jetpack_newsletter_access":"","_jetpack_dont_email_post_to_subs":false,"_jetpack_newsletter_tier_id":0,"_jetpack_memberships_contains_paywalled_content":false,"_jetpack_memberships_contains_paid_content":false,"footnotes":"","jetpack_publicize_message":"","jetpack_publicize_feature_enabled":true,"jetpack_social_post_already_shared":true,"jetpack_social_options":{"image_generator_settings":{"template":"highway","default_image_id":0,"font":"","enabled":false},"version":2}},"categories":[203],"tags":[],"class_list":["post-59385","post","type-post","status-publish","format-standard","has-post-thumbnail","hentry","category-juazeiro"],"jetpack_publicize_connections":[],"jetpack_featured_media_url":"https:\/\/blogopara.com.br\/wp-content\/uploads\/2023\/11\/thumbnail_WhatsApp-Image-2023-11-17-at-15.51.55-1.jpg","uagb_featured_image_src":{"full":["https:\/\/blogopara.com.br\/wp-content\/uploads\/2023\/11\/thumbnail_WhatsApp-Image-2023-11-17-at-15.51.55-1.jpg",500,311,false],"thumbnail":["https:\/\/blogopara.com.br\/wp-content\/uploads\/2023\/11\/thumbnail_WhatsApp-Image-2023-11-17-at-15.51.55-1-150x150.jpg",150,150,true],"medium":["https:\/\/blogopara.com.br\/wp-content\/uploads\/2023\/11\/thumbnail_WhatsApp-Image-2023-11-17-at-15.51.55-1-300x187.jpg",300,187,true],"medium_large":["https:\/\/blogopara.com.br\/wp-content\/uploads\/2023\/11\/thumbnail_WhatsApp-Image-2023-11-17-at-15.51.55-1.jpg",500,311,false],"large":["https:\/\/blogopara.com.br\/wp-content\/uploads\/2023\/11\/thumbnail_WhatsApp-Image-2023-11-17-at-15.51.55-1.jpg",500,311,false],"1536x1536":["https:\/\/blogopara.com.br\/wp-content\/uploads\/2023\/11\/thumbnail_WhatsApp-Image-2023-11-17-at-15.51.55-1.jpg",500,311,false],"2048x2048":["https:\/\/blogopara.com.br\/wp-content\/uploads\/2023\/11\/thumbnail_WhatsApp-Image-2023-11-17-at-15.51.55-1.jpg",500,311,false],"mantranews-slider-large":["https:\/\/blogopara.com.br\/wp-content\/uploads\/2023\/11\/thumbnail_WhatsApp-Image-2023-11-17-at-15.51.55-1.jpg",500,311,false],"mantranews-featured-medium":["https:\/\/blogopara.com.br\/wp-content\/uploads\/2023\/11\/thumbnail_WhatsApp-Image-2023-11-17-at-15.51.55-1-420x307.jpg",420,307,true],"mantranews-featured-long":["https:\/\/blogopara.com.br\/wp-content\/uploads\/2023\/11\/thumbnail_WhatsApp-Image-2023-11-17-at-15.51.55-1-300x311.jpg",300,311,true],"mantranews-block-medium":["https:\/\/blogopara.com.br\/wp-content\/uploads\/2023\/11\/thumbnail_WhatsApp-Image-2023-11-17-at-15.51.55-1-464x290.jpg",464,290,true],"mantranews-carousel-image":["https:\/\/blogopara.com.br\/wp-content\/uploads\/2023\/11\/thumbnail_WhatsApp-Image-2023-11-17-at-15.51.55-1.jpg",500,311,false],"mantranews-block-thumb":["https:\/\/blogopara.com.br\/wp-content\/uploads\/2023\/11\/thumbnail_WhatsApp-Image-2023-11-17-at-15.51.55-1-322x230.jpg",322,230,true],"mantranews-single-large":["https:\/\/blogopara.com.br\/wp-content\/uploads\/2023\/11\/thumbnail_WhatsApp-Image-2023-11-17-at-15.51.55-1.jpg",500,311,false]},"uagb_author_info":{"display_name":"Reda\u00e7\u00e3o geral","author_link":"https:\/\/blogopara.com.br\/index.php\/author\/blogopara"},"uagb_comment_info":0,"uagb_excerpt":"A prefeita Suzana Ramos participou nesta sexta-feira (17) da uma celebra\u00e7\u00e3o e confraterniza\u00e7\u00e3o realizada pelo Sindicato dos Trabalhadores Agentes de Sa\u00fade e Endemias de Juazeiro (Sintase) para celebrar as duas categorias.A gestora do munic\u00edpio ressaltou a import\u00e2ncia desses profissionais que atuam diretamente com a comunidade e destacou algumas conquistas da categoria durante a sua gest\u00e3o.&hellip;","jetpack_sharing_enabled":true,"jetpack_likes_enabled":true,"_links":{"self":[{"href":"https:\/\/blogopara.com.br\/index.php\/wp-json\/wp\/v2\/posts\/59385","targetHints":{"allow":["GET"]}}],"collection":[{"href":"https:\/\/blogopara.com.br\/index.php\/wp-json\/wp\/v2\/posts"}],"about":[{"href":"https:\/\/blogopara.com.br\/index.php\/wp-json\/wp\/v2\/types\/post"}],"author":[{"embeddable":true,"href":"https:\/\/blogopara.com.br\/index.php\/wp-json\/wp\/v2\/users\/1"}],"replies":[{"embeddable":true,"href":"https:\/\/blogopara.com.br\/index.php\/wp-json\/wp\/v2\/comments?post=59385"}],"version-history":[{"count":1,"href":"https:\/\/blogopara.com.br\/index.php\/wp-json\/wp\/v2\/posts\/59385\/revisions"}],"predecessor-version":[{"id":59388,"href":"https:\/\/blogopara.com.br\/index.php\/wp-json\/wp\/v2\/posts\/59385\/revisions\/59388"}],"wp:featuredmedia":[{"embeddable":true,"href":"https:\/\/blogopara.com.br\/index.php\/wp-json\/wp\/v2\/media\/59387"}],"wp:attachment":[{"href":"https:\/\/blogopara.com.br\/index.php\/wp-json\/wp\/v2\/media?parent=59385"}],"wp:term":[{"taxonomy":"category","embeddable":true,"href":"https:\/\/blogopara.com.br\/index.php\/wp-json\/wp\/v2\/categories?post=59385"},{"taxonomy":"post_tag","embeddable":true,"href":"https:\/\/blogopara.com.br\/index.php\/wp-json\/wp\/v2\/tags?post=59385"}],"curies":[{"name":"wp","href":"https:\/\/api.w.org\/{rel}","templated":true}]}}