{"id":59395,"date":"2023-11-20T08:19:00","date_gmt":"2023-11-20T11:19:00","guid":{"rendered":"https:\/\/blogopara.com.br\/?p=59395"},"modified":"2023-11-19T10:19:53","modified_gmt":"2023-11-19T13:19:53","slug":"prefeita-suzana-ramos-e-vice-prefeito-leonardo-bandeira-se-reunem-com-equipe-da-secretaria-de-saude-para-discutir-estrategias-de-melhorias-na-pasta-2","status":"publish","type":"post","link":"https:\/\/blogopara.com.br\/index.php\/2023\/11\/20\/prefeita-suzana-ramos-e-vice-prefeito-leonardo-bandeira-se-reunem-com-equipe-da-secretaria-de-saude-para-discutir-estrategias-de-melhorias-na-pasta-2","title":{"rendered":"Prefeita Suzana Ramos e vice-prefeito Leonardo Bandeira se re\u00fanem com equipe da Secretaria de Sa\u00fade para discutir estrat\u00e9gias de melhorias na pasta"},"content":{"rendered":"<p style=\"text-align: justify;\">Na manh\u00e3 desta sexta-feira (17), a prefeita, Suzana Ramos, e o vice-prefeito, Leonardo Bandeira, estiveram reunidos com a equipe da Secretaria de Sa\u00fade de Juazeiro (Sesau). Foram discutidas estrat\u00e9gias e a\u00e7\u00f5es para potencializar a assist\u00eancia em sa\u00fade p\u00fablica e superar desafios.<br aria-hidden=\"true\" \/><br aria-hidden=\"true\" \/>\u201cSabemos das dificuldades que envolvem a sa\u00fade p\u00fablica, sobretudo com o corte do repasse do FPM pelo governo federal, mas estamos trabalhando e avan\u00e7ando ao longo da nossa gest\u00e3o. Entregamos a Policl\u00ednica Municipal que oferece consultas e exames especializados, implementamos uma usina de oxig\u00eanio na UPA, adquirimos aparelhos de fototerapia para a Maternidade Municipal. Tamb\u00e9m melhoramos muito a Assist\u00eancia B\u00e1sica do munic\u00edpio. A prova foi a marca hist\u00f3rica no Previne Brasil de 7,7, nunca alcan\u00e7ado por Juazeiro\u201d, exemplificou a prefeita Suzana Ramos.<br aria-hidden=\"true\" \/><br aria-hidden=\"true\" \/>O secret\u00e1rio de Sa\u00fade, Wendel Batista, que assumiu a pasta interinamente na \u00faltima ter\u00e7a-feira (14), fez uma avalia\u00e7\u00e3o positiva da reuni\u00e3o. \u201cTivemos uma excelente conversa. Os superintendentes e representantes dos setores nos apresentaram os principais gargalos e discutimos medidas para melhorar a assist\u00eancia em sa\u00fade no munic\u00edpio\u201d, disse.<\/p>\n","protected":false},"excerpt":{"rendered":"<p>Na manh\u00e3 desta sexta-feira (17), a prefeita, Suzana Ramos, e o vice-prefeito, Leonardo Bandeira, estiveram reunidos com a equipe da Secretaria de Sa\u00fade de Juazeiro (Sesau). Foram discutidas estrat\u00e9gias e a\u00e7\u00f5es para potencializar a assist\u00eancia em sa\u00fade p\u00fablica e superar desafios.\u201cSabemos das dificuldades que envolvem a sa\u00fade p\u00fablica, sobretudo com o corte do repasse do [&hellip;]<\/p>\n","protected":false},"author":1,"featured_media":59396,"comment_status":"closed","ping_status":"open","sticky":false,"template":"","format":"standard","meta":{"_uag_custom_page_level_css":"","_monsterinsights_skip_tracking":false,"_monsterinsights_sitenote_active":false,"_monsterinsights_sitenote_note":"","_monsterinsights_sitenote_category":0,"jetpack_post_was_ever_published":false,"_jetpack_newsletter_access":"","_jetpack_dont_email_post_to_subs":false,"_jetpack_newsletter_tier_id":0,"_jetpack_memberships_contains_paywalled_content":false,"_jetpack_memberships_contains_paid_content":false,"footnotes":"","jetpack_publicize_message":"","jetpack_publicize_feature_enabled":true,"jetpack_social_post_already_shared":true,"jetpack_social_options":{"image_generator_settings":{"template":"highway","default_image_id":0,"font":"","enabled":false},"version":2}},"categories":[203],"tags":[],"class_list":["post-59395","post","type-post","status-publish","format-standard","has-post-thumbnail","hentry","category-juazeiro"],"jetpack_publicize_connections":[],"jetpack_featured_media_url":"https:\/\/blogopara.com.br\/wp-content\/uploads\/2023\/11\/Reuniao-1.jpeg","uagb_featured_image_src":{"full":["https:\/\/blogopara.com.br\/wp-content\/uploads\/2023\/11\/Reuniao-1.jpeg",500,375,false],"thumbnail":["https:\/\/blogopara.com.br\/wp-content\/uploads\/2023\/11\/Reuniao-1-150x150.jpeg",150,150,true],"medium":["https:\/\/blogopara.com.br\/wp-content\/uploads\/2023\/11\/Reuniao-1-300x225.jpeg",300,225,true],"medium_large":["https:\/\/blogopara.com.br\/wp-content\/uploads\/2023\/11\/Reuniao-1.jpeg",500,375,false],"large":["https:\/\/blogopara.com.br\/wp-content\/uploads\/2023\/11\/Reuniao-1.jpeg",500,375,false],"1536x1536":["https:\/\/blogopara.com.br\/wp-content\/uploads\/2023\/11\/Reuniao-1.jpeg",500,375,false],"2048x2048":["https:\/\/blogopara.com.br\/wp-content\/uploads\/2023\/11\/Reuniao-1.jpeg",500,375,false],"mantranews-slider-large":["https:\/\/blogopara.com.br\/wp-content\/uploads\/2023\/11\/Reuniao-1.jpeg",500,375,false],"mantranews-featured-medium":["https:\/\/blogopara.com.br\/wp-content\/uploads\/2023\/11\/Reuniao-1-420x307.jpeg",420,307,true],"mantranews-featured-long":["https:\/\/blogopara.com.br\/wp-content\/uploads\/2023\/11\/Reuniao-1-300x375.jpeg",300,375,true],"mantranews-block-medium":["https:\/\/blogopara.com.br\/wp-content\/uploads\/2023\/11\/Reuniao-1-464x290.jpeg",464,290,true],"mantranews-carousel-image":["https:\/\/blogopara.com.br\/wp-content\/uploads\/2023\/11\/Reuniao-1.jpeg",500,375,false],"mantranews-block-thumb":["https:\/\/blogopara.com.br\/wp-content\/uploads\/2023\/11\/Reuniao-1-322x230.jpeg",322,230,true],"mantranews-single-large":["https:\/\/blogopara.com.br\/wp-content\/uploads\/2023\/11\/Reuniao-1.jpeg",500,375,false]},"uagb_author_info":{"display_name":"Reda\u00e7\u00e3o geral","author_link":"https:\/\/blogopara.com.br\/index.php\/author\/blogopara"},"uagb_comment_info":0,"uagb_excerpt":"Na manh\u00e3 desta sexta-feira (17), a prefeita, Suzana Ramos, e o vice-prefeito, Leonardo Bandeira, estiveram reunidos com a equipe da Secretaria de Sa\u00fade de Juazeiro (Sesau). Foram discutidas estrat\u00e9gias e a\u00e7\u00f5es para potencializar a assist\u00eancia em sa\u00fade p\u00fablica e superar desafios.\u201cSabemos das dificuldades que envolvem a sa\u00fade p\u00fablica, sobretudo com o corte do repasse do&hellip;","jetpack_sharing_enabled":true,"jetpack_likes_enabled":true,"_links":{"self":[{"href":"https:\/\/blogopara.com.br\/index.php\/wp-json\/wp\/v2\/posts\/59395","targetHints":{"allow":["GET"]}}],"collection":[{"href":"https:\/\/blogopara.com.br\/index.php\/wp-json\/wp\/v2\/posts"}],"about":[{"href":"https:\/\/blogopara.com.br\/index.php\/wp-json\/wp\/v2\/types\/post"}],"author":[{"embeddable":true,"href":"https:\/\/blogopara.com.br\/index.php\/wp-json\/wp\/v2\/users\/1"}],"replies":[{"embeddable":true,"href":"https:\/\/blogopara.com.br\/index.php\/wp-json\/wp\/v2\/comments?post=59395"}],"version-history":[{"count":1,"href":"https:\/\/blogopara.com.br\/index.php\/wp-json\/wp\/v2\/posts\/59395\/revisions"}],"predecessor-version":[{"id":59397,"href":"https:\/\/blogopara.com.br\/index.php\/wp-json\/wp\/v2\/posts\/59395\/revisions\/59397"}],"wp:featuredmedia":[{"embeddable":true,"href":"https:\/\/blogopara.com.br\/index.php\/wp-json\/wp\/v2\/media\/59396"}],"wp:attachment":[{"href":"https:\/\/blogopara.com.br\/index.php\/wp-json\/wp\/v2\/media?parent=59395"}],"wp:term":[{"taxonomy":"category","embeddable":true,"href":"https:\/\/blogopara.com.br\/index.php\/wp-json\/wp\/v2\/categories?post=59395"},{"taxonomy":"post_tag","embeddable":true,"href":"https:\/\/blogopara.com.br\/index.php\/wp-json\/wp\/v2\/tags?post=59395"}],"curies":[{"name":"wp","href":"https:\/\/api.w.org\/{rel}","templated":true}]}}