{"id":59452,"date":"2023-11-25T12:27:00","date_gmt":"2023-11-25T15:27:00","guid":{"rendered":"https:\/\/blogopara.com.br\/?p=59452"},"modified":"2023-11-20T20:31:21","modified_gmt":"2023-11-20T23:31:21","slug":"prefeitura-de-juazeiro-promove-festival-municipal-fan-fest-jua-2023-e-sedia-5a-etapa-baiana-do-campeonato-de-bandas-e-fanfarras-no-proximo-domingo-26","status":"publish","type":"post","link":"https:\/\/blogopara.com.br\/index.php\/2023\/11\/25\/prefeitura-de-juazeiro-promove-festival-municipal-fan-fest-jua-2023-e-sedia-5a-etapa-baiana-do-campeonato-de-bandas-e-fanfarras-no-proximo-domingo-26","title":{"rendered":"Prefeitura de Juazeiro promove Festival Municipal Fan Fest Jua 2023 e sedia 5\u00aa etapa baiana do Campeonato de Bandas e Fanfarras no pr\u00f3ximo domingo (26)"},"content":{"rendered":"<p style=\"text-align: justify;\">O pr\u00f3ximo domingo (26) vai ser de muita anima\u00e7\u00e3o e torcida para quem for para a Orla II de Juazeiro. A Prefeitura de Juazeiro, por meio da Secretaria de Educa\u00e7\u00e3o e Juventude (Seduc), promover\u00e1 o \u2018Festival Municipal Fan Fest Jua 2023\u2019. Na mesma data o munic\u00edpio ir\u00e1 sediar a 5\u00aa etapa classificat\u00f3ria do Campeonato Baiano de Bandas e Fanfarras.<br aria-hidden=\"true\" \/><br aria-hidden=\"true\" \/>O \u2018Festival Municipal Fan Fest Jua 2023\u2019 come\u00e7a a partir das 14h. 18 grupos de fanfarras das cidades baianas de Juazeiro, Senhor do Bonfim, Uau\u00e1, Sa\u00fade, Jaguarari e Remanso, al\u00e9m da cidade pernambucana de Petrolina, ir\u00e3o participar.<br aria-hidden=\"true\" \/><br aria-hidden=\"true\" \/>A 5\u00aa etapa classificat\u00f3ria do Campeonato Baiano de Bandas e Fanfarras, promovido pela Associa\u00e7\u00e3o Cultural de Bandas, Fanfarras e Filarm\u00f4nicas da Bahia (ACBFFB), contar\u00e1 com a participa\u00e7\u00e3o dos munic\u00edpios de Juazeiro, Cansan\u00e7\u00e3o, Salvador, Mutu\u00edpe e Jacobina.<br aria-hidden=\"true\" \/><br aria-hidden=\"true\" \/>O coordenador geral do evento, Carlos Fabiano de Souza Santos, destacou a grandeza dos eventos. \u201cA expectativa do evento \u00e9 a melhor poss\u00edvel. Esperamos receber um p\u00fablico expressivo e, por esta raz\u00e3o, nossa estrutura contar\u00e1 com toldos, banheiro qu\u00edmico com acessibilidade, al\u00e9m de palco e ilumina\u00e7\u00e3o adequada para os espet\u00e1culos que acontecer\u00e3o durante a noite. A estimativa \u00e9 de que a programa\u00e7\u00e3o siga at\u00e9 \u00e0s 22h\u201d, acrescentou Carlos Fabiano.<br aria-hidden=\"true\" \/><br aria-hidden=\"true\" \/>Al\u00e9m dos espet\u00e1culos das Bandas e Fanfarras, o p\u00fablico tamb\u00e9m poder\u00e1 prestigiar a Feira do Empreendedorismo, iniciativa pela gest\u00e3o municipal, atrav\u00e9s da Ag\u00eancia de Desenvolvimento Econ\u00f4mico, Agricultura e Pecu\u00e1ria (Adeap), e a Sala do Empreendedor, que re\u00fane empreendedores locais das \u00e1reas de artesanato e gastronomia.<\/p>\n","protected":false},"excerpt":{"rendered":"<p>O pr\u00f3ximo domingo (26) vai ser de muita anima\u00e7\u00e3o e torcida para quem for para a Orla II de Juazeiro. A Prefeitura de Juazeiro, por meio da Secretaria de Educa\u00e7\u00e3o e Juventude (Seduc), promover\u00e1 o \u2018Festival Municipal Fan Fest Jua 2023\u2019. Na mesma data o munic\u00edpio ir\u00e1 sediar a 5\u00aa etapa classificat\u00f3ria do Campeonato Baiano [&hellip;]<\/p>\n","protected":false},"author":1,"featured_media":59453,"comment_status":"closed","ping_status":"open","sticky":false,"template":"","format":"standard","meta":{"_uag_custom_page_level_css":"","_monsterinsights_skip_tracking":false,"_monsterinsights_sitenote_active":false,"_monsterinsights_sitenote_note":"","_monsterinsights_sitenote_category":0,"jetpack_post_was_ever_published":false,"_jetpack_newsletter_access":"","_jetpack_dont_email_post_to_subs":false,"_jetpack_newsletter_tier_id":0,"_jetpack_memberships_contains_paywalled_content":false,"_jetpack_memberships_contains_paid_content":false,"footnotes":"","jetpack_publicize_message":"","jetpack_publicize_feature_enabled":true,"jetpack_social_post_already_shared":true,"jetpack_social_options":{"image_generator_settings":{"template":"highway","default_image_id":0,"font":"","enabled":false},"version":2}},"categories":[1784],"tags":[83],"class_list":["post-59452","post","type-post","status-publish","format-standard","has-post-thumbnail","hentry","category-cultura-2","tag-comunidade"],"jetpack_publicize_connections":[],"jetpack_featured_media_url":"https:\/\/blogopara.com.br\/wp-content\/uploads\/2023\/11\/thumbnail_WhatsApp-Image-2023-11-14-at-09.06.29.jpg","uagb_featured_image_src":{"full":["https:\/\/blogopara.com.br\/wp-content\/uploads\/2023\/11\/thumbnail_WhatsApp-Image-2023-11-14-at-09.06.29.jpg",500,625,false],"thumbnail":["https:\/\/blogopara.com.br\/wp-content\/uploads\/2023\/11\/thumbnail_WhatsApp-Image-2023-11-14-at-09.06.29-150x150.jpg",150,150,true],"medium":["https:\/\/blogopara.com.br\/wp-content\/uploads\/2023\/11\/thumbnail_WhatsApp-Image-2023-11-14-at-09.06.29-240x300.jpg",240,300,true],"medium_large":["https:\/\/blogopara.com.br\/wp-content\/uploads\/2023\/11\/thumbnail_WhatsApp-Image-2023-11-14-at-09.06.29.jpg",500,625,false],"large":["https:\/\/blogopara.com.br\/wp-content\/uploads\/2023\/11\/thumbnail_WhatsApp-Image-2023-11-14-at-09.06.29.jpg",500,625,false],"1536x1536":["https:\/\/blogopara.com.br\/wp-content\/uploads\/2023\/11\/thumbnail_WhatsApp-Image-2023-11-14-at-09.06.29.jpg",500,625,false],"2048x2048":["https:\/\/blogopara.com.br\/wp-content\/uploads\/2023\/11\/thumbnail_WhatsApp-Image-2023-11-14-at-09.06.29.jpg",500,625,false],"mantranews-slider-large":["https:\/\/blogopara.com.br\/wp-content\/uploads\/2023\/11\/thumbnail_WhatsApp-Image-2023-11-14-at-09.06.29.jpg",500,625,false],"mantranews-featured-medium":["https:\/\/blogopara.com.br\/wp-content\/uploads\/2023\/11\/thumbnail_WhatsApp-Image-2023-11-14-at-09.06.29-420x307.jpg",420,307,true],"mantranews-featured-long":["https:\/\/blogopara.com.br\/wp-content\/uploads\/2023\/11\/thumbnail_WhatsApp-Image-2023-11-14-at-09.06.29-300x443.jpg",300,443,true],"mantranews-block-medium":["https:\/\/blogopara.com.br\/wp-content\/uploads\/2023\/11\/thumbnail_WhatsApp-Image-2023-11-14-at-09.06.29-464x290.jpg",464,290,true],"mantranews-carousel-image":["https:\/\/blogopara.com.br\/wp-content\/uploads\/2023\/11\/thumbnail_WhatsApp-Image-2023-11-14-at-09.06.29-500x500.jpg",500,500,true],"mantranews-block-thumb":["https:\/\/blogopara.com.br\/wp-content\/uploads\/2023\/11\/thumbnail_WhatsApp-Image-2023-11-14-at-09.06.29-322x230.jpg",322,230,true],"mantranews-single-large":["https:\/\/blogopara.com.br\/wp-content\/uploads\/2023\/11\/thumbnail_WhatsApp-Image-2023-11-14-at-09.06.29.jpg",500,625,false]},"uagb_author_info":{"display_name":"Reda\u00e7\u00e3o geral","author_link":"https:\/\/blogopara.com.br\/index.php\/author\/blogopara"},"uagb_comment_info":0,"uagb_excerpt":"O pr\u00f3ximo domingo (26) vai ser de muita anima\u00e7\u00e3o e torcida para quem for para a Orla II de Juazeiro. A Prefeitura de Juazeiro, por meio da Secretaria de Educa\u00e7\u00e3o e Juventude (Seduc), promover\u00e1 o \u2018Festival Municipal Fan Fest Jua 2023\u2019. Na mesma data o munic\u00edpio ir\u00e1 sediar a 5\u00aa etapa classificat\u00f3ria do Campeonato Baiano&hellip;","jetpack_sharing_enabled":true,"jetpack_likes_enabled":true,"_links":{"self":[{"href":"https:\/\/blogopara.com.br\/index.php\/wp-json\/wp\/v2\/posts\/59452","targetHints":{"allow":["GET"]}}],"collection":[{"href":"https:\/\/blogopara.com.br\/index.php\/wp-json\/wp\/v2\/posts"}],"about":[{"href":"https:\/\/blogopara.com.br\/index.php\/wp-json\/wp\/v2\/types\/post"}],"author":[{"embeddable":true,"href":"https:\/\/blogopara.com.br\/index.php\/wp-json\/wp\/v2\/users\/1"}],"replies":[{"embeddable":true,"href":"https:\/\/blogopara.com.br\/index.php\/wp-json\/wp\/v2\/comments?post=59452"}],"version-history":[{"count":1,"href":"https:\/\/blogopara.com.br\/index.php\/wp-json\/wp\/v2\/posts\/59452\/revisions"}],"predecessor-version":[{"id":59454,"href":"https:\/\/blogopara.com.br\/index.php\/wp-json\/wp\/v2\/posts\/59452\/revisions\/59454"}],"wp:featuredmedia":[{"embeddable":true,"href":"https:\/\/blogopara.com.br\/index.php\/wp-json\/wp\/v2\/media\/59453"}],"wp:attachment":[{"href":"https:\/\/blogopara.com.br\/index.php\/wp-json\/wp\/v2\/media?parent=59452"}],"wp:term":[{"taxonomy":"category","embeddable":true,"href":"https:\/\/blogopara.com.br\/index.php\/wp-json\/wp\/v2\/categories?post=59452"},{"taxonomy":"post_tag","embeddable":true,"href":"https:\/\/blogopara.com.br\/index.php\/wp-json\/wp\/v2\/tags?post=59452"}],"curies":[{"name":"wp","href":"https:\/\/api.w.org\/{rel}","templated":true}]}}