{"id":59488,"date":"2023-11-21T11:49:06","date_gmt":"2023-11-21T14:49:06","guid":{"rendered":"https:\/\/blogopara.com.br\/?p=59488"},"modified":"2023-11-21T11:49:09","modified_gmt":"2023-11-21T14:49:09","slug":"carlos-neiva-assume-presidencia-do-conselho-de-administracao-da-juapar","status":"publish","type":"post","link":"https:\/\/blogopara.com.br\/index.php\/2023\/11\/21\/carlos-neiva-assume-presidencia-do-conselho-de-administracao-da-juapar","title":{"rendered":"Carlos Neiva assume presid\u00eancia do Conselho de Administra\u00e7\u00e3o da JUAPAR"},"content":{"rendered":"<p class=\"x_MsoNormal\" style=\"text-align: justify;\">O Assessor Especial de Gest\u00e3o da Prefeitura de Juazeiro, Carlos Neiva, assumiu a presid\u00eancia do Conselho de Administra\u00e7\u00e3o da empresa p\u00fablica municipal Juazeiro Participa\u00e7\u00f5es e Parcerias S\/A (JUAPAR). Neiva, que j\u00e1 esteve \u00e0 frente da Ag\u00eancia de Desenvolvimento Econ\u00f4mico, Agricultura e Pecu\u00e1ria (ADEAP), recebeu uma nova miss\u00e3o na gest\u00e3o Suzana Ramos.<\/p>\n<p class=\"x_MsoNormal\" style=\"text-align: justify;\">\u201c\u00c9 uma honra para mim assumir mais esse desafio. Estando \u00e0 frente do Conselho de Administra\u00e7\u00e3o da JUAPAR irei, como sempre, somar \u00e0 equipe e retribuir a confian\u00e7a da prefeita Suzana Ramos com muito trabalho e dedica\u00e7\u00e3o para fazer o melhor por nossa Juazeiro\u201d afirmou Carlos Neiva.<\/p>\n<p class=\"x_MsoNormal\" style=\"text-align: justify;\"><b>JUAPAR<\/b><\/p>\n<p class=\"x_MsoNormal\" style=\"text-align: justify;\">A cria\u00e7\u00e3o da JUAPAR foi autorizada pela Lei Complementar n\u00ba 059\/2022 com o objetivo de apoiar o Poder Executivo na implementa\u00e7\u00e3o de a\u00e7\u00f5es e parcerias estrat\u00e9gicas que desonerem o custeio da m\u00e1quina administrativa e que atraiam novos investimentos que gerem riqueza, emprego, renda e oportunidades de desenvolvimento econ\u00f4mico e social para o munic\u00edpio..<\/p>\n","protected":false},"excerpt":{"rendered":"<p>O Assessor Especial de Gest\u00e3o da Prefeitura de Juazeiro, Carlos Neiva, assumiu a presid\u00eancia do Conselho de Administra\u00e7\u00e3o da empresa p\u00fablica municipal Juazeiro Participa\u00e7\u00f5es e Parcerias S\/A (JUAPAR). Neiva, que j\u00e1 esteve \u00e0 frente da Ag\u00eancia de Desenvolvimento Econ\u00f4mico, Agricultura e Pecu\u00e1ria (ADEAP), recebeu uma nova miss\u00e3o na gest\u00e3o Suzana Ramos. \u201c\u00c9 uma honra para [&hellip;]<\/p>\n","protected":false},"author":1,"featured_media":59489,"comment_status":"closed","ping_status":"open","sticky":false,"template":"","format":"standard","meta":{"_uag_custom_page_level_css":"","_monsterinsights_skip_tracking":false,"_monsterinsights_sitenote_active":false,"_monsterinsights_sitenote_note":"","_monsterinsights_sitenote_category":0,"jetpack_post_was_ever_published":false,"_jetpack_newsletter_access":"","_jetpack_dont_email_post_to_subs":false,"_jetpack_newsletter_tier_id":0,"_jetpack_memberships_contains_paywalled_content":false,"_jetpack_memberships_contains_paid_content":false,"footnotes":"","jetpack_publicize_message":"","jetpack_publicize_feature_enabled":true,"jetpack_social_post_already_shared":true,"jetpack_social_options":{"image_generator_settings":{"template":"highway","default_image_id":0,"font":"","enabled":false},"version":2}},"categories":[203],"tags":[5294,1930,1405,11197],"class_list":["post-59488","post","type-post","status-publish","format-standard","has-post-thumbnail","hentry","category-juazeiro","tag-administracao","tag-conselho","tag-desenvolvimento","tag-fenix"],"jetpack_publicize_connections":[],"jetpack_featured_media_url":"https:\/\/blogopara.com.br\/wp-content\/uploads\/2023\/11\/921cf3_04625d9fa70441bd934f9c2878d1772c_mv2.jpeg","uagb_featured_image_src":{"full":["https:\/\/blogopara.com.br\/wp-content\/uploads\/2023\/11\/921cf3_04625d9fa70441bd934f9c2878d1772c_mv2.jpeg",500,500,false],"thumbnail":["https:\/\/blogopara.com.br\/wp-content\/uploads\/2023\/11\/921cf3_04625d9fa70441bd934f9c2878d1772c_mv2-150x150.jpeg",150,150,true],"medium":["https:\/\/blogopara.com.br\/wp-content\/uploads\/2023\/11\/921cf3_04625d9fa70441bd934f9c2878d1772c_mv2-300x300.jpeg",300,300,true],"medium_large":["https:\/\/blogopara.com.br\/wp-content\/uploads\/2023\/11\/921cf3_04625d9fa70441bd934f9c2878d1772c_mv2.jpeg",500,500,false],"large":["https:\/\/blogopara.com.br\/wp-content\/uploads\/2023\/11\/921cf3_04625d9fa70441bd934f9c2878d1772c_mv2.jpeg",500,500,false],"1536x1536":["https:\/\/blogopara.com.br\/wp-content\/uploads\/2023\/11\/921cf3_04625d9fa70441bd934f9c2878d1772c_mv2.jpeg",500,500,false],"2048x2048":["https:\/\/blogopara.com.br\/wp-content\/uploads\/2023\/11\/921cf3_04625d9fa70441bd934f9c2878d1772c_mv2.jpeg",500,500,false],"mantranews-slider-large":["https:\/\/blogopara.com.br\/wp-content\/uploads\/2023\/11\/921cf3_04625d9fa70441bd934f9c2878d1772c_mv2.jpeg",500,500,false],"mantranews-featured-medium":["https:\/\/blogopara.com.br\/wp-content\/uploads\/2023\/11\/921cf3_04625d9fa70441bd934f9c2878d1772c_mv2-420x307.jpeg",420,307,true],"mantranews-featured-long":["https:\/\/blogopara.com.br\/wp-content\/uploads\/2023\/11\/921cf3_04625d9fa70441bd934f9c2878d1772c_mv2-300x443.jpeg",300,443,true],"mantranews-block-medium":["https:\/\/blogopara.com.br\/wp-content\/uploads\/2023\/11\/921cf3_04625d9fa70441bd934f9c2878d1772c_mv2-464x290.jpeg",464,290,true],"mantranews-carousel-image":["https:\/\/blogopara.com.br\/wp-content\/uploads\/2023\/11\/921cf3_04625d9fa70441bd934f9c2878d1772c_mv2.jpeg",500,500,false],"mantranews-block-thumb":["https:\/\/blogopara.com.br\/wp-content\/uploads\/2023\/11\/921cf3_04625d9fa70441bd934f9c2878d1772c_mv2-322x230.jpeg",322,230,true],"mantranews-single-large":["https:\/\/blogopara.com.br\/wp-content\/uploads\/2023\/11\/921cf3_04625d9fa70441bd934f9c2878d1772c_mv2.jpeg",500,500,false]},"uagb_author_info":{"display_name":"Reda\u00e7\u00e3o geral","author_link":"https:\/\/blogopara.com.br\/index.php\/author\/blogopara"},"uagb_comment_info":0,"uagb_excerpt":"O Assessor Especial de Gest\u00e3o da Prefeitura de Juazeiro, Carlos Neiva, assumiu a presid\u00eancia do Conselho de Administra\u00e7\u00e3o da empresa p\u00fablica municipal Juazeiro Participa\u00e7\u00f5es e Parcerias S\/A (JUAPAR). Neiva, que j\u00e1 esteve \u00e0 frente da Ag\u00eancia de Desenvolvimento Econ\u00f4mico, Agricultura e Pecu\u00e1ria (ADEAP), recebeu uma nova miss\u00e3o na gest\u00e3o Suzana Ramos. \u201c\u00c9 uma honra para&hellip;","jetpack_sharing_enabled":true,"jetpack_likes_enabled":true,"_links":{"self":[{"href":"https:\/\/blogopara.com.br\/index.php\/wp-json\/wp\/v2\/posts\/59488","targetHints":{"allow":["GET"]}}],"collection":[{"href":"https:\/\/blogopara.com.br\/index.php\/wp-json\/wp\/v2\/posts"}],"about":[{"href":"https:\/\/blogopara.com.br\/index.php\/wp-json\/wp\/v2\/types\/post"}],"author":[{"embeddable":true,"href":"https:\/\/blogopara.com.br\/index.php\/wp-json\/wp\/v2\/users\/1"}],"replies":[{"embeddable":true,"href":"https:\/\/blogopara.com.br\/index.php\/wp-json\/wp\/v2\/comments?post=59488"}],"version-history":[{"count":1,"href":"https:\/\/blogopara.com.br\/index.php\/wp-json\/wp\/v2\/posts\/59488\/revisions"}],"predecessor-version":[{"id":59490,"href":"https:\/\/blogopara.com.br\/index.php\/wp-json\/wp\/v2\/posts\/59488\/revisions\/59490"}],"wp:featuredmedia":[{"embeddable":true,"href":"https:\/\/blogopara.com.br\/index.php\/wp-json\/wp\/v2\/media\/59489"}],"wp:attachment":[{"href":"https:\/\/blogopara.com.br\/index.php\/wp-json\/wp\/v2\/media?parent=59488"}],"wp:term":[{"taxonomy":"category","embeddable":true,"href":"https:\/\/blogopara.com.br\/index.php\/wp-json\/wp\/v2\/categories?post=59488"},{"taxonomy":"post_tag","embeddable":true,"href":"https:\/\/blogopara.com.br\/index.php\/wp-json\/wp\/v2\/tags?post=59488"}],"curies":[{"name":"wp","href":"https:\/\/api.w.org\/{rel}","templated":true}]}}