{"id":59587,"date":"2023-11-25T09:13:00","date_gmt":"2023-11-25T12:13:00","guid":{"rendered":"https:\/\/blogopara.com.br\/?p=59587"},"modified":"2023-11-24T23:15:04","modified_gmt":"2023-11-25T02:15:04","slug":"pec-do-senado-que-limita-o-stf-entenda-a-proposta-que-gerou-embate-entre-os-poderes","status":"publish","type":"post","link":"https:\/\/blogopara.com.br\/index.php\/2023\/11\/25\/pec-do-senado-que-limita-o-stf-entenda-a-proposta-que-gerou-embate-entre-os-poderes","title":{"rendered":"PEC do Senado que limita o STF: entenda a proposta que gerou embate entre os Poderes"},"content":{"rendered":"<p style=\"text-align: justify;\">O Senado aprovou nesta quarta-feira a Proposta de Emenda \u00e0 Constitui\u00e7\u00e3o (PEC) das decis\u00f5es monocr\u00e1ticas, que limita as decis\u00f5es tomadas individualmente por ministros do Supremo Tribunal Federal (STF). A iniciativa, defendida pelo presidente da Casa, Rodrigo Pacheco (PSD-MG), passou por dois turnos com o mesmo placar, 52 votos favor\u00e1veis e 18 contr\u00e1rios. O texto agora segue para a C\u00e2mara dos Deputados, onde a tend\u00eancia \u00e9 que enfrente mais resist\u00eancias.<\/p>\n<p style=\"text-align: justify;\">No dia seguinte \u00e0 aprova\u00e7\u00e3o, ministros da Corte fizeram cr\u00edticas a decis\u00e3o do Senado, com direito a r\u00e9plica de Pacheco no fim da noite.<\/p>\n<p style=\"text-align: justify;\">Entenda os principais pontos da proposta aprovada no Senado:<\/p>\n<p style=\"text-align: justify;\">A PEC limita quais tipos de decis\u00f5es do Supremo?<br \/>\nO texto veta a concess\u00e3o de decis\u00f5es individuais pelos ministros, as chamadas decis\u00f5es monocr\u00e1ticas, em a\u00e7\u00f5es para suspender a efic\u00e1cia de leis e atos dos presidentes da Rep\u00fablica, do Senado e da C\u00e2mara dos Deputados. O Supremo ainda poder\u00e1 julgar esses processos, mas a decis\u00e3o ter\u00e1 que ser tomada de forma colegiada pelos magistrados. A proposta tamb\u00e9m fixa prazo de seis meses ap\u00f3s decis\u00f5es cautelares (tempor\u00e1rias) para an\u00e1lise do m\u00e9rito em processos de a\u00e7\u00e3o direta de inconstitucionalidade, a\u00e7\u00e3o declarat\u00f3ria de constitucionalidade, argui\u00e7\u00e3o de descumprimento de preceito fundamental ou a\u00e7\u00e3o direta de inconstitucionalidade por omiss\u00e3o.<\/p>\n<p style=\"text-align: justify;\">E como hoje funcionam as decis\u00f5es monocr\u00e1ticas?<\/p>\n<p style=\"text-align: justify;\">O ministro pode decidir sozinho nos processos em que \u00e9 relator e nos quais se questiona leis ou atos dos presidentes dos Poderes. Isso j\u00e1 aconteceu, no passado recente, em nomea\u00e7\u00f5es feitas por presidentes e em legisla\u00e7\u00f5es aprovadas pelo Congresso. Nas decis\u00f5es liminares urgentes, o ministro deve submeter imediatamente a determina\u00e7\u00e3o ao plen\u00e1rio, de acordo com mudan\u00e7a no regimento interno da Corte feita no fim do ano passado.<\/p>\n<p style=\"text-align: justify;\">A proposta prev\u00ea alguma exce\u00e7\u00e3o?<\/p>\n<p style=\"text-align: justify;\">A PEC estabelece que a suspens\u00e3o de lei ou ato dos presidentes dos Poderes poder\u00e1 ser feita por meio decis\u00e3o individual pelo presidente do tribunal durante o per\u00edodo de recesso em situa\u00e7\u00f5es \u201cde grave urg\u00eancia ou perigo de dano irrepar\u00e1vel\u201d. Nesse caso, o tribunal ter\u00e1 que analisar a decis\u00e3o no prazo de 30 dias corridos ap\u00f3s o rein\u00edcio dos trabalhos judici\u00e1rios, sob pena de perda de efic\u00e1cia da medida.<\/p>\n<p style=\"text-align: justify;\">A PEC impacta outros atos do Executivo?<\/p>\n<p style=\"text-align: justify;\">O trecho que antes previa a proibi\u00e7\u00e3o de decis\u00e3o individual para qualquer ato normativo foi retirado do texto. Medidas tomadas em geral pelo Executivo, como portarias assinadas por ministros, ainda podem ser suspensas por decis\u00f5es individuais.<\/p>\n<p style=\"text-align: justify;\">O texto j\u00e1 est\u00e1 em vigor?<\/p>\n<p style=\"text-align: justify;\">N\u00e3o, a proposta ainda precisa passar pela C\u00e2mara. Al\u00e9m disso, a PEC prev\u00ea prazo de 180 dias para entrar em vigor. Especialistas veem ainda risco de judicializa\u00e7\u00e3o.<\/p>\n","protected":false},"excerpt":{"rendered":"<p>O Senado aprovou nesta quarta-feira a Proposta de Emenda \u00e0 Constitui\u00e7\u00e3o (PEC) das decis\u00f5es monocr\u00e1ticas, que limita as decis\u00f5es tomadas individualmente por ministros do Supremo Tribunal Federal (STF). A iniciativa, defendida pelo presidente da Casa, Rodrigo Pacheco (PSD-MG), passou por dois turnos com o mesmo placar, 52 votos favor\u00e1veis e 18 contr\u00e1rios. O texto agora [&hellip;]<\/p>\n","protected":false},"author":1,"featured_media":4139,"comment_status":"closed","ping_status":"open","sticky":false,"template":"","format":"standard","meta":{"_uag_custom_page_level_css":"","_monsterinsights_skip_tracking":false,"_monsterinsights_sitenote_active":false,"_monsterinsights_sitenote_note":"","_monsterinsights_sitenote_category":0,"jetpack_post_was_ever_published":false,"_jetpack_newsletter_access":"","_jetpack_dont_email_post_to_subs":false,"_jetpack_newsletter_tier_id":0,"_jetpack_memberships_contains_paywalled_content":false,"_jetpack_memberships_contains_paid_content":false,"footnotes":"","jetpack_publicize_message":"","jetpack_publicize_feature_enabled":true,"jetpack_social_post_already_shared":true,"jetpack_social_options":{"image_generator_settings":{"template":"highway","default_image_id":0,"font":"","enabled":false},"version":2}},"categories":[200],"tags":[],"class_list":["post-59587","post","type-post","status-publish","format-standard","has-post-thumbnail","hentry","category-brasil"],"jetpack_publicize_connections":[],"jetpack_featured_media_url":"https:\/\/blogopara.com.br\/wp-content\/uploads\/2019\/10\/plenario-do-senado.jpg","uagb_featured_image_src":{"full":["https:\/\/blogopara.com.br\/wp-content\/uploads\/2019\/10\/plenario-do-senado.jpg",1000,657,false],"thumbnail":["https:\/\/blogopara.com.br\/wp-content\/uploads\/2019\/10\/plenario-do-senado-150x150.jpg",150,150,true],"medium":["https:\/\/blogopara.com.br\/wp-content\/uploads\/2019\/10\/plenario-do-senado-300x197.jpg",300,197,true],"medium_large":["https:\/\/blogopara.com.br\/wp-content\/uploads\/2019\/10\/plenario-do-senado-768x505.jpg",640,421,true],"large":["https:\/\/blogopara.com.br\/wp-content\/uploads\/2019\/10\/plenario-do-senado.jpg",640,420,false],"1536x1536":["https:\/\/blogopara.com.br\/wp-content\/uploads\/2019\/10\/plenario-do-senado.jpg",1000,657,false],"2048x2048":["https:\/\/blogopara.com.br\/wp-content\/uploads\/2019\/10\/plenario-do-senado.jpg",1000,657,false],"mantranews-slider-large":["https:\/\/blogopara.com.br\/wp-content\/uploads\/2019\/10\/plenario-do-senado.jpg",1000,657,false],"mantranews-featured-medium":["https:\/\/blogopara.com.br\/wp-content\/uploads\/2019\/10\/plenario-do-senado.jpg",420,276,false],"mantranews-featured-long":["https:\/\/blogopara.com.br\/wp-content\/uploads\/2019\/10\/plenario-do-senado.jpg",300,197,false],"mantranews-block-medium":["https:\/\/blogopara.com.br\/wp-content\/uploads\/2019\/10\/plenario-do-senado.jpg",441,290,false],"mantranews-carousel-image":["https:\/\/blogopara.com.br\/wp-content\/uploads\/2019\/10\/plenario-do-senado.jpg",600,394,false],"mantranews-block-thumb":["https:\/\/blogopara.com.br\/wp-content\/uploads\/2019\/10\/plenario-do-senado.jpg",322,212,false],"mantranews-single-large":["https:\/\/blogopara.com.br\/wp-content\/uploads\/2019\/10\/plenario-do-senado.jpg",977,642,false]},"uagb_author_info":{"display_name":"Reda\u00e7\u00e3o geral","author_link":"https:\/\/blogopara.com.br\/index.php\/author\/blogopara"},"uagb_comment_info":0,"uagb_excerpt":"O Senado aprovou nesta quarta-feira a Proposta de Emenda \u00e0 Constitui\u00e7\u00e3o (PEC) das decis\u00f5es monocr\u00e1ticas, que limita as decis\u00f5es tomadas individualmente por ministros do Supremo Tribunal Federal (STF). A iniciativa, defendida pelo presidente da Casa, Rodrigo Pacheco (PSD-MG), passou por dois turnos com o mesmo placar, 52 votos favor\u00e1veis e 18 contr\u00e1rios. O texto agora&hellip;","jetpack_sharing_enabled":true,"jetpack_likes_enabled":true,"_links":{"self":[{"href":"https:\/\/blogopara.com.br\/index.php\/wp-json\/wp\/v2\/posts\/59587","targetHints":{"allow":["GET"]}}],"collection":[{"href":"https:\/\/blogopara.com.br\/index.php\/wp-json\/wp\/v2\/posts"}],"about":[{"href":"https:\/\/blogopara.com.br\/index.php\/wp-json\/wp\/v2\/types\/post"}],"author":[{"embeddable":true,"href":"https:\/\/blogopara.com.br\/index.php\/wp-json\/wp\/v2\/users\/1"}],"replies":[{"embeddable":true,"href":"https:\/\/blogopara.com.br\/index.php\/wp-json\/wp\/v2\/comments?post=59587"}],"version-history":[{"count":1,"href":"https:\/\/blogopara.com.br\/index.php\/wp-json\/wp\/v2\/posts\/59587\/revisions"}],"predecessor-version":[{"id":59589,"href":"https:\/\/blogopara.com.br\/index.php\/wp-json\/wp\/v2\/posts\/59587\/revisions\/59589"}],"wp:featuredmedia":[{"embeddable":true,"href":"https:\/\/blogopara.com.br\/index.php\/wp-json\/wp\/v2\/media\/4139"}],"wp:attachment":[{"href":"https:\/\/blogopara.com.br\/index.php\/wp-json\/wp\/v2\/media?parent=59587"}],"wp:term":[{"taxonomy":"category","embeddable":true,"href":"https:\/\/blogopara.com.br\/index.php\/wp-json\/wp\/v2\/categories?post=59587"},{"taxonomy":"post_tag","embeddable":true,"href":"https:\/\/blogopara.com.br\/index.php\/wp-json\/wp\/v2\/tags?post=59587"}],"curies":[{"name":"wp","href":"https:\/\/api.w.org\/{rel}","templated":true}]}}