{"id":59615,"date":"2023-11-26T10:34:00","date_gmt":"2023-11-26T13:34:00","guid":{"rendered":"https:\/\/blogopara.com.br\/?p=59615"},"modified":"2023-11-26T12:15:17","modified_gmt":"2023-11-26T15:15:17","slug":"feira-de-empreendedorismo-toma-conta-de-escolas-da-rede-municipal-de-ensino-em-juazeiro","status":"publish","type":"post","link":"https:\/\/blogopara.com.br\/index.php\/2023\/11\/26\/feira-de-empreendedorismo-toma-conta-de-escolas-da-rede-municipal-de-ensino-em-juazeiro","title":{"rendered":"Feira de Empreendedorismo toma conta de escolas da rede municipal de ensino em Juazeiro"},"content":{"rendered":"<p class=\"x_MsoNormal\" style=\"text-align: justify;\">As escolas da rede municipal de ensino na sede e no interior de Juazeiro receberam, neste s\u00e1bado (25), a Feira de Empreendedorismo. A a\u00e7\u00e3o \u00e9 uma culmin\u00e2ncia da disciplina de Empreendedorismo e do projeto pedag\u00f3gico desenvolvido pela Prefeitura de Juazeiro, atrav\u00e9s da Secretaria de Educa\u00e7\u00e3o e Juventude (Seduc), que prev\u00ea o est\u00edmulo \u00e0 aquisi\u00e7\u00e3o de habilidades empreendedoras na escola e a prepara\u00e7\u00e3o dos estudantes para a vida e para o mundo do trabalho.<\/p>\n<p class=\"x_MsoNormal\" style=\"text-align: justify;\">De acordo com a assessora pedag\u00f3gica em Empreendedorismo da Seduc, Andr\u00e9a Nascimento, a Feira \u00e9 realizada anualmente como resultado das pr\u00e1ticas desenvolvidas pelos estudantes em sala de aula. \u201cA Feira de Empreendedorismo nas escolas da rede municipal, n\u00e3o \u00e9 s\u00f3 expor o trabalho que os alunos produzem na disciplina de Empreendedorismo, mas tamb\u00e9m estimular o empreendedorismo nas escolas, porque isso tem um papel fundamental no desenvolvimento do aluno e na sua prepara\u00e7\u00e3o para o mundo real, sobretudo pelas habilidades e compet\u00eancias que eles adquirem no processo de tirar uma ideia do papel e colocar em pr\u00e1tica\u201d, pontua.<\/p>\n<p class=\"x_MsoNormal\" style=\"text-align: justify;\">Na Escola Municipal Professora Terezinha Ferreira de Oliveira, no bairro Tabuleiro, os estudantes atra\u00edram a comunidade e se empenharam na produ\u00e7\u00e3o. \u201cEm nossa Feira, os nossos alunos comercializaram hortali\u00e7as cultivadas em uma horta vertical produzida na escola, comidas, artesanato, pulseiras, la\u00e7os, sab\u00e3o e outros produtos de higiene. Tamb\u00e9m realizaram oficinas e expuseram as suas produ\u00e7\u00f5es da Feira de Ci\u00eancias do Projeto de Leitura\u201d, contou a coordenadora pedag\u00f3gica da unidade escolar, Roberta Morais.<\/p>\n<p class=\"x_MsoNormal\" style=\"text-align: justify;\">Andr\u00e9 Daniel Lima, que \u00e9 aluno do 6\u00b0 ano do Ensino Fundamental na Escola Professora Terezinha, destacou o quanto aprendeu com as aulas de Empreendedorismo. \u201cCom a disciplina, eu aprendi, entre muitas outras coisas, o que \u00e9 lucro e o que \u00e9 custo e que mesmo sendo jovens, n\u00f3s podemos ser pequenos empreendedores, n\u00e3o importa a idade\u201d, disse Andr\u00e9, enquanto comercializava as pulseiras produzidas por ele.<\/p>\n<p class=\"x_MsoNormal\" style=\"text-align: justify;\"><b>\u00a0<\/b><\/p>\n<p class=\"x_MsoNormal\" style=\"text-align: justify;\"><b>Empreendedorismo e Consci\u00eancia Negra<\/b><\/p>\n<p class=\"x_MsoNormal\" style=\"text-align: justify;\">As escolas tamb\u00e9m aproveitaram a proximidade com o Dia da Consci\u00eancia Negra, celebrado em 20 de novembro, para ampliar a sua Feira. Na Escola Municipal Jos\u00e9 Padilha de Souza, no bairro Alto do Cruzeiro, a Feira de Empreendedorismo agregou a comercializa\u00e7\u00e3o de produtos inspirados na cultura africana e apresenta\u00e7\u00f5es culturais. \u201cDesde outubro n\u00f3s estamos com o projeto \u2018Uma fant\u00e1stica viagem pelo continente africano\u2019, discutindo diversos temas e explorando dan\u00e7as, contos, religi\u00f5es, culin\u00e1ria e hist\u00f3ria. A partir de cada tema, eles foram produzindo materiais para a comercializa\u00e7\u00e3o na Feira, como chaveiros com m\u00e1scaras e figuras da \u00c1frica, brinquedos produzidos com sucata, pulseiras, tambores, comidas de origem africana, etc\u201d, relatou a coordenadora pedag\u00f3gica da Escola Jos\u00e9 Padilha, La\u00eds Vargas.<\/p>\n<p class=\"x_MsoNormal\" style=\"text-align: justify;\">J\u00e1 na Escola Municipal Esta\u00e7\u00e3o do Saber Jos\u00e9 Carlos Tanuri, a Feira de Empreendedorismo virou Feira Black, como explicou a gestora da escola, Virna Sarissa. \u201cEstamos dando continuidade \u00e0 culmin\u00e2ncia do nosso projeto pedag\u00f3gico \u2018Viajando na esta\u00e7\u00e3o, eu giro o mundo e construo saberes\u2019, que esse ano teve como tema a \u00c1frica, e transformamos a Feira de Empreendedorismo em Feira Black. Realizamos algumas oficinas, como a de bonecas abayomi, de m\u00e1scaras, turbantes, tran\u00e7as, feira da pechincha, entre outros, e os estudantes est\u00e3o trabalhando com uma moeda que criamos aqui na esta\u00e7\u00e3o, os trilhos\u201d, disse.<\/p>\n<p class=\"x_MsoNormal\" style=\"text-align: justify;\">Aluna do 3\u00b0 ano do Ensino Fundamental, na Esta\u00e7\u00e3o do Saber, Isadora Rodrigues da Silva contou que amou participar da Feira. \u201cEu e os meus colegas produzimos prendedores de cabelo e eu amei fazer. Foi muito bom participar da Feira e conhecer a \u00c1frica. O continente africano \u00e9 um pouco distante, mas a Esta\u00e7\u00e3o fez a gente ficar pertinho dele\u201d, frisou Isadora.<\/p>\n<p class=\"x_MsoNormal\" style=\"text-align: justify;\">O dinheiro arrecadado pelos estudantes na venda dos produtos ser\u00e1 utilizado na pr\u00f3pria escola.<\/p>\n","protected":false},"excerpt":{"rendered":"<p>As escolas da rede municipal de ensino na sede e no interior de Juazeiro receberam, neste s\u00e1bado (25), a Feira de Empreendedorismo. A a\u00e7\u00e3o \u00e9 uma culmin\u00e2ncia da disciplina de Empreendedorismo e do projeto pedag\u00f3gico desenvolvido pela Prefeitura de Juazeiro, atrav\u00e9s da Secretaria de Educa\u00e7\u00e3o e Juventude (Seduc), que prev\u00ea o est\u00edmulo \u00e0 aquisi\u00e7\u00e3o de [&hellip;]<\/p>\n","protected":false},"author":1,"featured_media":59616,"comment_status":"closed","ping_status":"open","sticky":false,"template":"","format":"standard","meta":{"_uag_custom_page_level_css":"","_monsterinsights_skip_tracking":false,"_monsterinsights_sitenote_active":false,"_monsterinsights_sitenote_note":"","_monsterinsights_sitenote_category":0,"jetpack_post_was_ever_published":false,"_jetpack_newsletter_access":"","_jetpack_dont_email_post_to_subs":false,"_jetpack_newsletter_tier_id":0,"_jetpack_memberships_contains_paywalled_content":false,"_jetpack_memberships_contains_paid_content":false,"footnotes":"","jetpack_publicize_message":"","jetpack_publicize_feature_enabled":true,"jetpack_social_post_already_shared":true,"jetpack_social_options":{"image_generator_settings":{"template":"highway","default_image_id":0,"font":"","enabled":false},"version":2}},"categories":[203],"tags":[],"class_list":["post-59615","post","type-post","status-publish","format-standard","has-post-thumbnail","hentry","category-juazeiro"],"jetpack_publicize_connections":[],"jetpack_featured_media_url":"https:\/\/blogopara.com.br\/wp-content\/uploads\/2023\/11\/thumbnail_53354953206_7b41d5f160_c.jpg","uagb_featured_image_src":{"full":["https:\/\/blogopara.com.br\/wp-content\/uploads\/2023\/11\/thumbnail_53354953206_7b41d5f160_c.jpg",500,333,false],"thumbnail":["https:\/\/blogopara.com.br\/wp-content\/uploads\/2023\/11\/thumbnail_53354953206_7b41d5f160_c-150x150.jpg",150,150,true],"medium":["https:\/\/blogopara.com.br\/wp-content\/uploads\/2023\/11\/thumbnail_53354953206_7b41d5f160_c-300x200.jpg",300,200,true],"medium_large":["https:\/\/blogopara.com.br\/wp-content\/uploads\/2023\/11\/thumbnail_53354953206_7b41d5f160_c.jpg",500,333,false],"large":["https:\/\/blogopara.com.br\/wp-content\/uploads\/2023\/11\/thumbnail_53354953206_7b41d5f160_c.jpg",500,333,false],"1536x1536":["https:\/\/blogopara.com.br\/wp-content\/uploads\/2023\/11\/thumbnail_53354953206_7b41d5f160_c.jpg",500,333,false],"2048x2048":["https:\/\/blogopara.com.br\/wp-content\/uploads\/2023\/11\/thumbnail_53354953206_7b41d5f160_c.jpg",500,333,false],"mantranews-slider-large":["https:\/\/blogopara.com.br\/wp-content\/uploads\/2023\/11\/thumbnail_53354953206_7b41d5f160_c.jpg",500,333,false],"mantranews-featured-medium":["https:\/\/blogopara.com.br\/wp-content\/uploads\/2023\/11\/thumbnail_53354953206_7b41d5f160_c-420x307.jpg",420,307,true],"mantranews-featured-long":["https:\/\/blogopara.com.br\/wp-content\/uploads\/2023\/11\/thumbnail_53354953206_7b41d5f160_c-300x333.jpg",300,333,true],"mantranews-block-medium":["https:\/\/blogopara.com.br\/wp-content\/uploads\/2023\/11\/thumbnail_53354953206_7b41d5f160_c-464x290.jpg",464,290,true],"mantranews-carousel-image":["https:\/\/blogopara.com.br\/wp-content\/uploads\/2023\/11\/thumbnail_53354953206_7b41d5f160_c.jpg",500,333,false],"mantranews-block-thumb":["https:\/\/blogopara.com.br\/wp-content\/uploads\/2023\/11\/thumbnail_53354953206_7b41d5f160_c-322x230.jpg",322,230,true],"mantranews-single-large":["https:\/\/blogopara.com.br\/wp-content\/uploads\/2023\/11\/thumbnail_53354953206_7b41d5f160_c.jpg",500,333,false]},"uagb_author_info":{"display_name":"Reda\u00e7\u00e3o geral","author_link":"https:\/\/blogopara.com.br\/index.php\/author\/blogopara"},"uagb_comment_info":0,"uagb_excerpt":"As escolas da rede municipal de ensino na sede e no interior de Juazeiro receberam, neste s\u00e1bado (25), a Feira de Empreendedorismo. A a\u00e7\u00e3o \u00e9 uma culmin\u00e2ncia da disciplina de Empreendedorismo e do projeto pedag\u00f3gico desenvolvido pela Prefeitura de Juazeiro, atrav\u00e9s da Secretaria de Educa\u00e7\u00e3o e Juventude (Seduc), que prev\u00ea o est\u00edmulo \u00e0 aquisi\u00e7\u00e3o de&hellip;","jetpack_sharing_enabled":true,"jetpack_likes_enabled":true,"_links":{"self":[{"href":"https:\/\/blogopara.com.br\/index.php\/wp-json\/wp\/v2\/posts\/59615","targetHints":{"allow":["GET"]}}],"collection":[{"href":"https:\/\/blogopara.com.br\/index.php\/wp-json\/wp\/v2\/posts"}],"about":[{"href":"https:\/\/blogopara.com.br\/index.php\/wp-json\/wp\/v2\/types\/post"}],"author":[{"embeddable":true,"href":"https:\/\/blogopara.com.br\/index.php\/wp-json\/wp\/v2\/users\/1"}],"replies":[{"embeddable":true,"href":"https:\/\/blogopara.com.br\/index.php\/wp-json\/wp\/v2\/comments?post=59615"}],"version-history":[{"count":2,"href":"https:\/\/blogopara.com.br\/index.php\/wp-json\/wp\/v2\/posts\/59615\/revisions"}],"predecessor-version":[{"id":59650,"href":"https:\/\/blogopara.com.br\/index.php\/wp-json\/wp\/v2\/posts\/59615\/revisions\/59650"}],"wp:featuredmedia":[{"embeddable":true,"href":"https:\/\/blogopara.com.br\/index.php\/wp-json\/wp\/v2\/media\/59616"}],"wp:attachment":[{"href":"https:\/\/blogopara.com.br\/index.php\/wp-json\/wp\/v2\/media?parent=59615"}],"wp:term":[{"taxonomy":"category","embeddable":true,"href":"https:\/\/blogopara.com.br\/index.php\/wp-json\/wp\/v2\/categories?post=59615"},{"taxonomy":"post_tag","embeddable":true,"href":"https:\/\/blogopara.com.br\/index.php\/wp-json\/wp\/v2\/tags?post=59615"}],"curies":[{"name":"wp","href":"https:\/\/api.w.org\/{rel}","templated":true}]}}