{"id":5963,"date":"2019-12-28T13:03:52","date_gmt":"2019-12-28T16:03:52","guid":{"rendered":"http:\/\/blogopara.com.br\/?p=5963"},"modified":"2019-12-28T13:03:59","modified_gmt":"2019-12-28T16:03:59","slug":"pcdob-adotara-nome-fantasia-que-encobre-o-termo-comunista","status":"publish","type":"post","link":"https:\/\/blogopara.com.br\/index.php\/2019\/12\/28\/pcdob-adotara-nome-fantasia-que-encobre-o-termo-comunista","title":{"rendered":"PCdoB adotar\u00e1 \u201cnome fantasia\u201d que encobre o termo \u201ccomunista\u201d"},"content":{"rendered":"<p style=\"text-align: justify;\">Com quase 100 anos de hist\u00f3ria, o PCdoB adotar\u00e1 uma nova marca em 2020. Encobrindo as palavras \u201cpartido\u201d e \u201ccomunista\u201d de sua sigla, a legenda passar\u00e1 a adotar a express\u00e3o \u201cMovimento 65\u201d, que enfatiza o n\u00famero do partido que pretende lan\u00e7ar em 2022 a candidatura Presid\u00eancia da Rep\u00fablica do governador do Maranh\u00e3o,\u00a0<a href=\"https:\/\/www.metropoles.com\/brasil\/politica-br\/dino-diz-que-se-lula-for-candidato-do-pt-ele-estara-no-palanque\" target=\"_blank\" rel=\"noopener noreferrer\">Fl\u00e1vio Dino<\/a>.<\/p>\n<p style=\"text-align: justify;\">A ideia inicial era mudar o nome do\u00a0<a href=\"https:\/\/www.metropoles.com\/brasil\/politica-br\/pcdob-exige-respeito-de-pt-e-psol-depois-de-racha-na-eleicao-de-maia\" target=\"_blank\" rel=\"noopener noreferrer\">partido<\/a>, suprimindo os dois termos. Houve resist\u00eancia de filiados e a ado\u00e7\u00e3o do \u201cnome fantasia\u201d representa um recuo na inten\u00e7\u00e3o de alguns membros da sigla de se livrar do termo para formar um movimento mais amplo contra o atual presidente, Jair Bolsonaro.<\/p>\n<p style=\"text-align: justify;\">De acordo com integrantes do PCdoB, a marca a ser usada na publicidade institucional trar\u00e1, em vez do vermelho, as cores verde e amarelo como predominantes. Saem tamb\u00e9m a \u201cfoice e o martelo\u201d, s\u00edmbolo da luta das classes trabalhadoras urbana (martelo) e rural (foice) e que representa tanto o movimento socialista, como o comunista.<\/p>\n<div id=\"outbrain_widget_0\" class=\"OUTBRAIN\" style=\"text-align: justify;\" data-src=\"https:\/\/www.metropoles.com\/brasil\/politica-br\/pcdob-adotara-nome-fantasia-que-encobre-o-termo-comunista\" data-widget-id=\"AR_6\" data-ob-template=\"\u201cmetropoles&quot;\" data-ob-mark=\"true\" data-browser=\"chrome\" data-os=\"win32\" data-dynload=\"\" data-idx=\"0\">\n<pre class=\"ob_box_cont AR_6\">Fonte: Metr\u00f3poles<\/pre>\n<\/div>\n<div class=\"m-banner-wrap m-banner-rectangle m-publicity-content-middle\">\n<div id=\"div-gpt-ad-brasil-quadrado-2\" class=\"ad-quadrado\" style=\"text-align: justify;\" data-google-query-id=\"CJqdmtXb2OYCFf8FuQYdcF0AyQ\"><\/div>\n<\/div>\n","protected":false},"excerpt":{"rendered":"<p>Legenda virar\u00e1 Movimento 65. Na nova marca, saem o vermelho, a foice e o martelo e entram o verde e o amarelo<\/p>\n","protected":false},"author":1,"featured_media":6017,"comment_status":"open","ping_status":"open","sticky":false,"template":"","format":"standard","meta":{"_uag_custom_page_level_css":"","_monsterinsights_skip_tracking":false,"_monsterinsights_sitenote_active":false,"_monsterinsights_sitenote_note":"","_monsterinsights_sitenote_category":0,"jetpack_post_was_ever_published":false,"_jetpack_newsletter_access":"","_jetpack_dont_email_post_to_subs":false,"_jetpack_newsletter_tier_id":0,"_jetpack_memberships_contains_paywalled_content":false,"_jetpack_memberships_contains_paid_content":false,"footnotes":"","jetpack_publicize_message":"","jetpack_publicize_feature_enabled":true,"jetpack_social_post_already_shared":true,"jetpack_social_options":{"image_generator_settings":{"template":"highway","default_image_id":0,"font":"","enabled":false},"version":2}},"categories":[203],"tags":[],"class_list":["post-5963","post","type-post","status-publish","format-standard","has-post-thumbnail","hentry","category-juazeiro"],"jetpack_publicize_connections":[],"jetpack_featured_media_url":"https:\/\/blogopara.com.br\/wp-content\/uploads\/2019\/12\/pcdob-semfoice.jpg","uagb_featured_image_src":{"full":["https:\/\/blogopara.com.br\/wp-content\/uploads\/2019\/12\/pcdob-semfoice.jpg",960,640,false],"thumbnail":["https:\/\/blogopara.com.br\/wp-content\/uploads\/2019\/12\/pcdob-semfoice-150x150.jpg",150,150,true],"medium":["https:\/\/blogopara.com.br\/wp-content\/uploads\/2019\/12\/pcdob-semfoice-300x200.jpg",300,200,true],"medium_large":["https:\/\/blogopara.com.br\/wp-content\/uploads\/2019\/12\/pcdob-semfoice-768x512.jpg",640,427,true],"large":["https:\/\/blogopara.com.br\/wp-content\/uploads\/2019\/12\/pcdob-semfoice.jpg",640,427,false],"1536x1536":["https:\/\/blogopara.com.br\/wp-content\/uploads\/2019\/12\/pcdob-semfoice.jpg",960,640,false],"2048x2048":["https:\/\/blogopara.com.br\/wp-content\/uploads\/2019\/12\/pcdob-semfoice.jpg",960,640,false],"mantranews-slider-large":["https:\/\/blogopara.com.br\/wp-content\/uploads\/2019\/12\/pcdob-semfoice.jpg",960,640,false],"mantranews-featured-medium":["https:\/\/blogopara.com.br\/wp-content\/uploads\/2019\/12\/pcdob-semfoice.jpg",420,280,false],"mantranews-featured-long":["https:\/\/blogopara.com.br\/wp-content\/uploads\/2019\/12\/pcdob-semfoice.jpg",300,200,false],"mantranews-block-medium":["https:\/\/blogopara.com.br\/wp-content\/uploads\/2019\/12\/pcdob-semfoice.jpg",435,290,false],"mantranews-carousel-image":["https:\/\/blogopara.com.br\/wp-content\/uploads\/2019\/12\/pcdob-semfoice.jpg",600,400,false],"mantranews-block-thumb":["https:\/\/blogopara.com.br\/wp-content\/uploads\/2019\/12\/pcdob-semfoice.jpg",322,215,false],"mantranews-single-large":["https:\/\/blogopara.com.br\/wp-content\/uploads\/2019\/12\/pcdob-semfoice.jpg",960,640,false]},"uagb_author_info":{"display_name":"Reda\u00e7\u00e3o geral","author_link":"https:\/\/blogopara.com.br\/index.php\/author\/blogopara"},"uagb_comment_info":1,"uagb_excerpt":"Legenda virar\u00e1 Movimento 65. Na nova marca, saem o vermelho, a foice e o martelo e entram o verde e o amarelo","jetpack_sharing_enabled":true,"jetpack_likes_enabled":true,"_links":{"self":[{"href":"https:\/\/blogopara.com.br\/index.php\/wp-json\/wp\/v2\/posts\/5963","targetHints":{"allow":["GET"]}}],"collection":[{"href":"https:\/\/blogopara.com.br\/index.php\/wp-json\/wp\/v2\/posts"}],"about":[{"href":"https:\/\/blogopara.com.br\/index.php\/wp-json\/wp\/v2\/types\/post"}],"author":[{"embeddable":true,"href":"https:\/\/blogopara.com.br\/index.php\/wp-json\/wp\/v2\/users\/1"}],"replies":[{"embeddable":true,"href":"https:\/\/blogopara.com.br\/index.php\/wp-json\/wp\/v2\/comments?post=5963"}],"version-history":[{"count":2,"href":"https:\/\/blogopara.com.br\/index.php\/wp-json\/wp\/v2\/posts\/5963\/revisions"}],"predecessor-version":[{"id":6018,"href":"https:\/\/blogopara.com.br\/index.php\/wp-json\/wp\/v2\/posts\/5963\/revisions\/6018"}],"wp:featuredmedia":[{"embeddable":true,"href":"https:\/\/blogopara.com.br\/index.php\/wp-json\/wp\/v2\/media\/6017"}],"wp:attachment":[{"href":"https:\/\/blogopara.com.br\/index.php\/wp-json\/wp\/v2\/media?parent=5963"}],"wp:term":[{"taxonomy":"category","embeddable":true,"href":"https:\/\/blogopara.com.br\/index.php\/wp-json\/wp\/v2\/categories?post=5963"},{"taxonomy":"post_tag","embeddable":true,"href":"https:\/\/blogopara.com.br\/index.php\/wp-json\/wp\/v2\/tags?post=5963"}],"curies":[{"name":"wp","href":"https:\/\/api.w.org\/{rel}","templated":true}]}}