{"id":59635,"date":"2023-11-26T09:50:00","date_gmt":"2023-11-26T12:50:00","guid":{"rendered":"https:\/\/blogopara.com.br\/?p=59635"},"modified":"2023-11-25T17:53:23","modified_gmt":"2023-11-25T20:53:23","slug":"criacao-do-dia-nacional-do-brega-propoe-a-deputada-lidice-da-mata-precisam-do-nosso-apoio","status":"publish","type":"post","link":"https:\/\/blogopara.com.br\/index.php\/2023\/11\/26\/criacao-do-dia-nacional-do-brega-propoe-a-deputada-lidice-da-mata-precisam-do-nosso-apoio","title":{"rendered":"Cria\u00e7\u00e3o do Dia Nacional do Brega: prop\u00f5e a deputada L\u00eddice da Mata; \u201cprecisam do nosso apoio\u201d"},"content":{"rendered":"<p style=\"text-align: justify;\">A c\u00e2mara dos Deputados est\u00e1 debatendo a necessidade da cria\u00e7\u00e3o do Dia Nacional do Brega. De autoria da deputada baiana,\u00a0L\u00eddice da Mata (PSB), o assunto foi tratado em audi\u00eancia p\u00fablica realizada nesta ter\u00e7a-feira (21), na Comiss\u00e3o de Cultura da C\u00e2mara dos Deputados.<\/p>\n<p style=\"text-align: justify;\">\u201c\u00c9 um movimento cultural importante. O brega de certa maneira originou o arrocha com tanta for\u00e7a na Bahia, em Segipe e muitas cidades do interior. S\u00e3o novos ritmos, novas formas de organiza\u00e7\u00f5es da cultura nacional, m\u00fasica nacional e precisam do nosso apoio. O PSB \u00e9 um partido que defende a economia criativa, a inova\u00e7\u00e3o, a tecnologia e tudo que vem da criatividade humana como uma cultura t\u00e3o determinante para o nosso desenvolvimento\u201d, disse a deputada.<\/p>\n<p style=\"text-align: justify;\">A data engloba n\u00e3o s\u00f3 o g\u00eanero famoso, como o brega funk e o tecnobrega. Para o calend\u00e1rio foi sugerido que a celebra\u00e7\u00e3o deste ritmo musical ocorra no dia 14 de fevereiro, anivers\u00e1rio do famoso cantor brega, Reginaldo Rossi. A mat\u00e9ria \u00e9 do Bnews<\/p>\n","protected":false},"excerpt":{"rendered":"<p>A c\u00e2mara dos Deputados est\u00e1 debatendo a necessidade da cria\u00e7\u00e3o do Dia Nacional do Brega. De autoria da deputada baiana,\u00a0L\u00eddice da Mata (PSB), o assunto foi tratado em audi\u00eancia p\u00fablica realizada nesta ter\u00e7a-feira (21), na Comiss\u00e3o de Cultura da C\u00e2mara dos Deputados. \u201c\u00c9 um movimento cultural importante. O brega de certa maneira originou o arrocha [&hellip;]<\/p>\n","protected":false},"author":1,"featured_media":59637,"comment_status":"closed","ping_status":"open","sticky":false,"template":"","format":"standard","meta":{"_uag_custom_page_level_css":"","_monsterinsights_skip_tracking":false,"_monsterinsights_sitenote_active":false,"_monsterinsights_sitenote_note":"","_monsterinsights_sitenote_category":0,"jetpack_post_was_ever_published":false,"_jetpack_newsletter_access":"","_jetpack_dont_email_post_to_subs":false,"_jetpack_newsletter_tier_id":0,"_jetpack_memberships_contains_paywalled_content":false,"_jetpack_memberships_contains_paid_content":false,"footnotes":"","jetpack_publicize_message":"","jetpack_publicize_feature_enabled":true,"jetpack_social_post_already_shared":true,"jetpack_social_options":{"image_generator_settings":{"template":"highway","default_image_id":0,"font":"","enabled":false},"version":2}},"categories":[200],"tags":[],"class_list":["post-59635","post","type-post","status-publish","format-standard","has-post-thumbnail","hentry","category-brasil"],"jetpack_publicize_connections":[],"jetpack_featured_media_url":"https:\/\/blogopara.com.br\/wp-content\/uploads\/2023\/11\/deputada-lidice-eleicoes_widelg_widelg_widelg.jpg","uagb_featured_image_src":{"full":["https:\/\/blogopara.com.br\/wp-content\/uploads\/2023\/11\/deputada-lidice-eleicoes_widelg_widelg_widelg.jpg",500,281,false],"thumbnail":["https:\/\/blogopara.com.br\/wp-content\/uploads\/2023\/11\/deputada-lidice-eleicoes_widelg_widelg_widelg-150x150.jpg",150,150,true],"medium":["https:\/\/blogopara.com.br\/wp-content\/uploads\/2023\/11\/deputada-lidice-eleicoes_widelg_widelg_widelg-300x169.jpg",300,169,true],"medium_large":["https:\/\/blogopara.com.br\/wp-content\/uploads\/2023\/11\/deputada-lidice-eleicoes_widelg_widelg_widelg.jpg",500,281,false],"large":["https:\/\/blogopara.com.br\/wp-content\/uploads\/2023\/11\/deputada-lidice-eleicoes_widelg_widelg_widelg.jpg",500,281,false],"1536x1536":["https:\/\/blogopara.com.br\/wp-content\/uploads\/2023\/11\/deputada-lidice-eleicoes_widelg_widelg_widelg.jpg",500,281,false],"2048x2048":["https:\/\/blogopara.com.br\/wp-content\/uploads\/2023\/11\/deputada-lidice-eleicoes_widelg_widelg_widelg.jpg",500,281,false],"mantranews-slider-large":["https:\/\/blogopara.com.br\/wp-content\/uploads\/2023\/11\/deputada-lidice-eleicoes_widelg_widelg_widelg.jpg",500,281,false],"mantranews-featured-medium":["https:\/\/blogopara.com.br\/wp-content\/uploads\/2023\/11\/deputada-lidice-eleicoes_widelg_widelg_widelg-420x281.jpg",420,281,true],"mantranews-featured-long":["https:\/\/blogopara.com.br\/wp-content\/uploads\/2023\/11\/deputada-lidice-eleicoes_widelg_widelg_widelg-300x281.jpg",300,281,true],"mantranews-block-medium":["https:\/\/blogopara.com.br\/wp-content\/uploads\/2023\/11\/deputada-lidice-eleicoes_widelg_widelg_widelg-464x281.jpg",464,281,true],"mantranews-carousel-image":["https:\/\/blogopara.com.br\/wp-content\/uploads\/2023\/11\/deputada-lidice-eleicoes_widelg_widelg_widelg.jpg",500,281,false],"mantranews-block-thumb":["https:\/\/blogopara.com.br\/wp-content\/uploads\/2023\/11\/deputada-lidice-eleicoes_widelg_widelg_widelg-322x230.jpg",322,230,true],"mantranews-single-large":["https:\/\/blogopara.com.br\/wp-content\/uploads\/2023\/11\/deputada-lidice-eleicoes_widelg_widelg_widelg.jpg",500,281,false]},"uagb_author_info":{"display_name":"Reda\u00e7\u00e3o geral","author_link":"https:\/\/blogopara.com.br\/index.php\/author\/blogopara"},"uagb_comment_info":0,"uagb_excerpt":"A c\u00e2mara dos Deputados est\u00e1 debatendo a necessidade da cria\u00e7\u00e3o do Dia Nacional do Brega. De autoria da deputada baiana,\u00a0L\u00eddice da Mata (PSB), o assunto foi tratado em audi\u00eancia p\u00fablica realizada nesta ter\u00e7a-feira (21), na Comiss\u00e3o de Cultura da C\u00e2mara dos Deputados. \u201c\u00c9 um movimento cultural importante. O brega de certa maneira originou o arrocha&hellip;","jetpack_sharing_enabled":true,"jetpack_likes_enabled":true,"_links":{"self":[{"href":"https:\/\/blogopara.com.br\/index.php\/wp-json\/wp\/v2\/posts\/59635","targetHints":{"allow":["GET"]}}],"collection":[{"href":"https:\/\/blogopara.com.br\/index.php\/wp-json\/wp\/v2\/posts"}],"about":[{"href":"https:\/\/blogopara.com.br\/index.php\/wp-json\/wp\/v2\/types\/post"}],"author":[{"embeddable":true,"href":"https:\/\/blogopara.com.br\/index.php\/wp-json\/wp\/v2\/users\/1"}],"replies":[{"embeddable":true,"href":"https:\/\/blogopara.com.br\/index.php\/wp-json\/wp\/v2\/comments?post=59635"}],"version-history":[{"count":1,"href":"https:\/\/blogopara.com.br\/index.php\/wp-json\/wp\/v2\/posts\/59635\/revisions"}],"predecessor-version":[{"id":59638,"href":"https:\/\/blogopara.com.br\/index.php\/wp-json\/wp\/v2\/posts\/59635\/revisions\/59638"}],"wp:featuredmedia":[{"embeddable":true,"href":"https:\/\/blogopara.com.br\/index.php\/wp-json\/wp\/v2\/media\/59637"}],"wp:attachment":[{"href":"https:\/\/blogopara.com.br\/index.php\/wp-json\/wp\/v2\/media?parent=59635"}],"wp:term":[{"taxonomy":"category","embeddable":true,"href":"https:\/\/blogopara.com.br\/index.php\/wp-json\/wp\/v2\/categories?post=59635"},{"taxonomy":"post_tag","embeddable":true,"href":"https:\/\/blogopara.com.br\/index.php\/wp-json\/wp\/v2\/tags?post=59635"}],"curies":[{"name":"wp","href":"https:\/\/api.w.org\/{rel}","templated":true}]}}